{"id":1031,"date":"2020-03-03T10:06:45","date_gmt":"2020-03-03T13:06:45","guid":{"rendered":"https:\/\/elfederalmendoza.com\/?p=1031"},"modified":"2020-03-03T10:06:45","modified_gmt":"2020-03-03T13:06:45","slug":"el-blooper-del-ano-un-insolito-gol-en-contra-en-la-segunda-division-de-francia","status":"publish","type":"post","link":"https:\/\/elfederalmendoza.com.ar\/index.php\/2020\/03\/03\/el-blooper-del-ano-un-insolito-gol-en-contra-en-la-segunda-division-de-francia\/","title":{"rendered":"El blooper del a\u00f1o. Un ins\u00f3lito gol en contra en la segunda divisi\u00f3n de Francia"},"content":{"rendered":"<p>segunda divisi\u00f3n de Francia<\/p>\n<p>El arquero Brice Maubleu ya empieza a sufrir el gol en contra en la liga francesaEl arquero Brice Maubleu ya empieza a sufrir el gol en contra en la liga francesa<\/p>\n<p>n cada jornada aparece una jugada ins\u00f3lita que acapara la atenci\u00f3n. En esta oportunidad, en la Liga 2 de Francia, el arquero de Grenoble protagoniz\u00f3 el blooper del a\u00f1o: Brice Maubleu intent\u00f3 salir jugando con la mano y&#8230; termin\u00f3 por meter la pelota en su propio arco para que su equipo sufriera una derrota por 2-0.<\/p>\n<p>El blooper del a\u00f1o. Un ins\u00f3lito gol en contra en la segunda divisi\u00f3n de Francia00:49<br \/>\nLa acci\u00f3n se observ\u00f3 en el duelo entre Caen y Grenoble, cuando el equipo local ganaba 1-0. Maubleu busc\u00f3 una salida sobre el lateral zurdo y, en lugar de sacar el bal\u00f3n hacia delante, la pelota se le resbal\u00f3 y le sali\u00f3 el pase hacia atr\u00e1s. Con los nervios, el aquero franc\u00e9s intent\u00f3 atrapar la pelota, que se le hab\u00eda escapado, pero no tuvo esa fortuna y el juego se puso 2-0: \u00abHay noches oscuras y \u00e9sta es una de ellas. En el gol, quer\u00eda jugar r\u00e1pidamente para J\u00e9r\u00f4me Mombris, pero vi que no me estaba mirando, as\u00ed que cambi\u00e9 de decisi\u00f3n y luego la pelota se me escap\u00f3 de las manos\u00bb.<\/p>\n<p>Y continu\u00f3: \u00abLa posici\u00f3n del arquero est\u00e1 muy expuesta y se corren riesgos. Despu\u00e9s volv\u00ed al partido e hice varias atajadas que no se recuerdan. Tendr\u00e9 que trabajar duro para salir adelante, aunque seguro que me llegar\u00e1n muchas bromas en redes sociales\u00bb, coment\u00f3 Maubleu.<\/p>\n<p>El arquero de Grenoble, tambi\u00e9n record\u00f3 que el franc\u00e9s Mandanda, con el Marsella, en la temporada 2011-12 cometi\u00f3 un error similar en el partido que perdieron por 4-1 ante Valenciennes.<\/p>\n<p>https:\/\/www.youtube.com\/watch?v=IH9qzvAds9Y<\/p>\n","protected":false},"excerpt":{"rendered":"<p>segunda divisi\u00f3n de Francia El arquero Brice Maubleu ya empieza a sufrir el gol en contra en la liga francesaEl arquero Brice Maubleu ya empieza a sufrir el gol en contra en la liga francesa n cada jornada aparece una jugada ins\u00f3lita que acapara la atenci\u00f3n. En esta oportunidad, en la Liga 2 de Francia,<a class=\"read-more\" href=\"https:\/\/elfederalmendoza.com.ar\/index.php\/2020\/03\/03\/el-blooper-del-ano-un-insolito-gol-en-contra-en-la-segunda-division-de-francia\/\"> [&hellip;]<\/a><\/p>\n","protected":false},"author":2,"featured_media":1033,"comment_status":"open","ping_status":"open","sticky":false,"template":"","format":"image","meta":{"footnotes":""},"categories":[1],"tags":[375],"class_list":["post-1031","post","type-post","status-publish","format-image","has-post-thumbnail","hentry","category-mza","tag-brice-maubleu","post_format-post-format-image"],"rttpg_featured_image_url":{"full":["https:\/\/elfederalmendoza.com.ar\/wp-content\/uploads\/2020\/03\/3205606w1033.jpg",1033,688,false],"landscape":["https:\/\/elfederalmendoza.com.ar\/wp-content\/uploads\/2020\/03\/3205606w1033.jpg",1033,688,false],"portraits":["https:\/\/elfederalmendoza.com.ar\/wp-content\/uploads\/2020\/03\/3205606w1033.jpg",1033,688,false],"thumbnail":["https:\/\/elfederalmendoza.com.ar\/wp-content\/uploads\/2020\/03\/3205606w1033-150x150.jpg",150,150,true],"medium":["https:\/\/elfederalmendoza.com.ar\/wp-content\/uploads\/2020\/03\/3205606w1033-300x200.jpg",300,200,true],"large":["https:\/\/elfederalmendoza.com.ar\/wp-content\/uploads\/2020\/03\/3205606w1033-1024x682.jpg",640,426,true],"1536x1536":["https:\/\/elfederalmendoza.com.ar\/wp-content\/uploads\/2020\/03\/3205606w1033.jpg",1033,688,false],"2048x2048":["https:\/\/elfederalmendoza.com.ar\/wp-content\/uploads\/2020\/03\/3205606w1033.jpg",1033,688,false],"ultp_layout_landscape_large":["https:\/\/elfederalmendoza.com.ar\/wp-content\/uploads\/2020\/03\/3205606w1033.jpg",1033,688,false],"ultp_layout_landscape":["https:\/\/elfederalmendoza.com.ar\/wp-content\/uploads\/2020\/03\/3205606w1033.jpg",856,570,false],"ultp_layout_portrait":["https:\/\/elfederalmendoza.com.ar\/wp-content\/uploads\/2020\/03\/3205606w1033.jpg",600,400,false],"ultp_layout_square":["https:\/\/elfederalmendoza.com.ar\/wp-content\/uploads\/2020\/03\/3205606w1033.jpg",600,400,false],"rpwe-thumbnail":["https:\/\/elfederalmendoza.com.ar\/wp-content\/uploads\/2020\/03\/3205606w1033-45x45.jpg",45,45,true],"advps-thumb-one":["https:\/\/elfederalmendoza.com.ar\/wp-content\/uploads\/2020\/03\/3205606w1033-1033x420.jpg",1033,420,true]},"rttpg_author":{"display_name":"Redacci\u00f3n El Federal","author_link":"https:\/\/elfederalmendoza.com.ar\/index.php\/author\/angelflores\/"},"rttpg_comment":0,"rttpg_category":"<a href=\"https:\/\/elfederalmendoza.com.ar\/index.php\/category\/mza\/\" rel=\"category tag\">Mendoza<\/a>","rttpg_excerpt":"segunda divisi\u00f3n de Francia El arquero Brice Maubleu ya empieza a sufrir el gol en contra en la liga francesaEl arquero Brice Maubleu ya empieza a sufrir el gol en contra en la liga francesa n cada jornada aparece una jugada ins\u00f3lita que acapara la atenci\u00f3n. En esta oportunidad, en la Liga 2 de Francia,&hellip;","_links":{"self":[{"href":"https:\/\/elfederalmendoza.com.ar\/index.php\/wp-json\/wp\/v2\/posts\/1031","targetHints":{"allow":["GET"]}}],"collection":[{"href":"https:\/\/elfederalmendoza.com.ar\/index.php\/wp-json\/wp\/v2\/posts"}],"about":[{"href":"https:\/\/elfederalmendoza.com.ar\/index.php\/wp-json\/wp\/v2\/types\/post"}],"author":[{"embeddable":true,"href":"https:\/\/elfederalmendoza.com.ar\/index.php\/wp-json\/wp\/v2\/users\/2"}],"replies":[{"embeddable":true,"href":"https:\/\/elfederalmendoza.com.ar\/index.php\/wp-json\/wp\/v2\/comments?post=1031"}],"version-history":[{"count":2,"href":"https:\/\/elfederalmendoza.com.ar\/index.php\/wp-json\/wp\/v2\/posts\/1031\/revisions"}],"predecessor-version":[{"id":1034,"href":"https:\/\/elfederalmendoza.com.ar\/index.php\/wp-json\/wp\/v2\/posts\/1031\/revisions\/1034"}],"wp:featuredmedia":[{"embeddable":true,"href":"https:\/\/elfederalmendoza.com.ar\/index.php\/wp-json\/wp\/v2\/media\/1033"}],"wp:attachment":[{"href":"https:\/\/elfederalmendoza.com.ar\/index.php\/wp-json\/wp\/v2\/media?parent=1031"}],"wp:term":[{"taxonomy":"category","embeddable":true,"href":"https:\/\/elfederalmendoza.com.ar\/index.php\/wp-json\/wp\/v2\/categories?post=1031"},{"taxonomy":"post_tag","embeddable":true,"href":"https:\/\/elfederalmendoza.com.ar\/index.php\/wp-json\/wp\/v2\/tags?post=1031"}],"curies":[{"name":"wp","href":"https:\/\/api.w.org\/{rel}","templated":true}]}}