{"id":112,"date":"2019-10-25T06:21:10","date_gmt":"2019-10-25T09:21:10","guid":{"rendered":"https:\/\/elfederalmendoza.com\/?p=112"},"modified":"2019-10-25T12:25:13","modified_gmt":"2019-10-25T15:25:13","slug":"oriana-sabatini-se-desnudo-y-explotaron-las-redes-sociales","status":"publish","type":"post","link":"https:\/\/elfederalmendoza.com.ar\/index.php\/2019\/10\/25\/oriana-sabatini-se-desnudo-y-explotaron-las-redes-sociales\/","title":{"rendered":"Oriana Sabatini se desnud\u00f3 y explotaron las redes sociales"},"content":{"rendered":"<p><strong><a href=\"https:\/\/www.instagram.com\/orianasabatini\/\" target=\"_blank\" rel=\"noopener noreferrer\">Oriana Sabatini\u00a0<\/a><\/strong>se desnud\u00f3 para la revista\u00a0<strong><a href=\"https:\/\/www.instagram.com\/revistagenteok\/\" target=\"_blank\" rel=\"noopener noreferrer\">Gente<\/a><\/strong>\u00a0y comparti\u00f3 parte de su producci\u00f3n en su cuenta de Instagram.\u00a0La cantante es protagonista de la tapa del semanario donde revela cuestiones de su nueva vida junto al delantero de Juventus,\u00a0<a href=\"https:\/\/www.instagram.com\/paulodybala\/\" target=\"_blank\" rel=\"noopener noreferrer\"><strong>Paulo Dybala<\/strong><\/a>.<\/p>\n<p>\u00abEn todo ese tiempo que tom\u00e9 para ordenarme en soledad, tambi\u00e9n deb\u00ed definir cu\u00e1l ser\u00eda mi hogar-base. Necesito tener la certeza de volver siempre a un lugar, a mi casa. Pens\u00e9: \u00bfCu\u00e1nto tiempo estar\u00e9 en Italia? \u00bfPodr\u00e9 ir y venir? \u00bfCada cu\u00e1nto? Y lo charl\u00e9 mucho con Paulo, queriendo saber qu\u00e9 cre\u00eda \u00e9l de todo esto. Como tambi\u00e9n de la lejan\u00eda, porque a veces nos toca estar separados hasta por un mes y medio. Le plante\u00e9: \u201cUsemos la distancia a nuestro favor\u201d. Porque hace bien. Permite tener otras expectativas, valorar mucho m\u00e1s. \u00bfQu\u00e9 m\u00e1s lindo que extra\u00f1arse? A nosotros nos sirve un mont\u00f3n. Estoy convencida de que la convivencia desde tan chicos arruina a la pareja\u00bb, cuenta la modelo y cantante a la prestigiosa revista.<\/p>\n<p>&nbsp;<\/p>\n<blockquote class=\"instagram-media\" style=\"background: #FFF; border: 0; border-radius: 3px; box-shadow: 0 0 1px 0 rgba(0,0,0,0.5),0 1px 10px 0 rgba(0,0,0,0.15); margin: 1px; max-width: 540px; min-width: 326px; padding: 0; width: calc(100% - 2px);\" data-instgrm-captioned=\"\" data-instgrm-permalink=\"https:\/\/www.instagram.com\/p\/B376ttQla0s\/?utm_source=ig_embed&amp;utm_campaign=loading\" data-instgrm-version=\"12\">\n<div style=\"padding: 16px;\">\n<p>&nbsp;<\/p>\n<div style=\"display: flex; flex-direction: row; align-items: center;\">\n<div style=\"background-color: #f4f4f4; border-radius: 50%; flex-grow: 0; height: 40px; margin-right: 14px; width: 40px;\"><\/div>\n<div style=\"display: flex; flex-direction: column; flex-grow: 1; justify-content: center;\">\n<div style=\"background-color: #f4f4f4; border-radius: 4px; flex-grow: 0; height: 14px; margin-bottom: 6px; width: 100px;\"><\/div>\n<div style=\"background-color: #f4f4f4; border-radius: 4px; flex-grow: 0; height: 14px; width: 60px;\"><\/div>\n<\/div>\n<\/div>\n<div style=\"padding: 19% 0;\"><\/div>\n<div style=\"display: block; height: 50px; margin: 0 auto 12px; width: 50px;\"><\/div>\n<div style=\"padding-top: 8px;\">\n<div style=\"color: #3897f0; font-family: Arial,sans-serif; font-size: 14px; font-style: normal; font-weight: 550; line-height: 18px;\">Ver esta publicaci\u00f3n en Instagram<\/div>\n<\/div>\n<div style=\"padding: 12.5% 0;\"><\/div>\n<div style=\"display: flex; flex-direction: row; margin-bottom: 14px; align-items: center;\">\n<div>\n<div style=\"background-color: #f4f4f4; border-radius: 50%; height: 12.5px; width: 12.5px; transform: translateX(0px) translateY(7px);\"><\/div>\n<div style=\"background-color: #f4f4f4; height: 12.5px; transform: rotate(-45deg) translateX(3px) translateY(1px); width: 12.5px; flex-grow: 0; margin-right: 14px; margin-left: 2px;\"><\/div>\n<div style=\"background-color: #f4f4f4; border-radius: 50%; height: 12.5px; width: 12.5px; transform: translateX(9px) translateY(-18px);\"><\/div>\n<\/div>\n<div style=\"margin-left: 8px;\">\n<div style=\"background-color: #f4f4f4; border-radius: 50%; flex-grow: 0; height: 20px; width: 20px;\"><\/div>\n<div style=\"width: 0; height: 0; border-top: 2px solid transparent; border-left: 6px solid #f4f4f4; border-bottom: 2px solid transparent; transform: translateX(16px) translateY(-4px) rotate(30deg);\"><\/div>\n<\/div>\n<div style=\"margin-left: auto;\">\n<div style=\"width: 0px; border-top: 8px solid #F4F4F4; border-right: 8px solid transparent; transform: translateY(16px);\"><\/div>\n<div style=\"background-color: #f4f4f4; flex-grow: 0; height: 12px; width: 16px; transform: translateY(-4px);\"><\/div>\n<div style=\"width: 0; height: 0; border-top: 8px solid #F4F4F4; border-left: 8px solid transparent; transform: translateY(-4px) translateX(8px);\"><\/div>\n<\/div>\n<\/div>\n<p>&nbsp;<\/p>\n<p style=\"margin: 8px 0 0 0; padding: 0 4px;\"><a style=\"color: #000; font-family: Arial,sans-serif; font-size: 14px; font-style: normal; font-weight: normal; line-height: 17px; text-decoration: none; word-wrap: break-word;\" href=\"https:\/\/www.instagram.com\/p\/B376ttQla0s\/?utm_source=ig_embed&amp;utm_campaign=loading\" target=\"_blank\" rel=\"noopener noreferrer\">Out now @revistagenteok \ud83c\udf4a<\/a><\/p>\n<p style=\"color: #c9c8cd; font-family: Arial,sans-serif; font-size: 14px; line-height: 17px; margin-bottom: 0; margin-top: 8px; overflow: hidden; padding: 8px 0 7px; text-align: center; text-overflow: ellipsis; white-space: nowrap;\">Una publicaci\u00f3n compartida por <a style=\"color: #c9c8cd; font-family: Arial,sans-serif; font-size: 14px; font-style: normal; font-weight: normal; line-height: 17px;\" href=\"https:\/\/www.instagram.com\/orianasabatini\/?utm_source=ig_embed&amp;utm_campaign=loading\" target=\"_blank\" rel=\"noopener noreferrer\"> \u306e \u5c3a \uff89 \uff91 \u5200 \uff91<\/a> (@orianasabatini) el <time style=\"font-family: Arial,sans-serif; font-size: 14px; line-height: 17px;\" datetime=\"2019-10-22T21:51:10+00:00\">22 de Oct de 2019 a las 2:51 PDT<\/time><\/p>\n<\/div>\n<\/blockquote>\n<p><script async src=\"\/\/www.instagram.com\/embed.js\"><\/script><\/p>\n","protected":false},"excerpt":{"rendered":"<p>Oriana Sabatini\u00a0se desnud\u00f3 para la revista\u00a0Gente\u00a0y comparti\u00f3 parte de su producci\u00f3n en su cuenta de Instagram.\u00a0La cantante es protagonista de la tapa del semanario donde revela cuestiones de su nueva vida junto al delantero de Juventus,\u00a0Paulo Dybala. \u00abEn todo ese tiempo que tom\u00e9 para ordenarme en soledad, tambi\u00e9n deb\u00ed definir cu\u00e1l ser\u00eda mi hogar-base. Necesito<a class=\"read-more\" href=\"https:\/\/elfederalmendoza.com.ar\/index.php\/2019\/10\/25\/oriana-sabatini-se-desnudo-y-explotaron-las-redes-sociales\/\"> [&hellip;]<\/a><\/p>\n","protected":false},"author":2,"featured_media":114,"comment_status":"open","ping_status":"open","sticky":false,"template":"","format":"image","meta":{"footnotes":""},"categories":[1],"tags":[24],"class_list":["post-112","post","type-post","status-publish","format-image","has-post-thumbnail","hentry","category-mza","tag-oriana-sabatini","post_format-post-format-image"],"rttpg_featured_image_url":{"full":["https:\/\/elfederalmendoza.com.ar\/wp-content\/uploads\/2019\/10\/293954_20180713091822.jpg",800,450,false],"landscape":["https:\/\/elfederalmendoza.com.ar\/wp-content\/uploads\/2019\/10\/293954_20180713091822.jpg",800,450,false],"portraits":["https:\/\/elfederalmendoza.com.ar\/wp-content\/uploads\/2019\/10\/293954_20180713091822.jpg",800,450,false],"thumbnail":["https:\/\/elfederalmendoza.com.ar\/wp-content\/uploads\/2019\/10\/293954_20180713091822-150x150.jpg",150,150,true],"medium":["https:\/\/elfederalmendoza.com.ar\/wp-content\/uploads\/2019\/10\/293954_20180713091822-300x169.jpg",300,169,true],"large":["https:\/\/elfederalmendoza.com.ar\/wp-content\/uploads\/2019\/10\/293954_20180713091822.jpg",640,360,false],"1536x1536":["https:\/\/elfederalmendoza.com.ar\/wp-content\/uploads\/2019\/10\/293954_20180713091822.jpg",800,450,false],"2048x2048":["https:\/\/elfederalmendoza.com.ar\/wp-content\/uploads\/2019\/10\/293954_20180713091822.jpg",800,450,false],"ultp_layout_landscape_large":["https:\/\/elfederalmendoza.com.ar\/wp-content\/uploads\/2019\/10\/293954_20180713091822.jpg",800,450,false],"ultp_layout_landscape":["https:\/\/elfederalmendoza.com.ar\/wp-content\/uploads\/2019\/10\/293954_20180713091822.jpg",800,450,false],"ultp_layout_portrait":["https:\/\/elfederalmendoza.com.ar\/wp-content\/uploads\/2019\/10\/293954_20180713091822.jpg",600,338,false],"ultp_layout_square":["https:\/\/elfederalmendoza.com.ar\/wp-content\/uploads\/2019\/10\/293954_20180713091822.jpg",600,338,false],"rpwe-thumbnail":["https:\/\/elfederalmendoza.com.ar\/wp-content\/uploads\/2019\/10\/293954_20180713091822-45x45.jpg",45,45,true],"advps-thumb-one":["https:\/\/elfederalmendoza.com.ar\/wp-content\/uploads\/2019\/10\/293954_20180713091822-600x220.jpg",600,220,true]},"rttpg_author":{"display_name":"Redacci\u00f3n El Federal","author_link":"https:\/\/elfederalmendoza.com.ar\/index.php\/author\/angelflores\/"},"rttpg_comment":0,"rttpg_category":"<a href=\"https:\/\/elfederalmendoza.com.ar\/index.php\/category\/mza\/\" rel=\"category tag\">Mendoza<\/a>","rttpg_excerpt":"Oriana Sabatini\u00a0se desnud\u00f3 para la revista\u00a0Gente\u00a0y comparti\u00f3 parte de su producci\u00f3n en su cuenta de Instagram.\u00a0La cantante es protagonista de la tapa del semanario donde revela cuestiones de su nueva vida junto al delantero de Juventus,\u00a0Paulo Dybala. \u00abEn todo ese tiempo que tom\u00e9 para ordenarme en soledad, tambi\u00e9n deb\u00ed definir cu\u00e1l ser\u00eda mi hogar-base. Necesito&hellip;","_links":{"self":[{"href":"https:\/\/elfederalmendoza.com.ar\/index.php\/wp-json\/wp\/v2\/posts\/112","targetHints":{"allow":["GET"]}}],"collection":[{"href":"https:\/\/elfederalmendoza.com.ar\/index.php\/wp-json\/wp\/v2\/posts"}],"about":[{"href":"https:\/\/elfederalmendoza.com.ar\/index.php\/wp-json\/wp\/v2\/types\/post"}],"author":[{"embeddable":true,"href":"https:\/\/elfederalmendoza.com.ar\/index.php\/wp-json\/wp\/v2\/users\/2"}],"replies":[{"embeddable":true,"href":"https:\/\/elfederalmendoza.com.ar\/index.php\/wp-json\/wp\/v2\/comments?post=112"}],"version-history":[{"count":1,"href":"https:\/\/elfederalmendoza.com.ar\/index.php\/wp-json\/wp\/v2\/posts\/112\/revisions"}],"predecessor-version":[{"id":113,"href":"https:\/\/elfederalmendoza.com.ar\/index.php\/wp-json\/wp\/v2\/posts\/112\/revisions\/113"}],"wp:featuredmedia":[{"embeddable":true,"href":"https:\/\/elfederalmendoza.com.ar\/index.php\/wp-json\/wp\/v2\/media\/114"}],"wp:attachment":[{"href":"https:\/\/elfederalmendoza.com.ar\/index.php\/wp-json\/wp\/v2\/media?parent=112"}],"wp:term":[{"taxonomy":"category","embeddable":true,"href":"https:\/\/elfederalmendoza.com.ar\/index.php\/wp-json\/wp\/v2\/categories?post=112"},{"taxonomy":"post_tag","embeddable":true,"href":"https:\/\/elfederalmendoza.com.ar\/index.php\/wp-json\/wp\/v2\/tags?post=112"}],"curies":[{"name":"wp","href":"https:\/\/api.w.org\/{rel}","templated":true}]}}