{"id":125,"date":"2019-10-25T04:49:16","date_gmt":"2019-10-25T07:49:16","guid":{"rendered":"https:\/\/elfederalmendoza.com\/?p=125"},"modified":"2019-10-25T13:54:00","modified_gmt":"2019-10-25T16:54:00","slug":"video-sensible-al-lector-militar-dispara-contra-un-manifestante-en-chile","status":"publish","type":"post","link":"https:\/\/elfederalmendoza.com.ar\/index.php\/2019\/10\/25\/video-sensible-al-lector-militar-dispara-contra-un-manifestante-en-chile\/","title":{"rendered":"-VIDEO SENSIBLE AL LECTOR- Militar dispara contra un manifestante en Chile"},"content":{"rendered":"<p>En medio de la tensi\u00f3n en\u00a0<strong>Chile<\/strong>, las redes sociales se hacen eco de episodios violentos.\u00a0<strong>Es el caso del video de un militar que le dispara a un manifestante y lo deja inmovilizado en el suelo.<\/strong><\/p>\n<p>La informaci\u00f3n fue chequeada por\u00a0<strong>Biobiochile.cl<\/strong>, que confirma que el ataque ocurri\u00f3 durante el toque de queda, en un sector de<strong>\u00a0plaza Carlos Condell<\/strong>\u00a0en\u00a0<strong>Concepci\u00f3n<\/strong>.<\/p>\n<div class=\"peperito-text\">\n<div class=\"col-xs-20\">\n<h5><span style=\"font-size: 16px;\">En ese momento, los uniformados demoraron a un grupo de personas, por lo que el hombre y otro sujeto m\u00e1s se escondieron. Fue una vecina quien alert\u00f3 a los funcionarios del Ej\u00e9rcito el lugar donde estaba el manifestante.\u00a0<\/span><\/h5>\n<\/div>\n<\/div>\n<div class=\"clearfix\"><\/div>\n<div class=\"inline-container\"><iframe loading=\"lazy\" src=\"https:\/\/rudo.video\/vod\/bIxiFl\/skin\/simple\/o\/MjAxOS8xMC9jYXB0dXJhLTEtNzE4eDQwMC5wbmc=?autostart=false\" width=\"600\" height=\"338\" frameborder=\"0\" allowfullscreen=\"allowfullscreen\" data-mce-fragment=\"1\"><\/iframe><\/p>\n<div class=\"image-caption\"><strong>Video del ataque<\/strong><\/div>\n<\/div>\n<p><strong>El joven no acat\u00f3 la orden solicitada por las autoridades y recibi\u00f3 finalmente el disparo del militar.<\/strong>\u00a0Luego al sujeto lo dieron vuelta bruscamente y se aprecia c\u00f3mo cae un elemento que aparentemente, pareciera ser un l\u00e1piz o un atornillador.<\/p>\n<div id=\"hybs-mslot-94ff6e00-0\" class=\"hybs-mslot\">Despu\u00e9s del disparo, el manifestante fue trasladado al Hospital Regional, donde se determin\u00f3 que presentaba <strong>heridas leves<\/strong>. Finalmente, el hombre qued\u00f3\u00a0<strong>detenido en la Segunda Comisar\u00eda de Carabineros de Concepci\u00f3n.<\/strong><\/div>\n","protected":false},"excerpt":{"rendered":"<p>En medio de la tensi\u00f3n en\u00a0Chile, las redes sociales se hacen eco de episodios violentos.\u00a0Es el caso del video de un militar que le dispara a un manifestante y lo deja inmovilizado en el suelo. La informaci\u00f3n fue chequeada por\u00a0Biobiochile.cl, que confirma que el ataque ocurri\u00f3 durante el toque de queda, en un sector de\u00a0plaza<a class=\"read-more\" href=\"https:\/\/elfederalmendoza.com.ar\/index.php\/2019\/10\/25\/video-sensible-al-lector-militar-dispara-contra-un-manifestante-en-chile\/\"> [&hellip;]<\/a><\/p>\n","protected":false},"author":2,"featured_media":126,"comment_status":"open","ping_status":"open","sticky":false,"template":"","format":"video","meta":{"footnotes":""},"categories":[1],"tags":[36,38,37,39],"class_list":["post-125","post","type-post","status-publish","format-video","has-post-thumbnail","hentry","category-mza","tag-chile","tag-disparo","tag-militar","tag-represion","post_format-post-format-video"],"rttpg_featured_image_url":{"full":["https:\/\/elfederalmendoza.com.ar\/wp-content\/uploads\/2019\/10\/tiro1.jpg",1132,774,false],"landscape":["https:\/\/elfederalmendoza.com.ar\/wp-content\/uploads\/2019\/10\/tiro1.jpg",1132,774,false],"portraits":["https:\/\/elfederalmendoza.com.ar\/wp-content\/uploads\/2019\/10\/tiro1.jpg",1132,774,false],"thumbnail":["https:\/\/elfederalmendoza.com.ar\/wp-content\/uploads\/2019\/10\/tiro1-150x150.jpg",150,150,true],"medium":["https:\/\/elfederalmendoza.com.ar\/wp-content\/uploads\/2019\/10\/tiro1-300x205.jpg",300,205,true],"large":["https:\/\/elfederalmendoza.com.ar\/wp-content\/uploads\/2019\/10\/tiro1-1024x700.jpg",640,438,true],"1536x1536":["https:\/\/elfederalmendoza.com.ar\/wp-content\/uploads\/2019\/10\/tiro1.jpg",1132,774,false],"2048x2048":["https:\/\/elfederalmendoza.com.ar\/wp-content\/uploads\/2019\/10\/tiro1.jpg",1132,774,false],"ultp_layout_landscape_large":["https:\/\/elfederalmendoza.com.ar\/wp-content\/uploads\/2019\/10\/tiro1.jpg",1132,774,false],"ultp_layout_landscape":["https:\/\/elfederalmendoza.com.ar\/wp-content\/uploads\/2019\/10\/tiro1.jpg",834,570,false],"ultp_layout_portrait":["https:\/\/elfederalmendoza.com.ar\/wp-content\/uploads\/2019\/10\/tiro1.jpg",600,410,false],"ultp_layout_square":["https:\/\/elfederalmendoza.com.ar\/wp-content\/uploads\/2019\/10\/tiro1.jpg",600,410,false],"rpwe-thumbnail":["https:\/\/elfederalmendoza.com.ar\/wp-content\/uploads\/2019\/10\/tiro1-45x45.jpg",45,45,true],"advps-thumb-one":["https:\/\/elfederalmendoza.com.ar\/wp-content\/uploads\/2019\/10\/tiro1-600x220.jpg",600,220,true]},"rttpg_author":{"display_name":"Redacci\u00f3n El Federal","author_link":"https:\/\/elfederalmendoza.com.ar\/index.php\/author\/angelflores\/"},"rttpg_comment":0,"rttpg_category":"<a href=\"https:\/\/elfederalmendoza.com.ar\/index.php\/category\/mza\/\" rel=\"category tag\">Mendoza<\/a>","rttpg_excerpt":"En medio de la tensi\u00f3n en\u00a0Chile, las redes sociales se hacen eco de episodios violentos.\u00a0Es el caso del video de un militar que le dispara a un manifestante y lo deja inmovilizado en el suelo. La informaci\u00f3n fue chequeada por\u00a0Biobiochile.cl, que confirma que el ataque ocurri\u00f3 durante el toque de queda, en un sector de\u00a0plaza&hellip;","_links":{"self":[{"href":"https:\/\/elfederalmendoza.com.ar\/index.php\/wp-json\/wp\/v2\/posts\/125","targetHints":{"allow":["GET"]}}],"collection":[{"href":"https:\/\/elfederalmendoza.com.ar\/index.php\/wp-json\/wp\/v2\/posts"}],"about":[{"href":"https:\/\/elfederalmendoza.com.ar\/index.php\/wp-json\/wp\/v2\/types\/post"}],"author":[{"embeddable":true,"href":"https:\/\/elfederalmendoza.com.ar\/index.php\/wp-json\/wp\/v2\/users\/2"}],"replies":[{"embeddable":true,"href":"https:\/\/elfederalmendoza.com.ar\/index.php\/wp-json\/wp\/v2\/comments?post=125"}],"version-history":[{"count":1,"href":"https:\/\/elfederalmendoza.com.ar\/index.php\/wp-json\/wp\/v2\/posts\/125\/revisions"}],"predecessor-version":[{"id":127,"href":"https:\/\/elfederalmendoza.com.ar\/index.php\/wp-json\/wp\/v2\/posts\/125\/revisions\/127"}],"wp:featuredmedia":[{"embeddable":true,"href":"https:\/\/elfederalmendoza.com.ar\/index.php\/wp-json\/wp\/v2\/media\/126"}],"wp:attachment":[{"href":"https:\/\/elfederalmendoza.com.ar\/index.php\/wp-json\/wp\/v2\/media?parent=125"}],"wp:term":[{"taxonomy":"category","embeddable":true,"href":"https:\/\/elfederalmendoza.com.ar\/index.php\/wp-json\/wp\/v2\/categories?post=125"},{"taxonomy":"post_tag","embeddable":true,"href":"https:\/\/elfederalmendoza.com.ar\/index.php\/wp-json\/wp\/v2\/tags?post=125"}],"curies":[{"name":"wp","href":"https:\/\/api.w.org\/{rel}","templated":true}]}}