{"id":128,"date":"2019-10-25T14:00:03","date_gmt":"2019-10-25T17:00:03","guid":{"rendered":"https:\/\/elfederalmendoza.com\/?p=128"},"modified":"2019-10-25T14:00:03","modified_gmt":"2019-10-25T17:00:03","slug":"pequena-corrida-en-mendoza-casas-de-cambio-dejaron-de-vender-dolares","status":"publish","type":"post","link":"https:\/\/elfederalmendoza.com.ar\/index.php\/2019\/10\/25\/pequena-corrida-en-mendoza-casas-de-cambio-dejaron-de-vender-dolares\/","title":{"rendered":"\u00bfPeque\u00f1a corrida en Mendoza? casas de cambio dejaron de vender d\u00f3lares"},"content":{"rendered":"<p>La incertidumbre de qu\u00e9 ir\u00e1 a pasar con la econom\u00eda post elecciones se sinti\u00f3 en\u00a0<strong>Mendoza\u00a0<\/strong>en la \u00faltima jornada de operaciones, seg\u00fan la cr\u00f3nica de Diario Los Andes.<\/p>\n<p>De manera constante y hasta el cierre de las casas de cambio,\u00a0<strong>se formaron filas\u00a0entre 20 y\u00a030 personas que esperaban poder realizar sus tr\u00e1mites.<\/strong> Muchas de ellas manifestaron grandes preocupaciones por lo que pueda pasar despu\u00e9s de las elecciones.<\/p>\n<div class=\"peperito-text\">\n<div class=\"col-xs-20\">\n<h5><span style=\"font-size: 16px;\">Las cotizaciones del d\u00f3lar fueron variando en un lugar y en otro. <\/span><strong style=\"font-size: 16px;\">En Cambio Santiago la compra estaba a $65 y la venta a $71. En Bamensa la compra estaba a $65 y la venta a $72. Pero estos n\u00fameros tambi\u00e9n fueron variando.\u00a0<\/strong><\/h5>\n<\/div>\n<\/div>\n<p>Desde temprano en\u00a0la ma\u00f1ana de este viernes la gente sali\u00f3 a la calle por el cambio de billetes. y en algunas casas de cambio las operaciones no duraron hasta las 13 horas como se acostumbra, y alrededor de las 11:20 de la ma\u00f1ana Cambio Maguitur cerr\u00f3 su sucursal.<\/p>\n<div id=\"hybs-mslot-94ff6e00-0\" class=\"hybs-mslot\">Igualmente, en Cambio Santiago se acab\u00f3 la venta de d\u00f3lares a las 11.30 de la ma\u00f1ana aproximadamente. Por ese motivo, mucha gente que estaba all\u00ed presente se dirigi\u00f3 a otras casas de la zona. Dos de ellas fueron Cambio Maguitur y Bamensa, que tambi\u00e9n se vieron muy concurridas.<\/div>\n<div class=\"peperito-text\">\n<div class=\"col-xs-20\">\n<h5><span style=\"font-size: 16px;\">Sin embargo, Montemar, por ejemplo, continu\u00f3 operando como habituamente lo hacen en todas sus sucursales.<\/span><\/h5>\n<p>Fuente: Diario Los Andes<\/p>\n<\/div>\n<\/div>\n","protected":false},"excerpt":{"rendered":"<p>La incertidumbre de qu\u00e9 ir\u00e1 a pasar con la econom\u00eda post elecciones se sinti\u00f3 en\u00a0Mendoza\u00a0en la \u00faltima jornada de operaciones, seg\u00fan la cr\u00f3nica de Diario Los Andes. De manera constante y hasta el cierre de las casas de cambio,\u00a0se formaron filas\u00a0entre 20 y\u00a030 personas que esperaban poder realizar sus tr\u00e1mites. Muchas de ellas manifestaron grandes<a class=\"read-more\" href=\"https:\/\/elfederalmendoza.com.ar\/index.php\/2019\/10\/25\/pequena-corrida-en-mendoza-casas-de-cambio-dejaron-de-vender-dolares\/\"> [&hellip;]<\/a><\/p>\n","protected":false},"author":2,"featured_media":129,"comment_status":"open","ping_status":"open","sticky":false,"template":"","format":"image","meta":{"footnotes":""},"categories":[1],"tags":[41,12,11,40],"class_list":["post-128","post","type-post","status-publish","format-image","has-post-thumbnail","hentry","category-mza","tag-corrida","tag-dolar","tag-mendoza","tag-venta","post_format-post-format-image"],"rttpg_featured_image_url":{"full":["https:\/\/elfederalmendoza.com.ar\/wp-content\/uploads\/2019\/10\/image5db3235471052.jpeg",945,532,false],"landscape":["https:\/\/elfederalmendoza.com.ar\/wp-content\/uploads\/2019\/10\/image5db3235471052.jpeg",945,532,false],"portraits":["https:\/\/elfederalmendoza.com.ar\/wp-content\/uploads\/2019\/10\/image5db3235471052.jpeg",945,532,false],"thumbnail":["https:\/\/elfederalmendoza.com.ar\/wp-content\/uploads\/2019\/10\/image5db3235471052-150x150.jpeg",150,150,true],"medium":["https:\/\/elfederalmendoza.com.ar\/wp-content\/uploads\/2019\/10\/image5db3235471052-300x169.jpeg",300,169,true],"large":["https:\/\/elfederalmendoza.com.ar\/wp-content\/uploads\/2019\/10\/image5db3235471052.jpeg",640,360,false],"1536x1536":["https:\/\/elfederalmendoza.com.ar\/wp-content\/uploads\/2019\/10\/image5db3235471052.jpeg",945,532,false],"2048x2048":["https:\/\/elfederalmendoza.com.ar\/wp-content\/uploads\/2019\/10\/image5db3235471052.jpeg",945,532,false],"ultp_layout_landscape_large":["https:\/\/elfederalmendoza.com.ar\/wp-content\/uploads\/2019\/10\/image5db3235471052.jpeg",945,532,false],"ultp_layout_landscape":["https:\/\/elfederalmendoza.com.ar\/wp-content\/uploads\/2019\/10\/image5db3235471052.jpeg",870,490,false],"ultp_layout_portrait":["https:\/\/elfederalmendoza.com.ar\/wp-content\/uploads\/2019\/10\/image5db3235471052.jpeg",600,338,false],"ultp_layout_square":["https:\/\/elfederalmendoza.com.ar\/wp-content\/uploads\/2019\/10\/image5db3235471052.jpeg",600,338,false],"rpwe-thumbnail":["https:\/\/elfederalmendoza.com.ar\/wp-content\/uploads\/2019\/10\/image5db3235471052-45x45.jpeg",45,45,true],"advps-thumb-one":["https:\/\/elfederalmendoza.com.ar\/wp-content\/uploads\/2019\/10\/image5db3235471052-600x220.jpeg",600,220,true]},"rttpg_author":{"display_name":"Redacci\u00f3n El Federal","author_link":"https:\/\/elfederalmendoza.com.ar\/index.php\/author\/angelflores\/"},"rttpg_comment":0,"rttpg_category":"<a href=\"https:\/\/elfederalmendoza.com.ar\/index.php\/category\/mza\/\" rel=\"category tag\">Mendoza<\/a>","rttpg_excerpt":"La incertidumbre de qu\u00e9 ir\u00e1 a pasar con la econom\u00eda post elecciones se sinti\u00f3 en\u00a0Mendoza\u00a0en la \u00faltima jornada de operaciones, seg\u00fan la cr\u00f3nica de Diario Los Andes. De manera constante y hasta el cierre de las casas de cambio,\u00a0se formaron filas\u00a0entre 20 y\u00a030 personas que esperaban poder realizar sus tr\u00e1mites. Muchas de ellas manifestaron grandes&hellip;","_links":{"self":[{"href":"https:\/\/elfederalmendoza.com.ar\/index.php\/wp-json\/wp\/v2\/posts\/128","targetHints":{"allow":["GET"]}}],"collection":[{"href":"https:\/\/elfederalmendoza.com.ar\/index.php\/wp-json\/wp\/v2\/posts"}],"about":[{"href":"https:\/\/elfederalmendoza.com.ar\/index.php\/wp-json\/wp\/v2\/types\/post"}],"author":[{"embeddable":true,"href":"https:\/\/elfederalmendoza.com.ar\/index.php\/wp-json\/wp\/v2\/users\/2"}],"replies":[{"embeddable":true,"href":"https:\/\/elfederalmendoza.com.ar\/index.php\/wp-json\/wp\/v2\/comments?post=128"}],"version-history":[{"count":1,"href":"https:\/\/elfederalmendoza.com.ar\/index.php\/wp-json\/wp\/v2\/posts\/128\/revisions"}],"predecessor-version":[{"id":130,"href":"https:\/\/elfederalmendoza.com.ar\/index.php\/wp-json\/wp\/v2\/posts\/128\/revisions\/130"}],"wp:featuredmedia":[{"embeddable":true,"href":"https:\/\/elfederalmendoza.com.ar\/index.php\/wp-json\/wp\/v2\/media\/129"}],"wp:attachment":[{"href":"https:\/\/elfederalmendoza.com.ar\/index.php\/wp-json\/wp\/v2\/media?parent=128"}],"wp:term":[{"taxonomy":"category","embeddable":true,"href":"https:\/\/elfederalmendoza.com.ar\/index.php\/wp-json\/wp\/v2\/categories?post=128"},{"taxonomy":"post_tag","embeddable":true,"href":"https:\/\/elfederalmendoza.com.ar\/index.php\/wp-json\/wp\/v2\/tags?post=128"}],"curies":[{"name":"wp","href":"https:\/\/api.w.org\/{rel}","templated":true}]}}