{"id":134,"date":"2019-10-25T05:29:58","date_gmt":"2019-10-25T08:29:58","guid":{"rendered":"https:\/\/elfederalmendoza.com\/?p=134"},"modified":"2019-10-25T14:30:39","modified_gmt":"2019-10-25T17:30:39","slug":"gallardo-sin-filtro-nos-cobraron-27-faltas-de-las-cuales-12-o-13-fueron-inexistentes","status":"publish","type":"post","link":"https:\/\/elfederalmendoza.com.ar\/index.php\/2019\/10\/25\/gallardo-sin-filtro-nos-cobraron-27-faltas-de-las-cuales-12-o-13-fueron-inexistentes\/","title":{"rendered":"Gallardo sin filtro: \u201cNos cobraron 27 faltas de las cuales 12 \u00f3 13 fueron inexistentes\u00bb"},"content":{"rendered":"<h2>El Mu\u00f1eco habl\u00f3 dos d\u00edas despu\u00e9s de la hist\u00f3rica clasificaci\u00f3n a la final de la Copa Libertadores y no se olvid\u00f3 del juez Wilton Sampaio. \u201cNos cobraron 27 faltas de las cuales 12 \u00f3 13 fueron inexistentes. Te pod\u00e9s equivocar, pero en m\u00e1s de 12 faltas&#8230;\u201d, solt\u00f3 el DT.<\/h2>\n<p><strong>Marcelo Gallardo<\/strong>\u00a0habl\u00f3 largo y tendido. M\u00e1s relajado luego de la clasificaci\u00f3n a la final, menos euf\u00f3rico que en la noche en la Bombonera, el entrenador de River igual record\u00f3 el arbitraje del brasile\u00f1o Wilton Sampaio m\u00e1s all\u00e1 de haber logrado el pase al partido decisivo ante Flamengo. Adem\u00e1s, toc\u00f3 varios temas.<\/p>\n<p>\u00abLuego de unos d\u00edas, con mayor serenidad, repasando y viendo<strong>, valoro mucho mas la clasificaci\u00f3n porque no era un partido f\u00e1cil para nosotros, el contexto no era f\u00e1cil.<\/strong>\u00a0Y bueno, m\u00e1s all\u00e1 de tener la idea de jugarlo como habitualmente queremos hacerlo, tal vez no lo pudimos hacer producto de la exigencia de Boca, que impon\u00eda tener que ir a buscar el resultado, ganar esas pelotas \u00e1reas, esa segunda pelota a la cual nos someti\u00f3 permanentemente, ah\u00ed nos sentimos inc\u00f3modos\u00bb, arranc\u00f3 el entrenador millonario.<\/p>\n<p>&nbsp;<\/p>\n<div class=\"sp__Normal\">\n<div class=\"genoaFrame\">\n<div class=\"genoaContainer\"><iframe class=\"geonaPlayerIframe\" src=\"https:\/\/api.vodgc.net\/player\/v2\/embed\/playerId\/PQYJ7P1510330862\/contentId\/832425?autoplay=no&amp;external_playlist=832417,832227,832226,832107,832099,832097,832044,832013,831433\" frameborder=\"0\" scrolling=\"no\" allowfullscreen=\"allowfullscreen\" data-id=\"832425\" data-welo-id=\"\" data-mce-fragment=\"1\"><\/iframe><\/div>\n<div><\/div>\n<\/div>\n<\/div>\n<p>Pero lo mejor estaba por venir<strong>. \u00abM\u00e1s las decisiones arbitrarias, que para mi gusto fueron escandalosas.<\/strong>\u00a0Hoy no las digamos con exaltaci\u00f3n porque conseguimos la clasificaci\u00f3n, pero hubo decisiones -fueron much\u00edsimas-\u00a0muy evidentes y\u00a0a la vista de todos.\u00a0<strong>Con un an\u00e1lisis m\u00e1s sereno y por medios que se hicieron eco del pobr\u00edsimo desempe\u00f1o de Sampaio, nos cobraron 27 faltas de las cuales 12 \u00f3 13 fueron inexistentes.<\/strong>\u00a0<strong><mark>Te pod\u00e9s equivocar, pero \u00bfen m\u00e1s de 12 faltas..?<\/mark><\/strong> Eso nos fue llevando (hacia atr\u00e1s), m\u00e1s la exigencia de Boca. As\u00ed y todo aguantamos bastante bien. Los jugadores tambi\u00e9n sintieron impotencia de no poder salir de esas decisiones que nos impon\u00edan\u00bb, se descarg\u00f3.<\/p>\n<p><strong>El partido en la Bombonera y qu\u00e9 dijo en el entretiempo:<\/strong>\u00a0\u00abSab\u00edamos que \u00edbamos a tener un partido muy complejo, dif\u00edcil, por la necesidad de Boca de jugar en su cancha, con su gente y con un resultado adverso. Ellos iban a intentar imponer sus condiciones desde sus caracter\u00edsticas. Y lo hicieron\u00a0a trav\u00e9s de las pelotas a\u00e9reas, la pelota parada que es su fuerte, porque es una virtud grande que tienen en ese\u00a0juego. Nosotros no pudimos conectarnos, tuvimos imprecisiones y\u00a0no pudimos encontrar nuestro juego. Pero lo que enumer\u00e9 antes (sobre las faltas cobradas por el \u00e1rbitro) nos llev\u00f3 tambi\u00e9n a cometer errores, a pasar por un momento de nerviosismo&#8230; Aunque\u00a0tuvimos la mentalidad y el enfoque necesarios. Es dif\u00edcil eso tambi\u00e9n, eh&#8230; Las pulsaciones dentro de la cancha van a mil.\u00a0<strong>En el entretiempo les dije a mis jugadores que tuvi\u00e9ramos cuidado en acercarnos a los jugadores de Boca, que evit\u00e1ramos el contacto.<\/strong>\u00a0Y en cuanto a nuestro juego, as\u00ed como tenemos la iniciativa, nosotros tambi\u00e9n atacamos en base al\u00a0<em>robo<\/em>\u00a0de la pelota.<strong>\u00a0Y no pod\u00edamos robarla porque todo contacto era pitazo del \u00e1rbitro<\/strong>. No pudimos atacar con la continuidad con la que lo hacemos habitualmente. Por eso le doy mucho valor a la clasificaci\u00f3n\u00bb.<\/p>\n<p><strong>Su desahogo en el t\u00fanel de la Bombonera:<\/strong>\u00a0\u00abBueno&#8230; Eso tiene que ver con la tensi\u00f3n con la que uno vive los partidos. Estos partidos generan este tipo de cuestiones, el desahogo final&#8230; No es f\u00e1cil vivirlos. Cuando ya termina todo viene el desahogo.\u00a0<strong>Yo me muestro tal cual soy y a veces, cuando me veo, me da un poco de verg\u00fcenza, je&#8230;\u00a0<\/strong>Fue el desahogo de un momento de much\u00edsima tensi\u00f3n y de lo que representa volver a estar en una final de Copa Libertadores. Es incre\u00edble&#8230;<strong>\u00a0El a\u00f1o pasado hab\u00edamos ganado la final ante el cl\u00e1sico rival, es un hecho hist\u00f3rico que pasa una vez en la vida y no creo que vuelva a pasar.<\/strong> Y el hecho de no caer en la relajaci\u00f3n y volver a enchufarse para competir y estar a la altura de lo que es este club, no es f\u00e1cil. Y sin embargo volvimos y estamos otra vez en la final\u00bb.<\/p>\n<p><strong>La final con Flamengo:<\/strong>\u00a0\u00abNos tenemos que preparar para lo que viene. Tenemos cuatro partidos antes.<strong>\u00a0Vamos a enfrentar a un equipo fuerte, que viene de menor a mayor y que hoy est\u00e1 en su pico m\u00e1ximo de rendimiento.\u00a0<\/strong>Demostr\u00f3 ser un justo finalista de esta Copa. Creo que llegaron a la final dos equipos que hicieron m\u00e9ritos para eso. No s\u00e9 si el inicio fue el mismo de Flamengo que el nuestro, pero los dos llegamos en un buen momento. Creo que es una final merecida para ambos.<strong>\u00a0Vamos a enfrentar a un equipo muy poderoso, con muy buenos jugadores y con un entrenador que lleg\u00f3 este a\u00f1o y tom\u00f3 las riendas y lo convirti\u00f3 en este equipo que es hoy.\u00a0<\/strong>Adem\u00e1s, tiene mucha experiencia, ha estado en otras finales y, bueno, enfrentaremos a un rival de much\u00edsima jerarqu\u00eda\u00bb.<\/p>\n<p><strong>Ponzio, Pratto y Juanfer Quintero en\u00a0la final:<\/strong>\u00a0\u00bb Yo pienso en general y eso incluye\u00a0pensar en todos. S\u00ed intentamos que los\u00a0jugadores\u00a0que necesitan mayor din\u00e1mica en su juego puedan ir recuperando el tiempo perdido, como en el caso de Leo (Ponzio), que estuvo mucho tiempo lesionado, o en el caso de Pratto, que tambi\u00e9n\u00a0sigue intentando buscar su mejor forma, o el de Quintero. La idea es que se recuperen para\u00a0tenerlos en la mejor forma para la final.\u00a0En base a lo que ellos hagan y al rendimiento que tengan&#8230; Porque\u00a0van a tener que rendir en funci\u00f3n de lo que yo quiera para el equipo.\u00a0<strong>Los que yo considere que est\u00e1n mejor van a jugar, como siempre. En eso no negocio.\u00a0<\/strong>S\u00ed creo que esos jugadores tienen que tratar de ponerse de la mejor forma posible para darme alternativas v\u00e1lidas para ese partido\u00bb.<\/p>\n<p><strong>Sobre su continuidad en River:<\/strong>\u00a0\u00abVoy a explicar aquella frase de\u00a0<em>&#8216;no hay nada m\u00e1s&#8217;\u00a0<\/em>que dije luego de ganar la final el a\u00f1o pasado. Se lo coment\u00e9 a un colaborador cercano. Fue justamente eso. No hay nada m\u00e1s importante, al menos deportivamente para m\u00ed, que ganar esa final y ante ese rival. Despu\u00e9s, la vida sigue y hay nuevos desaf\u00edos que uno como entrenador y como profesional y como persona va permanentemente en la b\u00fasqueda.\u00a0<strong>Hay que reconocer que hay momentos en que los cambios son buenos en la vida, no s\u00f3lo para m\u00ed sino para todos.\u00a0<\/strong>Eso lo pienso todo el tiempo.\u00a0<strong>Esto no quiere decir que ya tenga decidido\u00a0mi final, lo aclaro.\u00a0<\/strong>Simplemente digo que es algo que reviso permanentemente por mi manera de ser y de sentir. Por eso digo que no es f\u00e1cil sostenerse. Ser\u00eda f\u00e1cil, con todo lo que ganamos, poder relajarnos. Pero no es f\u00e1cil sostenerse en la victoria; es lo m\u00e1s dif\u00edcil de todo. Al menos eso es lo que me sigue dando emociones.\u00a0<strong>Mientras siga sintiendo eso, vamos para adelante\u00bb.<\/strong><\/p>\n<p><strong>Sobre las declaraciones de Alfaro:<\/strong>\u00a0\u00abPrimero, hay que ser muy respetuoso de las palabras y pensamientos de las personas, por lo menos yo intento ser as\u00ed. Lo \u00fanico que voy a decir o hacer menci\u00f3n es que esta profesi\u00f3n es muy ingrata, extremadamente ingrata, y algunas cosas las entiendo claramente porque estando de este lado ya sabemos por las cosas que pasamos y a la que estamos expuestos. Estamos expuestos permanentemente en la toma de decisiones y a\u00a0ser juzgados por eso.\u00a0<strong>Cuando gan\u00e1s, nadie te dice nada.\u00a0<\/strong>Ahora hay que tener cuidado. Por eso intento no hablar mucho cuando vamos ganando, es muy dif\u00edcil sostenerte con equilibrio en esta profesi\u00f3n donde estamos siendo permanentemente juzgados\u00bb.<\/p>\n<p><strong>Sobre la etapa post-derrota con Lan\u00fas:<\/strong>\u00a0\u00abDespu\u00e9s de Lan\u00fas, tranquilamente podr\u00edamos haber entrado en una depresi\u00f3n futbol\u00edstica y desequilibrio total, de desenfoque, de hacer cualquier cosa. Porque\u00a0<strong>fue muy dura esa derrota.\u00a0<\/strong>Pasamos por momentos dif\u00edciles. Hasta que volvimos a jugar en marzo un partido importante, que fue contra Boca en Mendoza, y donde nosotros no encontr\u00e1bamos todav\u00eda un funcionamiento.<strong>\u00a0Est\u00e1bamos en una depresi\u00f3n futbol\u00edstica, no as\u00ed mental porque cre\u00edamos en lo que \u00e9ramos.\u00a0<\/strong>Si hab\u00edamos logrado algo importante antes de esa derrota, que fue ganar la Copa, \u00bfpor qu\u00e9 \u00edbamos a cambiar? Hab\u00eda que volver a acomodar las cosas y que el tiempo no nos confundiera. Y volver a encontrar un partido que nos diera un empuj\u00f3n. Y fue ese partido con Boca.\u00a0<strong>No haber entrado en un pozo depresivo, futbol\u00edsticamente hablando, fue clave.<\/strong>\u00a0Fuimos bastante firmes, soportamos cr\u00edticas duras,\u00a0<strong>nos trataron de llorones por decir las injusticias que hab\u00edamos sentido en ese partido.<\/strong>\u00a0Pero yo siempre reconoc\u00ed que Lan\u00fas hab\u00eda hecho m\u00e9ritos futbol\u00edsticos para ganar el partido y la serie.\u00a0<strong>Igual nos trataron de llorones<\/strong>. Si yo tuviera que repetir todo lo que viv\u00ed en ese momento, me har\u00eda un picnic&#8230;\u00bb.<\/p>\n<p><strong>Sobre Juanfer en la cancha de Boca:<\/strong>\u00a0\u00abNo lo imagin\u00e9\u00a0de entrada porque no estaba el partido para \u00e9l. Y si jugaba Juanfer, iba a ver pasar la pelota siempre por el aire. Como no se jug\u00f3 por abajo&#8230; \u00bfSab\u00e9s qu\u00e9 inc\u00f3modo se hubiese sentido?\u00a0Tremendamente inc\u00f3modo.<strong>\u00a0Aparte tuve\u00a0que hacer un cambio no esperado, el de Casco.<\/strong>\u00a0Me complic\u00f3 porque\u00a0yo quer\u00eda\u00a0 buscar\u00a0tenencia con Juanfer. Y por abajo no se jug\u00f3 pr\u00e1cticamente\u00bb.<\/p>\n<p><strong>JCh.<\/strong><\/p>\n<p>Clar\u00edn<\/p>\n","protected":false},"excerpt":{"rendered":"<p>El Mu\u00f1eco habl\u00f3 dos d\u00edas despu\u00e9s de la hist\u00f3rica clasificaci\u00f3n a la final de la Copa Libertadores y no se olvid\u00f3 del juez Wilton Sampaio. \u201cNos cobraron 27 faltas de las cuales 12 \u00f3 13 fueron inexistentes. Te pod\u00e9s equivocar, pero en m\u00e1s de 12 faltas&#8230;\u201d, solt\u00f3 el DT. Marcelo Gallardo\u00a0habl\u00f3 largo y tendido. M\u00e1s<a class=\"read-more\" href=\"https:\/\/elfederalmendoza.com.ar\/index.php\/2019\/10\/25\/gallardo-sin-filtro-nos-cobraron-27-faltas-de-las-cuales-12-o-13-fueron-inexistentes\/\"> [&hellip;]<\/a><\/p>\n","protected":false},"author":2,"featured_media":136,"comment_status":"open","ping_status":"open","sticky":false,"template":"","format":"image","meta":{"footnotes":""},"categories":[1],"tags":[48,47,45,46],"class_list":["post-134","post","type-post","status-publish","format-image","has-post-thumbnail","hentry","category-mza","tag-arbitros","tag-conferencia-de-prensa","tag-gallardo","tag-river","post_format-post-format-image"],"rttpg_featured_image_url":{"full":["https:\/\/elfederalmendoza.com.ar\/wp-content\/uploads\/2019\/10\/gallardo-hablo-en-ezeiza-y___OCt6BWh8_1256x620__1.jpg",1256,620,false],"landscape":["https:\/\/elfederalmendoza.com.ar\/wp-content\/uploads\/2019\/10\/gallardo-hablo-en-ezeiza-y___OCt6BWh8_1256x620__1.jpg",1256,620,false],"portraits":["https:\/\/elfederalmendoza.com.ar\/wp-content\/uploads\/2019\/10\/gallardo-hablo-en-ezeiza-y___OCt6BWh8_1256x620__1.jpg",1256,620,false],"thumbnail":["https:\/\/elfederalmendoza.com.ar\/wp-content\/uploads\/2019\/10\/gallardo-hablo-en-ezeiza-y___OCt6BWh8_1256x620__1-150x150.jpg",150,150,true],"medium":["https:\/\/elfederalmendoza.com.ar\/wp-content\/uploads\/2019\/10\/gallardo-hablo-en-ezeiza-y___OCt6BWh8_1256x620__1-300x148.jpg",300,148,true],"large":["https:\/\/elfederalmendoza.com.ar\/wp-content\/uploads\/2019\/10\/gallardo-hablo-en-ezeiza-y___OCt6BWh8_1256x620__1-1024x505.jpg",640,316,true],"1536x1536":["https:\/\/elfederalmendoza.com.ar\/wp-content\/uploads\/2019\/10\/gallardo-hablo-en-ezeiza-y___OCt6BWh8_1256x620__1.jpg",1256,620,false],"2048x2048":["https:\/\/elfederalmendoza.com.ar\/wp-content\/uploads\/2019\/10\/gallardo-hablo-en-ezeiza-y___OCt6BWh8_1256x620__1.jpg",1256,620,false],"ultp_layout_landscape_large":["https:\/\/elfederalmendoza.com.ar\/wp-content\/uploads\/2019\/10\/gallardo-hablo-en-ezeiza-y___OCt6BWh8_1256x620__1.jpg",1200,592,false],"ultp_layout_landscape":["https:\/\/elfederalmendoza.com.ar\/wp-content\/uploads\/2019\/10\/gallardo-hablo-en-ezeiza-y___OCt6BWh8_1256x620__1.jpg",870,429,false],"ultp_layout_portrait":["https:\/\/elfederalmendoza.com.ar\/wp-content\/uploads\/2019\/10\/gallardo-hablo-en-ezeiza-y___OCt6BWh8_1256x620__1.jpg",600,296,false],"ultp_layout_square":["https:\/\/elfederalmendoza.com.ar\/wp-content\/uploads\/2019\/10\/gallardo-hablo-en-ezeiza-y___OCt6BWh8_1256x620__1.jpg",600,296,false],"rpwe-thumbnail":["https:\/\/elfederalmendoza.com.ar\/wp-content\/uploads\/2019\/10\/gallardo-hablo-en-ezeiza-y___OCt6BWh8_1256x620__1-45x45.jpg",45,45,true],"advps-thumb-one":["https:\/\/elfederalmendoza.com.ar\/wp-content\/uploads\/2019\/10\/gallardo-hablo-en-ezeiza-y___OCt6BWh8_1256x620__1-600x220.jpg",600,220,true]},"rttpg_author":{"display_name":"Redacci\u00f3n El Federal","author_link":"https:\/\/elfederalmendoza.com.ar\/index.php\/author\/angelflores\/"},"rttpg_comment":0,"rttpg_category":"<a href=\"https:\/\/elfederalmendoza.com.ar\/index.php\/category\/mza\/\" rel=\"category tag\">Mendoza<\/a>","rttpg_excerpt":"El Mu\u00f1eco habl\u00f3 dos d\u00edas despu\u00e9s de la hist\u00f3rica clasificaci\u00f3n a la final de la Copa Libertadores y no se olvid\u00f3 del juez Wilton Sampaio. \u201cNos cobraron 27 faltas de las cuales 12 \u00f3 13 fueron inexistentes. Te pod\u00e9s equivocar, pero en m\u00e1s de 12 faltas&#8230;\u201d, solt\u00f3 el DT. Marcelo Gallardo\u00a0habl\u00f3 largo y tendido. M\u00e1s&hellip;","_links":{"self":[{"href":"https:\/\/elfederalmendoza.com.ar\/index.php\/wp-json\/wp\/v2\/posts\/134","targetHints":{"allow":["GET"]}}],"collection":[{"href":"https:\/\/elfederalmendoza.com.ar\/index.php\/wp-json\/wp\/v2\/posts"}],"about":[{"href":"https:\/\/elfederalmendoza.com.ar\/index.php\/wp-json\/wp\/v2\/types\/post"}],"author":[{"embeddable":true,"href":"https:\/\/elfederalmendoza.com.ar\/index.php\/wp-json\/wp\/v2\/users\/2"}],"replies":[{"embeddable":true,"href":"https:\/\/elfederalmendoza.com.ar\/index.php\/wp-json\/wp\/v2\/comments?post=134"}],"version-history":[{"count":2,"href":"https:\/\/elfederalmendoza.com.ar\/index.php\/wp-json\/wp\/v2\/posts\/134\/revisions"}],"predecessor-version":[{"id":137,"href":"https:\/\/elfederalmendoza.com.ar\/index.php\/wp-json\/wp\/v2\/posts\/134\/revisions\/137"}],"wp:featuredmedia":[{"embeddable":true,"href":"https:\/\/elfederalmendoza.com.ar\/index.php\/wp-json\/wp\/v2\/media\/136"}],"wp:attachment":[{"href":"https:\/\/elfederalmendoza.com.ar\/index.php\/wp-json\/wp\/v2\/media?parent=134"}],"wp:term":[{"taxonomy":"category","embeddable":true,"href":"https:\/\/elfederalmendoza.com.ar\/index.php\/wp-json\/wp\/v2\/categories?post=134"},{"taxonomy":"post_tag","embeddable":true,"href":"https:\/\/elfederalmendoza.com.ar\/index.php\/wp-json\/wp\/v2\/tags?post=134"}],"curies":[{"name":"wp","href":"https:\/\/api.w.org\/{rel}","templated":true}]}}