{"id":138,"date":"2019-10-25T16:42:30","date_gmt":"2019-10-25T19:42:30","guid":{"rendered":"https:\/\/elfederalmendoza.com\/?p=138"},"modified":"2019-10-25T16:42:30","modified_gmt":"2019-10-25T19:42:30","slug":"pusieron-custodia-en-la-casa-del-hombre-que-mato-a-un-ladron-de-un-tiro","status":"publish","type":"post","link":"https:\/\/elfederalmendoza.com.ar\/index.php\/2019\/10\/25\/pusieron-custodia-en-la-casa-del-hombre-que-mato-a-un-ladron-de-un-tiro\/","title":{"rendered":"Pusieron custodia en la casa del hombre que mat\u00f3 a un ladron de un tiro"},"content":{"rendered":"<p id=\"m102-101-103\" class=\"paragraph \">La\u00a0<strong>Justicia\u00a0<\/strong>orden\u00f3\u00a0<strong>custodia policial<\/strong>\u00a0permanente en la\u00a0<strong>casa<\/strong>\u00a0del hombre que ayer\u00a0<strong>mat\u00f3 a un ladr\u00f3n e hiri\u00f3 a otro<\/strong> al salir en defensa de su sobrino en la localidad bonaerense de Longchamps, aunque el tirador\u00a0<strong>no volvi\u00f3 a la vivienda<\/strong>\u00a0y su familia asegur\u00f3 que tiene<strong>\u00a0\u00abmiedo\u00bb<\/strong> a posibles represalias.<\/p>\n<p id=\"m112-111-113\" class=\"paragraph \">Fuentes judiciales y policiales informaron hoy que el fiscal de Lomas de Zamora\u00a0a cargo de la causa, Pablo Rossi, dispuso\u00a0<strong>consigna policial<\/strong> las 24 horas para la casa de la calle Payr\u00f3 al 700, del partido de Almirante Brown, donde ocurrieron los hechos.<\/p>\n<p id=\"m117-116-118\" class=\"paragraph \">\u00abLos\u00a0<strong>delincuentes viven en la zona<\/strong>\u00a0y tenemos que estar atentos a que no tomen\u00a0<strong>represalias<\/strong>. Anoche se quedaron dos\u00a0<strong>patrulleros<\/strong>\u00a0y habr\u00e1 custodia permanente\u00bb, dijo un jefe policial de la zona.<\/p>\n<div class=\"article-content-ad \">\n<div id=\"m29-27-30\">\n<div class=\"free-html banner\">\n<div id=\"m34-33-35\" class=\"free-content \">\n<div>\n<div id=\"lateral2\" data-google-query-id=\"CMCO75yUuOUCFVhuwQodqlgMSw\">\n<div id=\"google_ads_iframe_\/31928600\/MDZ_Lateral2_ATF_386x300_0__container__\"><\/div>\n<\/div>\n<\/div>\n<\/div>\n<\/div>\n<\/div>\n<\/div>\n<div id=\"m127-126-128\" class=\"content-free-html \">\n<div><iframe loading=\"lazy\" src=\"https:\/\/streamable.com\/s\/3qfox\/qirwcy\" width=\"100%\" height=\"100%\" frameborder=\"0\" allowfullscreen=\"allowfullscreen\" data-mce-fragment=\"1\"><\/iframe><\/div>\n<\/div>\n<p id=\"m132-131-133\" class=\"paragraph \">Oscar, el\u00a0<strong>hermano<\/strong>\u00a0del tirador y\u00a0<strong>padre<\/strong>\u00a0del joven que fue\u00a0<strong>v\u00edctima<\/strong>\u00a0de los ladrones junto a su\u00a0<strong>pareja embarazada<\/strong>, indic\u00f3 hoy a la prensa que su hermano\u00a0<strong>no regres\u00f3<\/strong>\u00a0ayer a la casa\u00a0<strong>tras ser liberado<\/strong>.<\/p>\n<p id=\"m137-136-138\" class=\"paragraph \">\u00abMi hermano\u00a0<strong>se tuvo que ir con los chicos<\/strong>. Nos dejaron la\u00a0<strong>custodia policial<\/strong>, pero es\u00a0<strong>vivir con el temor<\/strong>\u00a0de que haya alguna represalia. Vos no sab\u00e9s c\u00f3mo puede reaccionar la familia del chico que muri\u00f3 o el que escap\u00f3.\u00a0<strong>Tenemos<\/strong>\u00a0un poco de<strong>\u00a0miedo<\/strong>\u00ab, reconoci\u00f3<strong>\u00a0Oscar<\/strong>.<\/p>\n<p id=\"m142-141-143\" class=\"paragraph \">El hombre cont\u00f3 que a su hermano\u00a0<strong>\u00abno le gust\u00f3 haber matado a alguien<\/strong>, por m\u00e1s que sea un ladr\u00f3n\u00bb y que tom\u00f3 la decisi\u00f3n de\u00a0<strong>\u00abno volver m\u00e1s\u00bb<\/strong> a la casa \u00abpor los chicos\u00bb.<\/p>\n<p id=\"m186-185-187\" class=\"paragraph \">Oscar indic\u00f3 que\u00a0<strong>vive en ese lugar desde hace 45 a\u00f1os<\/strong>\u00a0y que\u00a0<strong>conoce<\/strong>\u00a0a las familias de\u00a0<strong>los ladrones<\/strong>\u00a0que ayer asaltaron a su hijo y a su nuera porque viven a\u00a0<strong>\u00abunas 25 cuadras\u00bb<\/strong>.<\/p>\n<p id=\"m191-190-192\" class=\"paragraph \">\u00abLa\u00a0<strong>madre del<\/strong>\u00a0que est\u00e1\u00a0<strong>herido<\/strong>\u00a0me pidi\u00f3\u00a0<strong>disculpas<\/strong>\u00a0por lo que hab\u00eda hecho el\u00a0<strong>hijo<\/strong>. Ella pensaba que no andaba en esas cosas. La conozco porque con el padre de la chica jug\u00e1bamos al f\u00fatbol\u00bb, se\u00f1al\u00f3.<\/p>\n<p id=\"m196-195-197\" class=\"paragraph \">Sobre el hecho, explic\u00f3 que\u00a0<strong>Claudio \u00abtir\u00f3 lo que ten\u00eda en el cargador<\/strong>, seis balas\u00bb y que, si bien en el video que registr\u00f3 el hecho no se ve porque los delincuentes quedaron en un punto ciego,\u00a0<strong>a su hermano \u00able tiraron cuando se agacha\u00bb.<\/strong><\/p>\n<p id=\"m242-241-243\" class=\"paragraph \">Oscar afirm\u00f3 que hoy hablar\u00e1 con el fiscal para ver \u00abc\u00f3mo sigue la causa\u00bb, ya que si bien por un lado su hermano\u00a0<strong>qued\u00f3 en libertad, lo cierto es que \u00abqued\u00f3 imputado\u00bb<\/strong>, y por el otro quiere hablar sobre la custodia, ya que \u00e9l no piensa mudarse.<\/p>\n<p id=\"m247-246-248\" class=\"paragraph \">\u00abSomos trabajadores,\u00a0<strong>no podemos ir y comprar una casa,<\/strong>\u00a0yo no me puedo ir, no voy a dejar mi casa\u00bb, dijo.<\/p>\n<p id=\"m252-251-253\" class=\"paragraph \">Voceros judiciales informaron que el fiscal Rossi esperaba para hoy los resultados de la<strong>\u00a0autopsia del delincuente muerto<\/strong>, que es un joven de\u00a0<strong>17 a\u00f1os<\/strong>\u00a0que, por lo que vio el m\u00e9dico en el lugar, ten\u00eda\u00a0<strong>dos impactos de bala.<\/strong><\/p>\n<p id=\"m298-297-299\" class=\"paragraph \">Tambi\u00e9n aguardaba el informe de los peritos de\u00a0<strong>Polic\u00eda Cient\u00edfica<\/strong>\u00a0que trabajaron en la escena y detectaron al menos\u00a0<strong>tres impactos de bala en el auto Chevrolet Onix<\/strong>\u00a0que los ladrones intentaron robar y manchas hem\u00e1ticas en su interior.<\/p>\n<p id=\"m303-302-304\" class=\"paragraph \">La misma fuente se\u00f1al\u00f3 que est\u00e1 acreditado por un impacto de bala en una pared y por dichos de testigos que<strong>\u00a0los delincuentes tambi\u00e9n dispararon hacia Pardo<\/strong>\u00a0cuando este sali\u00f3 con el arma.<\/p>\n<p id=\"m308-307-309\" class=\"paragraph \">El titular de la Unidad Funcional de Instrucci\u00f3n (UFI) 1 de\u00a0<strong>Lomas de Zamora<\/strong>\u00a0desdobl\u00f3 el expediente y por un lado caratul\u00f3 la causa como un\u00a0<strong>\u00abhomicidio en leg\u00edtima defensa\u00bb\u00a0<\/strong>y dej\u00f3 en libertad al hombre que es colocador de pisos de parquet y por el otro imput\u00f3 por<strong>\u00a0\u00abrobo agravado por el uso de arma\u00bb al delincuente\u00a0<\/strong>baleado que qued\u00f3 detenido.<\/p>\n<p id=\"m354-353-355\" class=\"paragraph \">El hecho ocurri\u00f3 minutos antes de las 7 de ayer en la casa de Payr\u00f3 726, de\u00a0<strong>Longchamps<\/strong>, adonde un\u00a0<strong>joven de 27 a\u00f1os lleg\u00f3 junto a su novia embarazada<\/strong>\u00a0de seis meses a bordo de su\u00a0<strong>Chevrolet Onix<\/strong>\u00a0plateado.<\/p>\n<p id=\"m359-358-360\" class=\"paragraph \">Tras estacionar el veh\u00edculo, la pareja ingres\u00f3 a la casa y, una vez que cruz\u00f3 la reja delantera, fue abordada por\u00a0<strong>tres delincuentes<\/strong>, uno de los cuales efectu\u00f3 un tiro intimidatorio para que le diera las llaves del auto y otras pertenencias.<\/p>\n<p id=\"m364-363-365\" class=\"paragraph \">Al escuchar el tiro,\u00a0<strong>Pardo (47) sali\u00f3 armado con su pistola Taurus<\/strong>\u00a0calibre 9 mil\u00edmetros y efectu\u00f3\u00a0<strong>seis balazos contra los delincuentes<\/strong>, que ya estaban abordando el\u00a0<strong>Chevrolet Onix<\/strong>.<\/p>\n<p id=\"m415-414-416\" class=\"paragraph \">A ra\u00edz de los disparos, uno de los presuntos\u00a0<strong>asaltantes<\/strong>, de\u00a0<strong>17 a\u00f1os<\/strong>, cay\u00f3\u00a0<strong>muerto\u00a0<\/strong>en la calle, a unos 30 metros, y otro sospechoso de\u00a0<strong>18 a\u00f1os<\/strong>\u00a0e identificado como\u00a0<strong>Patricio Gonz\u00e1lez<\/strong>\u00a0fue detenido\u00a0<strong>herido de bala<\/strong>\u00a0en una pierna a la vuelta, sobre la calle Quintana al 2000.<\/p>\n","protected":false},"excerpt":{"rendered":"<p>La\u00a0Justicia\u00a0orden\u00f3\u00a0custodia policial\u00a0permanente en la\u00a0casa\u00a0del hombre que ayer\u00a0mat\u00f3 a un ladr\u00f3n e hiri\u00f3 a otro al salir en defensa de su sobrino en la localidad bonaerense de Longchamps, aunque el tirador\u00a0no volvi\u00f3 a la vivienda\u00a0y su familia asegur\u00f3 que tiene\u00a0\u00abmiedo\u00bb a posibles represalias. Fuentes judiciales y policiales informaron hoy que el fiscal de Lomas de Zamora\u00a0a<a class=\"read-more\" href=\"https:\/\/elfederalmendoza.com.ar\/index.php\/2019\/10\/25\/pusieron-custodia-en-la-casa-del-hombre-que-mato-a-un-ladron-de-un-tiro\/\"> [&hellip;]<\/a><\/p>\n","protected":false},"author":2,"featured_media":139,"comment_status":"open","ping_status":"open","sticky":false,"template":"","format":"image","meta":{"footnotes":""},"categories":[1],"tags":[51,49,50],"class_list":["post-138","post","type-post","status-publish","format-image","has-post-thumbnail","hentry","category-mza","tag-delincuente","tag-longchamps","tag-vecino","post_format-post-format-image"],"rttpg_featured_image_url":{"full":["https:\/\/elfederalmendoza.com.ar\/wp-content\/uploads\/2019\/10\/5db1b9274ba96.r_d.1049-773-4398.jpeg",844,475,false],"landscape":["https:\/\/elfederalmendoza.com.ar\/wp-content\/uploads\/2019\/10\/5db1b9274ba96.r_d.1049-773-4398.jpeg",844,475,false],"portraits":["https:\/\/elfederalmendoza.com.ar\/wp-content\/uploads\/2019\/10\/5db1b9274ba96.r_d.1049-773-4398.jpeg",844,475,false],"thumbnail":["https:\/\/elfederalmendoza.com.ar\/wp-content\/uploads\/2019\/10\/5db1b9274ba96.r_d.1049-773-4398-150x150.jpeg",150,150,true],"medium":["https:\/\/elfederalmendoza.com.ar\/wp-content\/uploads\/2019\/10\/5db1b9274ba96.r_d.1049-773-4398-300x169.jpeg",300,169,true],"large":["https:\/\/elfederalmendoza.com.ar\/wp-content\/uploads\/2019\/10\/5db1b9274ba96.r_d.1049-773-4398.jpeg",640,360,false],"1536x1536":["https:\/\/elfederalmendoza.com.ar\/wp-content\/uploads\/2019\/10\/5db1b9274ba96.r_d.1049-773-4398.jpeg",844,475,false],"2048x2048":["https:\/\/elfederalmendoza.com.ar\/wp-content\/uploads\/2019\/10\/5db1b9274ba96.r_d.1049-773-4398.jpeg",844,475,false],"ultp_layout_landscape_large":["https:\/\/elfederalmendoza.com.ar\/wp-content\/uploads\/2019\/10\/5db1b9274ba96.r_d.1049-773-4398.jpeg",844,475,false],"ultp_layout_landscape":["https:\/\/elfederalmendoza.com.ar\/wp-content\/uploads\/2019\/10\/5db1b9274ba96.r_d.1049-773-4398.jpeg",844,475,false],"ultp_layout_portrait":["https:\/\/elfederalmendoza.com.ar\/wp-content\/uploads\/2019\/10\/5db1b9274ba96.r_d.1049-773-4398.jpeg",600,338,false],"ultp_layout_square":["https:\/\/elfederalmendoza.com.ar\/wp-content\/uploads\/2019\/10\/5db1b9274ba96.r_d.1049-773-4398.jpeg",600,338,false],"rpwe-thumbnail":["https:\/\/elfederalmendoza.com.ar\/wp-content\/uploads\/2019\/10\/5db1b9274ba96.r_d.1049-773-4398-45x45.jpeg",45,45,true],"advps-thumb-one":["https:\/\/elfederalmendoza.com.ar\/wp-content\/uploads\/2019\/10\/5db1b9274ba96.r_d.1049-773-4398-600x220.jpeg",600,220,true]},"rttpg_author":{"display_name":"Redacci\u00f3n El Federal","author_link":"https:\/\/elfederalmendoza.com.ar\/index.php\/author\/angelflores\/"},"rttpg_comment":0,"rttpg_category":"<a href=\"https:\/\/elfederalmendoza.com.ar\/index.php\/category\/mza\/\" rel=\"category tag\">Mendoza<\/a>","rttpg_excerpt":"La\u00a0Justicia\u00a0orden\u00f3\u00a0custodia policial\u00a0permanente en la\u00a0casa\u00a0del hombre que ayer\u00a0mat\u00f3 a un ladr\u00f3n e hiri\u00f3 a otro al salir en defensa de su sobrino en la localidad bonaerense de Longchamps, aunque el tirador\u00a0no volvi\u00f3 a la vivienda\u00a0y su familia asegur\u00f3 que tiene\u00a0\u00abmiedo\u00bb a posibles represalias. Fuentes judiciales y policiales informaron hoy que el fiscal de Lomas de Zamora\u00a0a&hellip;","_links":{"self":[{"href":"https:\/\/elfederalmendoza.com.ar\/index.php\/wp-json\/wp\/v2\/posts\/138","targetHints":{"allow":["GET"]}}],"collection":[{"href":"https:\/\/elfederalmendoza.com.ar\/index.php\/wp-json\/wp\/v2\/posts"}],"about":[{"href":"https:\/\/elfederalmendoza.com.ar\/index.php\/wp-json\/wp\/v2\/types\/post"}],"author":[{"embeddable":true,"href":"https:\/\/elfederalmendoza.com.ar\/index.php\/wp-json\/wp\/v2\/users\/2"}],"replies":[{"embeddable":true,"href":"https:\/\/elfederalmendoza.com.ar\/index.php\/wp-json\/wp\/v2\/comments?post=138"}],"version-history":[{"count":1,"href":"https:\/\/elfederalmendoza.com.ar\/index.php\/wp-json\/wp\/v2\/posts\/138\/revisions"}],"predecessor-version":[{"id":140,"href":"https:\/\/elfederalmendoza.com.ar\/index.php\/wp-json\/wp\/v2\/posts\/138\/revisions\/140"}],"wp:featuredmedia":[{"embeddable":true,"href":"https:\/\/elfederalmendoza.com.ar\/index.php\/wp-json\/wp\/v2\/media\/139"}],"wp:attachment":[{"href":"https:\/\/elfederalmendoza.com.ar\/index.php\/wp-json\/wp\/v2\/media?parent=138"}],"wp:term":[{"taxonomy":"category","embeddable":true,"href":"https:\/\/elfederalmendoza.com.ar\/index.php\/wp-json\/wp\/v2\/categories?post=138"},{"taxonomy":"post_tag","embeddable":true,"href":"https:\/\/elfederalmendoza.com.ar\/index.php\/wp-json\/wp\/v2\/tags?post=138"}],"curies":[{"name":"wp","href":"https:\/\/api.w.org\/{rel}","templated":true}]}}