{"id":1412,"date":"2020-03-24T20:15:54","date_gmt":"2020-03-24T23:15:54","guid":{"rendered":"https:\/\/elfederalmendoza.com\/?p=1412"},"modified":"2020-03-24T20:15:54","modified_gmt":"2020-03-24T23:15:54","slug":"las-fuerzas-federales-demoraron-a-mas-de-20-mil-personas-en-todo-el-pais","status":"publish","type":"post","link":"https:\/\/elfederalmendoza.com.ar\/index.php\/2020\/03\/24\/las-fuerzas-federales-demoraron-a-mas-de-20-mil-personas-en-todo-el-pais\/","title":{"rendered":"Las fuerzas federales demoraron a m\u00e1s de 20 mil personas en todo el pa\u00eds"},"content":{"rendered":"<div class=\"media\">\n<div class=\"image\">\n<div id=\"vplfgp_galleryembed\" class=\"gallery\">\n<div class=\"image\"><b>Las fuerzas federales de seguridad detuvieron a m\u00e1s de 1.200 personas en todo el pa\u00eds desde que se decret\u00f3 el aislamiento social, preventivo y obligatorio por la pandemia del coronavirus, mientras que m\u00e1s de 20 mil fueron demoradas y notificadas para que cumplan la cuarentena en sus domicilios.<\/b><\/div>\n<\/div>\n<\/div>\n<\/div>\n<div id=\"vsmcontent\" class=\"content vsmcontent\">\n<p>Fuentes del Ministerio de Seguridad de la Naci\u00f3n detallaron hoy que 988 de los arrestos fueron realizados por efectivos de Gendarmer\u00eda Nacional; 92 por la Polic\u00eda Federal Argentina; 76 por la Prefectura Naval Argentina y 73 por la Polic\u00eda de Seguridad Aeroportuaria.<\/p>\n<\/div>\n","protected":false},"excerpt":{"rendered":"<p>Las fuerzas federales de seguridad detuvieron a m\u00e1s de 1.200 personas en todo el pa\u00eds desde que se decret\u00f3 el aislamiento social, preventivo y obligatorio por la pandemia del coronavirus, mientras que m\u00e1s de 20 mil fueron demoradas y notificadas para que cumplan la cuarentena en sus domicilios. Fuentes del Ministerio de Seguridad de la<a class=\"read-more\" href=\"https:\/\/elfederalmendoza.com.ar\/index.php\/2020\/03\/24\/las-fuerzas-federales-demoraron-a-mas-de-20-mil-personas-en-todo-el-pais\/\"> [&hellip;]<\/a><\/p>\n","protected":false},"author":2,"featured_media":1413,"comment_status":"open","ping_status":"open","sticky":false,"template":"","format":"image","meta":{"footnotes":""},"categories":[1],"tags":[320],"class_list":["post-1412","post","type-post","status-publish","format-image","has-post-thumbnail","hentry","category-mza","tag-argentina","post_format-post-format-image"],"rttpg_featured_image_url":{"full":["https:\/\/elfederalmendoza.com.ar\/wp-content\/uploads\/2020\/03\/5e7a713068889_896_607.jpg",896,607,false],"landscape":["https:\/\/elfederalmendoza.com.ar\/wp-content\/uploads\/2020\/03\/5e7a713068889_896_607.jpg",896,607,false],"portraits":["https:\/\/elfederalmendoza.com.ar\/wp-content\/uploads\/2020\/03\/5e7a713068889_896_607.jpg",896,607,false],"thumbnail":["https:\/\/elfederalmendoza.com.ar\/wp-content\/uploads\/2020\/03\/5e7a713068889_896_607-150x150.jpg",150,150,true],"medium":["https:\/\/elfederalmendoza.com.ar\/wp-content\/uploads\/2020\/03\/5e7a713068889_896_607-300x203.jpg",300,203,true],"large":["https:\/\/elfederalmendoza.com.ar\/wp-content\/uploads\/2020\/03\/5e7a713068889_896_607.jpg",640,434,false],"1536x1536":["https:\/\/elfederalmendoza.com.ar\/wp-content\/uploads\/2020\/03\/5e7a713068889_896_607.jpg",896,607,false],"2048x2048":["https:\/\/elfederalmendoza.com.ar\/wp-content\/uploads\/2020\/03\/5e7a713068889_896_607.jpg",896,607,false],"ultp_layout_landscape_large":["https:\/\/elfederalmendoza.com.ar\/wp-content\/uploads\/2020\/03\/5e7a713068889_896_607.jpg",896,607,false],"ultp_layout_landscape":["https:\/\/elfederalmendoza.com.ar\/wp-content\/uploads\/2020\/03\/5e7a713068889_896_607.jpg",841,570,false],"ultp_layout_portrait":["https:\/\/elfederalmendoza.com.ar\/wp-content\/uploads\/2020\/03\/5e7a713068889_896_607.jpg",600,406,false],"ultp_layout_square":["https:\/\/elfederalmendoza.com.ar\/wp-content\/uploads\/2020\/03\/5e7a713068889_896_607.jpg",600,406,false],"rpwe-thumbnail":["https:\/\/elfederalmendoza.com.ar\/wp-content\/uploads\/2020\/03\/5e7a713068889_896_607-45x45.jpg",45,45,true],"advps-thumb-one":["https:\/\/elfederalmendoza.com.ar\/wp-content\/uploads\/2020\/03\/5e7a713068889_896_607-896x420.jpg",896,420,true]},"rttpg_author":{"display_name":"Redacci\u00f3n El Federal","author_link":"https:\/\/elfederalmendoza.com.ar\/index.php\/author\/angelflores\/"},"rttpg_comment":0,"rttpg_category":"<a href=\"https:\/\/elfederalmendoza.com.ar\/index.php\/category\/mza\/\" rel=\"category tag\">Mendoza<\/a>","rttpg_excerpt":"Las fuerzas federales de seguridad detuvieron a m\u00e1s de 1.200 personas en todo el pa\u00eds desde que se decret\u00f3 el aislamiento social, preventivo y obligatorio por la pandemia del coronavirus, mientras que m\u00e1s de 20 mil fueron demoradas y notificadas para que cumplan la cuarentena en sus domicilios. Fuentes del Ministerio de Seguridad de la&hellip;","_links":{"self":[{"href":"https:\/\/elfederalmendoza.com.ar\/index.php\/wp-json\/wp\/v2\/posts\/1412","targetHints":{"allow":["GET"]}}],"collection":[{"href":"https:\/\/elfederalmendoza.com.ar\/index.php\/wp-json\/wp\/v2\/posts"}],"about":[{"href":"https:\/\/elfederalmendoza.com.ar\/index.php\/wp-json\/wp\/v2\/types\/post"}],"author":[{"embeddable":true,"href":"https:\/\/elfederalmendoza.com.ar\/index.php\/wp-json\/wp\/v2\/users\/2"}],"replies":[{"embeddable":true,"href":"https:\/\/elfederalmendoza.com.ar\/index.php\/wp-json\/wp\/v2\/comments?post=1412"}],"version-history":[{"count":1,"href":"https:\/\/elfederalmendoza.com.ar\/index.php\/wp-json\/wp\/v2\/posts\/1412\/revisions"}],"predecessor-version":[{"id":1414,"href":"https:\/\/elfederalmendoza.com.ar\/index.php\/wp-json\/wp\/v2\/posts\/1412\/revisions\/1414"}],"wp:featuredmedia":[{"embeddable":true,"href":"https:\/\/elfederalmendoza.com.ar\/index.php\/wp-json\/wp\/v2\/media\/1413"}],"wp:attachment":[{"href":"https:\/\/elfederalmendoza.com.ar\/index.php\/wp-json\/wp\/v2\/media?parent=1412"}],"wp:term":[{"taxonomy":"category","embeddable":true,"href":"https:\/\/elfederalmendoza.com.ar\/index.php\/wp-json\/wp\/v2\/categories?post=1412"},{"taxonomy":"post_tag","embeddable":true,"href":"https:\/\/elfederalmendoza.com.ar\/index.php\/wp-json\/wp\/v2\/tags?post=1412"}],"curies":[{"name":"wp","href":"https:\/\/api.w.org\/{rel}","templated":true}]}}