{"id":1499,"date":"2020-04-04T12:28:50","date_gmt":"2020-04-04T15:28:50","guid":{"rendered":"https:\/\/elfederalmendoza.com\/?p=1499"},"modified":"2020-04-04T12:28:50","modified_gmt":"2020-04-04T15:28:50","slug":"tras-el-descontrol-de-ayer-ahora-los-bancos-lucen-vacios","status":"publish","type":"post","link":"https:\/\/elfederalmendoza.com.ar\/index.php\/2020\/04\/04\/tras-el-descontrol-de-ayer-ahora-los-bancos-lucen-vacios\/","title":{"rendered":"Tras el descontrol de ayer, ahora los bancos lucen vac\u00edos"},"content":{"rendered":"<div class=\"media\">\n<div class=\"image\">\n<div id=\"vplfgp_galleryembed\" class=\"gallery\">\n<div class=\"image\">Despu\u00e9s de un viernes agitado donde los bancos se transformaron en un centro de caos con filas, personas arrinconadas y con muchisimas dudas, este s\u00e1bado<b>\u00a0las entidades lucen vac\u00edas y casi sin actividad.<\/b><\/div>\n<\/div>\n<\/div>\n<\/div>\n<div id=\"vsmcontent\" class=\"content vsmcontent\">\n<p>Este s\u00e1bado est\u00e1n habilitados para cobrar\u00a0<b>los jubilados que no hayan percibido el dinero correspondiente a marzo\u00a0<\/b>y que tengan documento terminado en 0 o 1.<\/p>\n<figure id=\"vsmv10341v26\" class=\"vsmimage\" contenteditable=\"false\"><img loading=\"lazy\" decoding=\"async\" id=\"vsmv10341v25\" src=\"https:\/\/www.sitioandino.com.ar\/files\/image\/431\/431275\/5e888b1f26482_835_586!.jpg?s=9af3d0db9163ddea694df69d848dc241&amp;d=1586010217\" width=\"835\" height=\"586\" data-vsmid=\"431275\" data-owidth=\"1280\" data-oheight=\"900\" \/><\/figure>\n<p>Desde la Bancaria Mendoza pidieron destacar este dato, debido a que<b>\u00a0el viernes m\u00e1s del 30% de los jubilados que se presentaron en las distintas entidades intentaba cobrar, por adelantado, el mes de abril.<\/b><\/p>\n<figure id=\"vsmv10199v36\" class=\"vsmimage\" contenteditable=\"false\"><img loading=\"lazy\" decoding=\"async\" id=\"vsmv10199v35\" src=\"https:\/\/www.sitioandino.com.ar\/files\/image\/431\/431282\/5e8897e66a74a_836_623!.jpg?s=0a4f8b8a39c4c0e92b069e9f2de1351f&amp;d=1586010088\" width=\"836\" height=\"623\" data-vsmid=\"431282\" data-owidth=\"1032\" data-oheight=\"774\" \/><\/figure>\n<p>Cabe recordar que<b>\u00a0todo este operativo surgi\u00f3 por los jubilados, pensionados y beneficiarios de asignaciones universales que no pudieron cobrar marzo, debido a que deb\u00edan hacerlo entre el 20 y 27 de ese mes<\/b>, d\u00edas en los que no hubo actividad bancaria por el coronavirus.<\/p>\n<p>En base a esto,<b>\u00a0la jornada de hoy transcurre con normalidad<\/b>\u00a0y se espera que en los pr\u00f3ximos d\u00edas sea igual. Ma\u00f1ana cobrar\u00e1n los jubilados que tengan documento terminado en 2 y 3; el lunes los finalizado en 4 y 5 y el martes los que tengan 6, 7, 8 y 9.<\/p>\n<p>Sergio Gim\u00e9nez, titular de la Bancaria en Mendoza, confirm\u00f3 a\u00a0<b>SITIO ANDINO<\/b>\u00a0que la actividad es \u00abm\u00ednima\u00bb en toda la provincia. \u00abEn el Gran Mendoza hay muy poca gente y en el Sur, nuestro compa\u00f1ero Mart\u00edn Bueno nos informa de algo similar\u00bb, indic\u00f3.<\/p>\n<figure id=\"vsmv10221v41\" class=\"vsmimage\" contenteditable=\"false\"><img loading=\"lazy\" decoding=\"async\" id=\"vsmv10221v40\" src=\"https:\/\/www.sitioandino.com.ar\/files\/image\/431\/431283\/5e8897fd097eb_836_462!.jpg?s=bda4ce37704fdd9d5f14a368ebf16a9e&amp;d=1586010110\" width=\"836\" height=\"462\" data-vsmid=\"431283\" data-owidth=\"1280\" data-oheight=\"720\" \/><\/figure>\n<p class=\"blue\">\u00abNo quiero entrar en pol\u00e9mica, pero hay errores en la comunicaci\u00f3n. Ayer vino much\u00edsima gente que no ten\u00eda que cobrar. Esto es solamente para los jubilados que no pudieron cobrar marzo a\u00fan\u00bb, explic\u00f3 Gim\u00e9nez, quien agreg\u00f3 que los haberes correspondientes a abril reci\u00e9n comenzar\u00e1n a pagarse luego del pr\u00f3ximo mi\u00e9rcoles 8.<\/p>\n<p>En base a esto, Gim\u00e9nez destac\u00f3 que\u00a0<b>varios medios de comunicaci\u00f3n anunciaron que \u00ababr\u00edan los bancos\u00bb, lo que gener\u00f3 que mucha gente fuera a las entidades \u00absin motivo\u00bb.<\/b><\/p>\n<p>\u00abMuchos abuelos llegaban y nos dec\u00edan,\u00a0<b>\u2018pens\u00e9 que nos hab\u00edan adelantado la jubilaci\u00f3n&#8217;<\/b>. Y tambi\u00e9n ten\u00e9s mucha gente que fue a hacer tr\u00e1mites como sacar una tarjeta de cr\u00e9dito\u00bb, lanz\u00f3.<\/p>\n<p>As\u00ed las cosas, Gim\u00e9nez anticip\u00f3 que<b>\u00a0la actividad ser\u00e1 normal en los pr\u00f3ximos d\u00edas y se esperanz\u00f3 en que no se repitan los inconvenientes de este viernes<\/b>. En tanto que reiter\u00f3 su pedido para que los medios aclaren qui\u00e9nes est\u00e1n habilitados a cobrar, para evitar aglomeraciones.<\/p>\n<\/div>\n","protected":false},"excerpt":{"rendered":"<p>Despu\u00e9s de un viernes agitado donde los bancos se transformaron en un centro de caos con filas, personas arrinconadas y con muchisimas dudas, este s\u00e1bado\u00a0las entidades lucen vac\u00edas y casi sin actividad. Este s\u00e1bado est\u00e1n habilitados para cobrar\u00a0los jubilados que no hayan percibido el dinero correspondiente a marzo\u00a0y que tengan documento terminado en 0 o<a class=\"read-more\" href=\"https:\/\/elfederalmendoza.com.ar\/index.php\/2020\/04\/04\/tras-el-descontrol-de-ayer-ahora-los-bancos-lucen-vacios\/\"> [&hellip;]<\/a><\/p>\n","protected":false},"author":2,"featured_media":1500,"comment_status":"open","ping_status":"open","sticky":false,"template":"","format":"image","meta":{"footnotes":""},"categories":[1],"tags":[11],"class_list":["post-1499","post","type-post","status-publish","format-image","has-post-thumbnail","hentry","category-mza","tag-mendoza","post_format-post-format-image"],"rttpg_featured_image_url":{"full":["https:\/\/elfederalmendoza.com.ar\/wp-content\/uploads\/2020\/04\/5e8897d1bd031_896_607.jpg",896,607,false],"landscape":["https:\/\/elfederalmendoza.com.ar\/wp-content\/uploads\/2020\/04\/5e8897d1bd031_896_607.jpg",896,607,false],"portraits":["https:\/\/elfederalmendoza.com.ar\/wp-content\/uploads\/2020\/04\/5e8897d1bd031_896_607.jpg",896,607,false],"thumbnail":["https:\/\/elfederalmendoza.com.ar\/wp-content\/uploads\/2020\/04\/5e8897d1bd031_896_607-150x150.jpg",150,150,true],"medium":["https:\/\/elfederalmendoza.com.ar\/wp-content\/uploads\/2020\/04\/5e8897d1bd031_896_607-300x203.jpg",300,203,true],"large":["https:\/\/elfederalmendoza.com.ar\/wp-content\/uploads\/2020\/04\/5e8897d1bd031_896_607.jpg",640,434,false],"1536x1536":["https:\/\/elfederalmendoza.com.ar\/wp-content\/uploads\/2020\/04\/5e8897d1bd031_896_607.jpg",896,607,false],"2048x2048":["https:\/\/elfederalmendoza.com.ar\/wp-content\/uploads\/2020\/04\/5e8897d1bd031_896_607.jpg",896,607,false],"ultp_layout_landscape_large":["https:\/\/elfederalmendoza.com.ar\/wp-content\/uploads\/2020\/04\/5e8897d1bd031_896_607.jpg",896,607,false],"ultp_layout_landscape":["https:\/\/elfederalmendoza.com.ar\/wp-content\/uploads\/2020\/04\/5e8897d1bd031_896_607.jpg",841,570,false],"ultp_layout_portrait":["https:\/\/elfederalmendoza.com.ar\/wp-content\/uploads\/2020\/04\/5e8897d1bd031_896_607.jpg",600,406,false],"ultp_layout_square":["https:\/\/elfederalmendoza.com.ar\/wp-content\/uploads\/2020\/04\/5e8897d1bd031_896_607.jpg",600,406,false],"rpwe-thumbnail":["https:\/\/elfederalmendoza.com.ar\/wp-content\/uploads\/2020\/04\/5e8897d1bd031_896_607-45x45.jpg",45,45,true],"advps-thumb-one":["https:\/\/elfederalmendoza.com.ar\/wp-content\/uploads\/2020\/04\/5e8897d1bd031_896_607-896x420.jpg",896,420,true]},"rttpg_author":{"display_name":"Redacci\u00f3n El Federal","author_link":"https:\/\/elfederalmendoza.com.ar\/index.php\/author\/angelflores\/"},"rttpg_comment":0,"rttpg_category":"<a href=\"https:\/\/elfederalmendoza.com.ar\/index.php\/category\/mza\/\" rel=\"category tag\">Mendoza<\/a>","rttpg_excerpt":"Despu\u00e9s de un viernes agitado donde los bancos se transformaron en un centro de caos con filas, personas arrinconadas y con muchisimas dudas, este s\u00e1bado\u00a0las entidades lucen vac\u00edas y casi sin actividad. Este s\u00e1bado est\u00e1n habilitados para cobrar\u00a0los jubilados que no hayan percibido el dinero correspondiente a marzo\u00a0y que tengan documento terminado en 0 o&hellip;","_links":{"self":[{"href":"https:\/\/elfederalmendoza.com.ar\/index.php\/wp-json\/wp\/v2\/posts\/1499","targetHints":{"allow":["GET"]}}],"collection":[{"href":"https:\/\/elfederalmendoza.com.ar\/index.php\/wp-json\/wp\/v2\/posts"}],"about":[{"href":"https:\/\/elfederalmendoza.com.ar\/index.php\/wp-json\/wp\/v2\/types\/post"}],"author":[{"embeddable":true,"href":"https:\/\/elfederalmendoza.com.ar\/index.php\/wp-json\/wp\/v2\/users\/2"}],"replies":[{"embeddable":true,"href":"https:\/\/elfederalmendoza.com.ar\/index.php\/wp-json\/wp\/v2\/comments?post=1499"}],"version-history":[{"count":1,"href":"https:\/\/elfederalmendoza.com.ar\/index.php\/wp-json\/wp\/v2\/posts\/1499\/revisions"}],"predecessor-version":[{"id":1501,"href":"https:\/\/elfederalmendoza.com.ar\/index.php\/wp-json\/wp\/v2\/posts\/1499\/revisions\/1501"}],"wp:featuredmedia":[{"embeddable":true,"href":"https:\/\/elfederalmendoza.com.ar\/index.php\/wp-json\/wp\/v2\/media\/1500"}],"wp:attachment":[{"href":"https:\/\/elfederalmendoza.com.ar\/index.php\/wp-json\/wp\/v2\/media?parent=1499"}],"wp:term":[{"taxonomy":"category","embeddable":true,"href":"https:\/\/elfederalmendoza.com.ar\/index.php\/wp-json\/wp\/v2\/categories?post=1499"},{"taxonomy":"post_tag","embeddable":true,"href":"https:\/\/elfederalmendoza.com.ar\/index.php\/wp-json\/wp\/v2\/tags?post=1499"}],"curies":[{"name":"wp","href":"https:\/\/api.w.org\/{rel}","templated":true}]}}