{"id":155,"date":"2019-10-25T07:08:15","date_gmt":"2019-10-25T10:08:15","guid":{"rendered":"https:\/\/elfederalmendoza.com\/?p=155"},"modified":"2019-10-26T10:14:01","modified_gmt":"2019-10-26T13:14:01","slug":"de-no-creer-este-es-el-futuro-de-los-autos-mostrados-en-el-tokio-motor-show","status":"publish","type":"post","link":"https:\/\/elfederalmendoza.com.ar\/index.php\/2019\/10\/25\/de-no-creer-este-es-el-futuro-de-los-autos-mostrados-en-el-tokio-motor-show\/","title":{"rendered":"-DE NO CREER- Este es el futuro de los autos mostrados en el Tokio Motor Show"},"content":{"rendered":"<p><strong>El Tokio Motor Show se realiza cada dos a\u00f1os, todos los impares.<\/strong>\u00a0Y es, sin dudas, la exposici\u00f3n de autos donde se muestran las innovaciones m\u00e1s osadas, tanto por las tecnolog\u00edas como por los extravagantes dise\u00f1os. Si bien todav\u00eda se siguen presentando nuevos modelos con motores tradicionales, a combusti\u00f3n interna (pero de muy baja cilindrada y bajo consumo), la mayor\u00eda de las develaciones de la expo, claramente dominada por las marcas japonesas, son modelos de serie y prototipos con motorizaciones el\u00e9ctricas o h\u00edbridas (una combinaci\u00f3n de un motor el\u00e9ctrico con uno a combusti\u00f3n).<\/p>\n<div class=\"inline-container\"><iframe loading=\"lazy\" src=\"https:\/\/www.youtube.com\/embed\/mAKdf6NEVZs?modestbranding=1&amp;playlist=mAKdf6NEVZs&amp;showinfo=0&amp;rel=0&amp;color=white\" width=\"850px\" height=\"400px\" frameborder=\"0\" allowfullscreen=\"allowfullscreen\" data-mce-fragment=\"1\"><\/iframe><\/p>\n<div class=\"image-caption\"><strong>Tokio Motor Show 2019 &#8211; NSR-MZA<\/strong><\/div>\n<\/div>\n<p><strong>Empecemos por Toyota, una marca que naci\u00f3 hace cerca de 90 a\u00f1os y que\u00a0presentar\u00e1 su primer modelo ciento por ciento el\u00e9ctrico: el\u00a0Ultra Compact BEV.<\/strong>\u00a0Es un peque\u00f1o auto urbano, con un estilo y tama\u00f1o similar al del Smart, que ser\u00e1 lanzado en el primer trimestre de 2020. Tendr\u00e1 unos\u00a0100 kil\u00f3metros de autonom\u00eda\u00a0y desarrollar\u00e1 una velocidad m\u00e1xima de 60 km\/h.<\/p>\n<div class=\"peperito-text\">\n<div class=\"col-xs-20\">\n<h5><span style=\"font-size: 16px;\">Adem\u00e1s,<\/span><strong style=\"font-size: 16px;\">\u00a0Toyota tambi\u00e9n revel\u00f3 el desarrollo de una nueva generaci\u00f3n del\u00a0Mirai,\u00a0<\/strong><span style=\"font-size: 16px;\">el sed\u00e1n que ya se vende en Jap\u00f3n desde hace cuatro a\u00f1os y que utiliza hidr\u00f3geno como combustible.\u00a0Este ingresa en una de pila de combustible que, por medio de una reacci\u00f3n qu\u00edmica con el ox\u00edgeno, genera la electricidad para alimentar al motor el\u00e9ctrico y s\u00f3lo desecha agua por el escape, por lo que no contamina en absoluto.<\/span><\/h5>\n<\/div>\n<\/div>\n<div class=\"inline-container\"><img decoding=\"async\" src=\"https:\/\/dla.cdncimeco.com\/uploads\/2019\/10\/image5db37f5c4a4e2.jpeg\" alt=\"\" \/><\/p>\n<div class=\"image-caption\">Toyota Mirai. La nueva edici\u00f3n de un modelo que ya se vende hace cuatro a\u00f1os en Jap\u00f3n. Funciona a hidr\u00f3geno: una pila de combustible genera la electricidad para alimentar a un motor el\u00e9ctrico.<\/div>\n<\/div>\n<p>Por su parte<strong>, Lexus, la marca premium de la empresa Toyota, muestra en Tokio un espectacular prototipo denominado LF-30, con 536 CV de potencia y cuatro motores el\u00e9ctricos<\/strong>, un aperitivo del que ser\u00e1 el primer el\u00e9ctrico de la marca, que se conocer\u00e1 en noviembre. Como detalle, el LF-30, adem\u00e1s de prometer conducci\u00f3n 100% aut\u00f3noma, se completa con un dron llamado Lexus Airporter que, entre otras tareas, transportar\u00eda el equipaje del conductor.<\/p>\n<p><strong>Nissan, en continuidad con su plan para el futuro de la movilidad \u201cNissan Intelligent Mobility\u201d, muestra el prototipo IMk,<\/strong> completamente el\u00e9ctrico y con una figura que representa el lenguaje de dise\u00f1o de la marca para sus pr\u00f3ximas generaciones. Un poco m\u00e1s cercano es el SUV el\u00e9ctrico Ariya, porque si bien a\u00fan es un prototipo, anticipa bastante fielmente la pr\u00f3xima generaci\u00f3n de sport utilities medianos de Nissan.<\/p>\n<div class=\"clearfix\"><\/div>\n<div class=\"inline-container\"><img decoding=\"async\" src=\"https:\/\/dla.cdncimeco.com\/uploads\/2019\/10\/image5db37f7bb7ac3.jpeg\" alt=\"\" \/><\/p>\n<div class=\"image-caption\">Nissan IMK. Un peque\u00f1o modelo urbano que presenta la plataforma para los futuros modelos el\u00e9ctricos de la marca.<\/div>\n<\/div>\n<p>&nbsp;<\/p>\n<div class=\"inline-container\"><img decoding=\"async\" src=\"https:\/\/dla.cdncimeco.com\/uploads\/2019\/10\/image5db37f7ede09d.jpeg\" alt=\"\" \/><\/p>\n<div class=\"image-caption\">Nissan Ariya. Tambi\u00e9n 100 % el\u00e9ctrico, con sistemas de ayuda a la conducci\u00f3n, y una figura que anticipa el dise\u00f1o de los pr\u00f3ximos modelos de la marca en esta categor\u00eda de los crossover o SUV.<\/div>\n<\/div>\n<p><strong>Mitsubishi sorprendi\u00f3 con un veh\u00edculo concepto muy rupturista: el Mi-Tech,<\/strong> un todoterreno descapotable con un aire de buggy, que cuenta con cuatro motores el\u00e9ctricos (uno para cada rueda), m\u00e1s un motor de turbina a gas en la parte frontal. Una tecnolog\u00eda que la marca promete aplicar a sus pr\u00f3ximos SUV de serie.<\/p>\n<div class=\"clearfix\"><\/div>\n<div class=\"inline-container\"><img decoding=\"async\" src=\"https:\/\/dla.cdncimeco.com\/uploads\/2019\/10\/image5db37f82c092c.jpeg\" alt=\"\" \/><\/p>\n<div class=\"image-caption\">Mitsubishi Mi-Tech. Un concepto rupturista, con estilo de buggy, y cuatro motores el\u00e9ctricos combinados con una turbina a gas.<\/div>\n<\/div>\n<p>&nbsp;<\/p>\n<div class=\"inline-container\"><img decoding=\"async\" src=\"https:\/\/dla.cdncimeco.com\/uploads\/2019\/10\/image5db3813c29155.jpeg\" alt=\"\" \/><\/p>\n<div class=\"image-caption\">Honda Fit. Se present\u00f3 la nueva generaci\u00f3n de este modelo compacto (en algunos pa\u00edses se llama Jazz), pero a\u00fan no est\u00e1 confirmado su arribo a nuestro mercado.<\/div>\n<\/div>\n<p><strong>Honda tambi\u00e9n muestra modelos el\u00e9ctricos y futuristas pero, por otro lado, presenta el modelo m\u00e1s \u201cterrenal\u201d de la muestra:\u00a0<\/strong>la nueva generaci\u00f3n del modelo compacto Fit, que en algunos mercados se conoce como Jazz. La filial argentina de Honda, asegura que a\u00fan no hay planes para la llegada de este nuevo Fit a nuestro mercado.<\/p>\n","protected":false},"excerpt":{"rendered":"<p>El Tokio Motor Show se realiza cada dos a\u00f1os, todos los impares.\u00a0Y es, sin dudas, la exposici\u00f3n de autos donde se muestran las innovaciones m\u00e1s osadas, tanto por las tecnolog\u00edas como por los extravagantes dise\u00f1os. Si bien todav\u00eda se siguen presentando nuevos modelos con motores tradicionales, a combusti\u00f3n interna (pero de muy baja cilindrada y<a class=\"read-more\" href=\"https:\/\/elfederalmendoza.com.ar\/index.php\/2019\/10\/25\/de-no-creer-este-es-el-futuro-de-los-autos-mostrados-en-el-tokio-motor-show\/\"> [&hellip;]<\/a><\/p>\n","protected":false},"author":2,"featured_media":156,"comment_status":"open","ping_status":"open","sticky":false,"template":"","format":"image","meta":{"footnotes":""},"categories":[1],"tags":[65,66,64],"class_list":["post-155","post","type-post","status-publish","format-image","has-post-thumbnail","hentry","category-mza","tag-autos","tag-exposicion","tag-tokio-motor-show","post_format-post-format-image"],"rttpg_featured_image_url":{"full":["https:\/\/elfederalmendoza.com.ar\/wp-content\/uploads\/2019\/10\/lexus.jpg",817,487,false],"landscape":["https:\/\/elfederalmendoza.com.ar\/wp-content\/uploads\/2019\/10\/lexus.jpg",817,487,false],"portraits":["https:\/\/elfederalmendoza.com.ar\/wp-content\/uploads\/2019\/10\/lexus.jpg",817,487,false],"thumbnail":["https:\/\/elfederalmendoza.com.ar\/wp-content\/uploads\/2019\/10\/lexus-150x150.jpg",150,150,true],"medium":["https:\/\/elfederalmendoza.com.ar\/wp-content\/uploads\/2019\/10\/lexus-300x179.jpg",300,179,true],"large":["https:\/\/elfederalmendoza.com.ar\/wp-content\/uploads\/2019\/10\/lexus.jpg",640,381,false],"1536x1536":["https:\/\/elfederalmendoza.com.ar\/wp-content\/uploads\/2019\/10\/lexus.jpg",817,487,false],"2048x2048":["https:\/\/elfederalmendoza.com.ar\/wp-content\/uploads\/2019\/10\/lexus.jpg",817,487,false],"ultp_layout_landscape_large":["https:\/\/elfederalmendoza.com.ar\/wp-content\/uploads\/2019\/10\/lexus.jpg",817,487,false],"ultp_layout_landscape":["https:\/\/elfederalmendoza.com.ar\/wp-content\/uploads\/2019\/10\/lexus.jpg",817,487,false],"ultp_layout_portrait":["https:\/\/elfederalmendoza.com.ar\/wp-content\/uploads\/2019\/10\/lexus.jpg",600,358,false],"ultp_layout_square":["https:\/\/elfederalmendoza.com.ar\/wp-content\/uploads\/2019\/10\/lexus.jpg",600,358,false],"rpwe-thumbnail":["https:\/\/elfederalmendoza.com.ar\/wp-content\/uploads\/2019\/10\/lexus-45x45.jpg",45,45,true],"advps-thumb-one":["https:\/\/elfederalmendoza.com.ar\/wp-content\/uploads\/2019\/10\/lexus-600x220.jpg",600,220,true]},"rttpg_author":{"display_name":"Redacci\u00f3n El Federal","author_link":"https:\/\/elfederalmendoza.com.ar\/index.php\/author\/angelflores\/"},"rttpg_comment":0,"rttpg_category":"<a href=\"https:\/\/elfederalmendoza.com.ar\/index.php\/category\/mza\/\" rel=\"category tag\">Mendoza<\/a>","rttpg_excerpt":"El Tokio Motor Show se realiza cada dos a\u00f1os, todos los impares.\u00a0Y es, sin dudas, la exposici\u00f3n de autos donde se muestran las innovaciones m\u00e1s osadas, tanto por las tecnolog\u00edas como por los extravagantes dise\u00f1os. Si bien todav\u00eda se siguen presentando nuevos modelos con motores tradicionales, a combusti\u00f3n interna (pero de muy baja cilindrada y&hellip;","_links":{"self":[{"href":"https:\/\/elfederalmendoza.com.ar\/index.php\/wp-json\/wp\/v2\/posts\/155","targetHints":{"allow":["GET"]}}],"collection":[{"href":"https:\/\/elfederalmendoza.com.ar\/index.php\/wp-json\/wp\/v2\/posts"}],"about":[{"href":"https:\/\/elfederalmendoza.com.ar\/index.php\/wp-json\/wp\/v2\/types\/post"}],"author":[{"embeddable":true,"href":"https:\/\/elfederalmendoza.com.ar\/index.php\/wp-json\/wp\/v2\/users\/2"}],"replies":[{"embeddable":true,"href":"https:\/\/elfederalmendoza.com.ar\/index.php\/wp-json\/wp\/v2\/comments?post=155"}],"version-history":[{"count":1,"href":"https:\/\/elfederalmendoza.com.ar\/index.php\/wp-json\/wp\/v2\/posts\/155\/revisions"}],"predecessor-version":[{"id":157,"href":"https:\/\/elfederalmendoza.com.ar\/index.php\/wp-json\/wp\/v2\/posts\/155\/revisions\/157"}],"wp:featuredmedia":[{"embeddable":true,"href":"https:\/\/elfederalmendoza.com.ar\/index.php\/wp-json\/wp\/v2\/media\/156"}],"wp:attachment":[{"href":"https:\/\/elfederalmendoza.com.ar\/index.php\/wp-json\/wp\/v2\/media?parent=155"}],"wp:term":[{"taxonomy":"category","embeddable":true,"href":"https:\/\/elfederalmendoza.com.ar\/index.php\/wp-json\/wp\/v2\/categories?post=155"},{"taxonomy":"post_tag","embeddable":true,"href":"https:\/\/elfederalmendoza.com.ar\/index.php\/wp-json\/wp\/v2\/tags?post=155"}],"curies":[{"name":"wp","href":"https:\/\/api.w.org\/{rel}","templated":true}]}}