{"id":158,"date":"2019-10-26T10:43:06","date_gmt":"2019-10-26T13:43:06","guid":{"rendered":"https:\/\/elfederalmendoza.com\/?p=158"},"modified":"2019-10-26T10:43:06","modified_gmt":"2019-10-26T13:43:06","slug":"como-se-gesto-la-historica-marcha-desde-el-regreso-a-la-democracia-en-chile","status":"publish","type":"post","link":"https:\/\/elfederalmendoza.com.ar\/index.php\/2019\/10\/26\/como-se-gesto-la-historica-marcha-desde-el-regreso-a-la-democracia-en-chile\/","title":{"rendered":"C\u00f3mo se gest\u00f3 la hist\u00f3rica marcha desde el regreso a la democr\u00e1cia en Chile"},"content":{"rendered":"<p>M\u00e1s de un mill\u00f3n de personas se reunieron en Santiago para protestar contra el gobierno de Sebasti\u00e1n Pi\u00f1era. Hubo mayor\u00eda de j\u00f3venes pero se vieron m\u00e1s adultos que en las movilizaciones anteriores. Sin banderas pol\u00edticas, la manifestaci\u00f3n qued\u00f3 en la historia por varias razones.<\/p>\n<div class=\"row pb-content-type-text\">\n<div class=\"col-xs-12 col-print-12\">\n<p class=\"element element-paragraph\">Dicen que cada pueblo tiene su hora. La de Chile lleg\u00f3 ayer. Una hora inesperada y contundente. Una hora -cinco horas, en rigor- de pura transformaci\u00f3n.<\/p>\n<\/div>\n<\/div>\n<div class=\"row pb-content-type-text\">\n<div class=\"col-xs-12 col-print-12\">\n<p class=\"element element-paragraph\"><b>La convocatoria a provocar \u201cla marcha m\u00e1s grande de la historia de Chile\u201d comenz\u00f3 a moverse en redes sociales y de boca en boca.<\/b>\u00a0Todos los d\u00edas desde el viernes anterior, cuando estall\u00f3 la primera protesta por el aumento del Metro, hubo concentraciones en Santiago y en otras ciudades del pa\u00eds, pero ninguna logr\u00f3 la dimensi\u00f3n que tuvo esta.\u00a0<b>Los n\u00fameros hablan de un mill\u00f3n de personas (algunos dicen un mill\u00f3n y medio), todos apilados desde el barrio de Providencia hasta La Moneda.<\/b><\/p>\n<\/div>\n<\/div>\n<div class=\"row pb-content-type-image\">\n<figure class=\"element element-image col-xs-12\">\n<div class=\"single-image\">\n<div class=\"shares\">\n<div class=\"share-button facebook\" data-url=\"https:\/\/www.infobae.com\/america\/america-latina\/2019\/10\/26\/como-se-gesto-la-marcha-mas-masiva-desde-el-regreso-de-la-democracia-en-chile\/%234C23XLDZDZBXXDXSMC5ZO6QD3U\" data-original=\"https:\/\/arc-anglerfish-arc2-prod-infobae.s3.amazonaws.com\/public\/4C23XLDZDZBXXDXSMC5ZO6QD3U.jpg\"><\/div>\n<\/div>\n<p><img decoding=\"async\" id=\"4C23XLDZDZBXXDXSMC5ZO6QD3U\" class=\"image-lazy\" src=\"https:\/\/www.infobae.com\/new-resizer\/ejswW4foBMjrL3ag7zeK24Ovmww=\/750x0\/filters:quality(100)\/arc-anglerfish-arc2-prod-infobae.s3.amazonaws.com\/public\/4C23XLDZDZBXXDXSMC5ZO6QD3U.jpg\" alt=\"\" width=\"750\" height=\"1125.1148545176109\" data-url=\"https:\/\/www.infobae.com\/america\/america-latina\/2019\/10\/26\/como-se-gesto-la-marcha-mas-masiva-desde-el-regreso-de-la-democracia-en-chile\/%234C23XLDZDZBXXDXSMC5ZO6QD3U\" data-original=\"https:\/\/www.infobae.com\/new-resizer\/ejswW4foBMjrL3ag7zeK24Ovmww=\/750x0\/filters:quality(100)\/arc-anglerfish-arc2-prod-infobae.s3.amazonaws.com\/public\/4C23XLDZDZBXXDXSMC5ZO6QD3U.jpg\" \/><\/p>\n<\/div><figcaption class=\"\"><span class=\"credit\">\u00abNo m\u00e1s abusos\u00bb. Ese era el lema que ten\u00eda escrito el joven en su cuerpo. en reclamos por la violencia ejercida por las fuerzas de seguridad durante todos estos d\u00edas de reclamos.<\/span><\/figcaption><\/figure>\n<\/div>\n<div class=\"row pb-content-type-text\">\n<div class=\"col-xs-12 col-print-12\">\n<p class=\"element element-paragraph\">Fue una marcha an\u00f3mala. M\u00e1s bien, una concentraci\u00f3n (porque marchar no se pudo por la cantidad de gente). An\u00f3mala, primero, porque\u00a0<b>no hubo banderas de grupos pol\u00ecticos.<\/b>\u00a0Era dif\u00edcil que las hubiera: no solo porque nadie est\u00e1 liderando el movimiento sino porque\u00a0<b>desde su gestaci\u00f3n hay un rechazo absoluto a la clase pol\u00ectica en general. \u00bfQu\u00e9 partido se hubiera animado a deplegar sus fuerzas ah\u00ed? \u00bfQu\u00e9 pol\u00edtico hubiera sido capaz de tal provocaci\u00f3n?<\/b><\/p>\n<\/div>\n<\/div>\n<div class=\"row pb-content-type-text\">\n<div class=\"col-xs-12 col-print-12\">\n<p class=\"element element-paragraph\">Banderas de Chile, banderas del pueblo Mapuche. M\u00e1scaras de gas caseras o sofisticadas. Barbijos y botellitas de agua con bicarbonato. Los chilenos llegaron preparados para todo pero el destino -y acaso una buena decisi\u00f3n pol\u00edtica, finalmente- hicieron que casi no hiciera falta usar esas m\u00e1scaras.<\/p>\n<\/div>\n<\/div>\n<div class=\"row pb-content-type-text\">\n<div class=\"col-xs-12 col-print-12\">\n<p class=\"element element-paragraph\"><b>Las otras banderas que flamearon fueron las del Colo Colo y las de la Universidad de Chile, equipos de f\u00fatbol rivales cuyos hinchas llideraron los c\u00e1nticos. Fue sorpresivo para todos ver que durante la manifestaci\u00f3n parec\u00edan columnas de la misma hinchada. \u201cLa marcha que uni\u00f3 a Chile\u201d,<\/b>\u00a0titulaban algunos canales de televisi\u00f3n, amparados en esa imagen, la de los barras bravas compartiendo el humo, los bombos, las gargantas, el hartazgo.<\/p>\n<\/div>\n<\/div>\n<div class=\"row pb-content-type-image\">\n<figure class=\"element element-image col-xs-12\">\n<div class=\"single-image\">\n<div class=\"shares\">\n<div class=\"share-button facebook\" data-url=\"https:\/\/www.infobae.com\/america\/america-latina\/2019\/10\/26\/como-se-gesto-la-marcha-mas-masiva-desde-el-regreso-de-la-democracia-en-chile\/%23BQFC7QTB3BA3HDJD3OWMHC4A7E\" data-original=\"https:\/\/arc-anglerfish-arc2-prod-infobae.s3.amazonaws.com\/public\/BQFC7QTB3BA3HDJD3OWMHC4A7E.jpg\"><\/div>\n<\/div>\n<p><img decoding=\"async\" id=\"BQFC7QTB3BA3HDJD3OWMHC4A7E\" class=\"image-lazy\" src=\"https:\/\/www.infobae.com\/new-resizer\/rxyzHol2U591AjsBQpLmaRP8FZY=\/750x0\/filters:quality(100)\/arc-anglerfish-arc2-prod-infobae.s3.amazonaws.com\/public\/BQFC7QTB3BA3HDJD3OWMHC4A7E.jpg\" alt=\"Salvo banderas pol\u00edticas, las hubo de todos los colores. Incluso de equipos de f\u00fatbol rivales como la U de Chile y el Colo Colo. La manifestaci\u00f3n fue absolutamente en paz.\" width=\"750\" height=\"421.90136883555226\" data-url=\"https:\/\/www.infobae.com\/america\/america-latina\/2019\/10\/26\/como-se-gesto-la-marcha-mas-masiva-desde-el-regreso-de-la-democracia-en-chile\/%23BQFC7QTB3BA3HDJD3OWMHC4A7E\" data-original=\"https:\/\/www.infobae.com\/new-resizer\/rxyzHol2U591AjsBQpLmaRP8FZY=\/750x0\/filters:quality(100)\/arc-anglerfish-arc2-prod-infobae.s3.amazonaws.com\/public\/BQFC7QTB3BA3HDJD3OWMHC4A7E.jpg\" \/><\/p>\n<\/div><figcaption class=\"\"><span class=\"credit\">Salvo banderas pol\u00edticas, las hubo de todos los colores. Incluso de equipos de f\u00fatbol rivales como la U de Chile y el Colo Colo. La manifestaci\u00f3n fue absolutamente en paz.<\/p>\n<p><\/span><\/figcaption><\/figure>\n<\/div>\n<blockquote class=\"twitter-tweet\" data-lang=\"es\">\n<p dir=\"ltr\" lang=\"es\">NO PENS\u00c9 QUE TENDR\u00cdA VIDA PARA VER ESTO <a href=\"https:\/\/t.co\/61ttb0AS32\">pic.twitter.com\/61ttb0AS32<\/a><\/p>\n<p>\u2014 #GraciasColoColo (@renefutbol) <a href=\"https:\/\/twitter.com\/renefutbol\/status\/1187874082076975104?ref_src=twsrc%5Etfw\">25 de octubre de 2019<\/a><\/p><\/blockquote>\n<p><script async src=\"https:\/\/platform.twitter.com\/widgets.js\" charset=\"utf-8\"><\/script><\/p>\n<div class=\"row pb-content-type-oembed_response\">\n<div class=\"col-xs-12 col-print-12\">\n<div class=\"element element-oembed\">\n<div class=\"SandboxRoot env-bp-350\" data-twitter-event-id=\"0\">\n<div id=\"twitter-widget-0\" class=\"EmbeddedTweet EmbeddedTweet--cta js-clickToOpenTarget\" lang=\"en\" data-click-to-open-target=\"https:\/\/twitter.com\/renefutbol\/status\/1187874082076975104\" data-iframe-title=\"Twitter Tweet\" data-scribe=\"page:tweet\" data-twitter-event-id=\"1\">\n<div class=\"EmbeddedTweet-tweetContainer\">\n<div class=\"EmbeddedTweet-tweet\">\n<blockquote class=\"Tweet h-entry js-tweetIdInfo subject expanded\" cite=\"https:\/\/twitter.com\/renefutbol\/status\/1187874082076975104\" data-tweet-id=\"1187874082076975104\" data-scribe=\"section:subject\">\n<div class=\"Tweet-header\"><\/div>\n<div class=\"Tweet-body e-entry-content\" data-scribe=\"component:tweet\">\n<div class=\"Tweet-target js-inViewportScribingTarget\"><\/div>\n<div class=\"Tweet-card\">\n<article class=\"MediaCard cards-multimedia customisable-border\" dir=\"ltr\" data-scribe=\"component:card\" data-publisher-id=\"821993160\">\n<div class=\"MediaCard-media\">\n<div class=\"MediaCard-widthConstraint js-cspForcedStyle\" data-style=\"max-width: 2000px\">\n<div class=\"MediaCard-mediaContainer MediaCard--roundedTop MediaCard--roundedBottom js-cspForcedStyle\" data-style=\"padding-bottom: 55.0000%\">Junto a ellos estaba Jos\u00e9 Rodr\u00edguez, un hombre de sesenta a\u00f1os que miraba a los j\u00f3venes con l\u00e1grimas en los ojos. \u201cYo soy culpable de todo esto\u201d, dijo a Infobae. Fue una de las pocas personas con barba larga y blanca, ba\u00f1ada de canas por los a\u00f1os. Dice que es responsable de lo que sucede en Chile porque vot\u00f3 a todos los gobiernos, salvo al de Pi\u00f1era. Vot\u00f3 a Aylwin, vot\u00f3 a Frei, vot\u00f3 a Lagos, vot\u00f3 a Bachelet\u2026 Todas presidencias que seg\u00fan \u00e9l abonaron a esta situaci\u00f3n.<\/div>\n<\/div>\n<\/div>\n<\/article>\n<\/div>\n<\/div>\n<\/blockquote>\n<\/div>\n<\/div>\n<\/div>\n<\/div>\n<\/div>\n<\/div>\n<\/div>\n<div class=\"row pb-content-type-text\">\n<div class=\"col-xs-12 col-print-12\">\n<p class=\"element element-paragraph\"><b>\u201cTengo que estar aqu\u00ed con los j\u00f3venes porque son los \u00fanicos valientes en este pa\u00eds.\u00a0<\/b>Todos los viejos son cobardes. \u00a1Viejos cobardes! Por culpa de ustedes y por culpa m\u00eda estamos en esta situaci\u00f3n\u201d, dijo antes de despedirse, a modo de acusaci\u00f3n. Detr\u00e1s suyo brotaba un humo rojo y de fondo se ve\u00eda la estatua del General Baquedano. La escena compon\u00eda el cuadro de Los Miserables, pero aqu\u00ed no hubo quien llevara la espada al frente, quien liderara la batalla.<\/p>\n<\/div>\n<\/div>\n<div class=\"row pb-content-type-image\">\n<figure class=\"element element-image col-xs-12\">\n<div class=\"single-image\">\n<div class=\"shares\">\n<div class=\"share-button facebook\" data-url=\"https:\/\/www.infobae.com\/america\/america-latina\/2019\/10\/26\/como-se-gesto-la-marcha-mas-masiva-desde-el-regreso-de-la-democracia-en-chile\/%23ADOYK3KR7REUBJEM3KD4SXZMMY\" data-original=\"https:\/\/arc-anglerfish-arc2-prod-infobae.s3.amazonaws.com\/public\/ADOYK3KR7REUBJEM3KD4SXZMMY.jpg\"><\/div>\n<\/div>\n<p><img decoding=\"async\" id=\"ADOYK3KR7REUBJEM3KD4SXZMMY\" class=\"image-lazy\" src=\"https:\/\/www.infobae.com\/new-resizer\/HbdS2m92fPvm8K1uUAonw1bFoj8=\/750x0\/filters:quality(100)\/arc-anglerfish-arc2-prod-infobae.s3.amazonaws.com\/public\/ADOYK3KR7REUBJEM3KD4SXZMMY.jpg\" alt=\"Jose Rodr\u00edguez, de 60 a\u00f1os, lleg\u00f3 a Plaza Italia para acompa\u00f1ar a los j\u00f3venes. \" width=\"750\" height=\"1333.25\" data-url=\"https:\/\/www.infobae.com\/america\/america-latina\/2019\/10\/26\/como-se-gesto-la-marcha-mas-masiva-desde-el-regreso-de-la-democracia-en-chile\/%23ADOYK3KR7REUBJEM3KD4SXZMMY\" data-original=\"https:\/\/www.infobae.com\/new-resizer\/HbdS2m92fPvm8K1uUAonw1bFoj8=\/750x0\/filters:quality(100)\/arc-anglerfish-arc2-prod-infobae.s3.amazonaws.com\/public\/ADOYK3KR7REUBJEM3KD4SXZMMY.jpg\" \/><\/p>\n<\/div><figcaption class=\"\"><span class=\"credit\">Jose Rodr\u00edguez, de 60 a\u00f1os, lleg\u00f3 a Plaza Italia para acompa\u00f1ar a los j\u00f3venes. \u00abSe los debo porque esto que pasa es culpa de mi generaci\u00f3n\u00bb, dijo.<\/span><\/figcaption><\/figure>\n<\/div>\n<div class=\"row pb-content-type-text\">\n<div class=\"col-xs-12 col-print-12\">\n<p class=\"element element-paragraph\">S\u00ed hubo sin embargo una especie de h\u00e9roe chileno auto percibido. Mientras que los disfraces de Spiderman, el Guas\u00f3n y V de Vendetta se repitieron en distintas zonas de la Plaza, un muchacho de treinta y tantos iba de ac\u00e1 para all\u00e1 con una vieja bandera de Chile a modo de capa.<\/p>\n<\/div>\n<\/div>\n<div class=\"row pb-content-type-text\">\n<div class=\"col-xs-12 col-print-12\">\n<p class=\"element element-paragraph\">\u201cTiene diez a\u00f1os de luchas. Diez a\u00f1os salvando gente a lo largo de todo Chile y Ecuador\u201d, defini\u00f3, sin dar el nombre porque cree en el anonimato. Durante todo el viernes se lo vio ayudando a la gente (sobre todo al final, cuando llegaron algunas bombas de gas).<\/p>\n<\/div>\n<\/div>\n<div class=\"row pb-content-type-text\">\n<div class=\"col-xs-12 col-print-12\">\n<p class=\"element element-paragraph\">\u201cSeguimos, no paramos hasta que nos den lo que queremos: que se vaya el presidente. Los desmanes son tristes, pero el gobierno tiene a la polic\u00eda que los protege, \u00bfqui\u00e9n nos protege a nosotros? \u00bfCu\u00e1nta sangre m\u00e1s quieren que se derrame para que hagan su trabajo como corresponde? Estamos luchando porque van 30 a\u00f1os de sueldos indignos, salud miserable, educaci\u00f3n paup\u00e9rrima\u2026 Por eso y m\u00e1s\u201d, dijo sobre la situaci\u00f3n.<\/p>\n<\/div>\n<\/div>\n<div class=\"row pb-content-type-image\">\n<figure class=\"element element-image col-xs-12\">\n<div class=\"single-image\">\n<div class=\"shares\">\n<div class=\"share-button facebook\" data-url=\"https:\/\/www.infobae.com\/america\/america-latina\/2019\/10\/26\/como-se-gesto-la-marcha-mas-masiva-desde-el-regreso-de-la-democracia-en-chile\/%2356G4UL3XBFBLRLMBIRFBEFTGSQ\" data-original=\"https:\/\/arc-anglerfish-arc2-prod-infobae.s3.amazonaws.com\/public\/56G4UL3XBFBLRLMBIRFBEFTGSQ.jpg\"><\/div>\n<\/div>\n<p><img decoding=\"async\" id=\"56G4UL3XBFBLRLMBIRFBEFTGSQ\" class=\"image-lazy\" src=\"https:\/\/www.infobae.com\/new-resizer\/dxwIYL1bkVeiwt_f5feaS_41Pfk=\/750x0\/filters:quality(100)\/arc-anglerfish-arc2-prod-infobae.s3.amazonaws.com\/public\/56G4UL3XBFBLRLMBIRFBEFTGSQ.jpg\" alt=\"Las estaciones de Metro y de bus sirvieron de tarima para los manifestantes. Si bien se ven destruidas, no sucedi\u00f3 en esta protesta sino en las anteriores.\" width=\"750\" height=\"421.90136883555226\" data-url=\"https:\/\/www.infobae.com\/america\/america-latina\/2019\/10\/26\/como-se-gesto-la-marcha-mas-masiva-desde-el-regreso-de-la-democracia-en-chile\/%2356G4UL3XBFBLRLMBIRFBEFTGSQ\" data-original=\"https:\/\/www.infobae.com\/new-resizer\/dxwIYL1bkVeiwt_f5feaS_41Pfk=\/750x0\/filters:quality(100)\/arc-anglerfish-arc2-prod-infobae.s3.amazonaws.com\/public\/56G4UL3XBFBLRLMBIRFBEFTGSQ.jpg\" \/><\/p>\n<\/div><figcaption class=\"\"><span class=\"credit\">Las estaciones de Metro y de bus sirvieron de tarima para los manifestantes. Si bien se ven destruidas, no sucedi\u00f3 en esta protesta sino en las anteriores.<\/span><\/figcaption><\/figure>\n<\/div>\n<div class=\"row pb-content-type-text\">\n<div class=\"col-xs-12 col-print-12\">\n<p class=\"element element-paragraph\">\u00bfC\u00f3mo se define un problema que est\u00e1 compuesto por todos los problemas posible? Ni el viernes ni el jueves ni el mi\u00e9rcoles hubo una sola consigna. De hecho, con el correr de los d\u00edas se fueron sumando lemas y reclamos, nunca afinando.<\/p>\n<\/div>\n<\/div>\n<div class=\"row pb-content-type-text\">\n<div class=\"col-xs-12 col-print-12\">\n<p class=\"element element-paragraph\">Atento a esto, Pablo -un artista chileno- arm\u00f3 un proyecto y lo llev\u00f3 a la plaza: el Pliego Colectivo. Llev\u00f3 un mont\u00f3n de cartulinas blancas y las peg\u00f3 en el piso como si fuera un largo lienzo. Llen\u00f3 la zona de marcadores e invit\u00f3 a la gente a escribir ah\u00ed lo que quisiera. De ese modo fueron brotando las palabras para nombrar el descontento.<\/p>\n<\/div>\n<\/div>\n<div class=\"row pb-content-type-image\">\n<figure class=\"element element-image col-xs-12\">\n<div class=\"single-image\">\n<div class=\"shares\">\n<div class=\"share-button facebook\" data-url=\"https:\/\/www.infobae.com\/america\/america-latina\/2019\/10\/26\/como-se-gesto-la-marcha-mas-masiva-desde-el-regreso-de-la-democracia-en-chile\/%23S75F5TSWXFAX3MZHEWSTTGZKCY\" data-original=\"https:\/\/arc-anglerfish-arc2-prod-infobae.s3.amazonaws.com\/public\/S75F5TSWXFAX3MZHEWSTTGZKCY.jpg\"><\/div>\n<\/div>\n<p><img decoding=\"async\" id=\"S75F5TSWXFAX3MZHEWSTTGZKCY\" class=\"image-lazy\" src=\"https:\/\/www.infobae.com\/new-resizer\/rZZeBf1uQ9hh1_QXy2WMMWeTclM=\/750x0\/filters:quality(100)\/arc-anglerfish-arc2-prod-infobae.s3.amazonaws.com\/public\/S75F5TSWXFAX3MZHEWSTTGZKCY.jpg\" alt=\"Rodrigo y Javiera se caracterizaron del Guas\u00f2n, en referencia al hartazgo de la sociedad que se muestra en la pel\u00edcula.\" width=\"750\" height=\"421.90136883555226\" data-url=\"https:\/\/www.infobae.com\/america\/america-latina\/2019\/10\/26\/como-se-gesto-la-marcha-mas-masiva-desde-el-regreso-de-la-democracia-en-chile\/%23S75F5TSWXFAX3MZHEWSTTGZKCY\" data-original=\"https:\/\/www.infobae.com\/new-resizer\/rZZeBf1uQ9hh1_QXy2WMMWeTclM=\/750x0\/filters:quality(100)\/arc-anglerfish-arc2-prod-infobae.s3.amazonaws.com\/public\/S75F5TSWXFAX3MZHEWSTTGZKCY.jpg\" \/><\/p>\n<\/div><figcaption class=\"\"><span class=\"credit\">Rodrigo y Javiera se caracterizaron del Guas\u00f2n, en referencia al hartazgo de la sociedad que se muestra en la pel\u00edcula.<\/span><\/figcaption><\/figure>\n<\/div>\n<div class=\"row pb-content-type-text\">\n<div class=\"col-xs-12 col-print-12\">\n<p class=\"element element-paragraph\"><b>\u201cNos interesa saber qu\u00e9 es lo que motiva a la gente para estar ac\u00e1 en la calle. No hay una consigna definitiva pero s\u00ed una b\u00fasqueda de justicia y de una sociedad m\u00e1s igual\u201d,<\/b>\u00a0explic\u00f3 el creador de la idea, cuyo resultado puede verse en una cuenta de instagram.<\/p>\n<\/div>\n<\/div>\n<div class=\"row pb-content-type-text\">\n<div class=\"col-xs-12 col-print-12\">\n<p class=\"element element-paragraph\">Desde cada codo, desde cada monumento llegaban las canciones. Hay algo de culpa en definirlo como fiesta: si bien el esp\u00edritu fue festivo, sus razones no. Sin embargo, los miles y miles de j\u00f3venes (la mayor\u00eda absoluta, una vez m\u00e1s, ten\u00eda menos de 30 a\u00f1os), parec\u00edan estar en su m\u00e1s grande primavera. Circulaba la cerveza, pateaban pelotas de f\u00fatbol al aire y bailaban.<\/p>\n<\/div>\n<\/div>\n<div class=\"row pb-content-type-text\">\n<div class=\"col-xs-12 col-print-12\">\n<p class=\"element element-paragraph\">Cada pocos minutos, cantaban uno u otro hit: \u201cEl que no salta es paco\/ el que no salta es paco\u201d (en desprecio del accionar de la polic\u00eda desde que comenz\u00f3 la revuelta).\u00a0<b>\u201cOh\u2026 Chile despert\u00f3\/ despert\u00f3, despert\u00f3\u2026 Chile despert\u00f3\u201d, acaso el himno de esta semana fat\u00eddica.<\/b>\u00a0\u201cEl pueblo, unido, jam\u00e1s ser\u00e1 vencido\u201d, hit latinoamericano que no pod\u00eca faltar. Y una versi\u00f3n anti represi\u00f3n del Dale Alegr\u00eda A Mi Coraz\u00f3n: \u201cY vas a ver\u2026 las balas que nos tiraron van a volver\u201d.<\/p>\n<\/div>\n<\/div>\n<div class=\"row pb-content-type-image\">\n<figure class=\"element element-image col-xs-12\">\n<div class=\"single-image\">\n<div class=\"shares\">\n<div class=\"share-button facebook\" data-url=\"https:\/\/www.infobae.com\/america\/america-latina\/2019\/10\/26\/como-se-gesto-la-marcha-mas-masiva-desde-el-regreso-de-la-democracia-en-chile\/%23YB2XSB6LRVACLK7AWVAQXPIVN4\" data-original=\"https:\/\/arc-anglerfish-arc2-prod-infobae.s3.amazonaws.com\/public\/YB2XSB6LRVACLK7AWVAQXPIVN4.jpg\"><\/div>\n<\/div>\n<p><img decoding=\"async\" id=\"YB2XSB6LRVACLK7AWVAQXPIVN4\" class=\"image-lazy\" src=\"https:\/\/www.infobae.com\/new-resizer\/FqXbSo7rWSAGv2weGjtcDddm4EQ=\/750x0\/filters:quality(100)\/arc-anglerfish-arc2-prod-infobae.s3.amazonaws.com\/public\/YB2XSB6LRVACLK7AWVAQXPIVN4.jpg\" alt=\"Uno de los \u00fanicos veh\u00edculos que atraves\u00f3 la protesta fue este micro. La gente los celebraba al pasar.\" width=\"750\" height=\"499.948958758677\" data-url=\"https:\/\/www.infobae.com\/america\/america-latina\/2019\/10\/26\/como-se-gesto-la-marcha-mas-masiva-desde-el-regreso-de-la-democracia-en-chile\/%23YB2XSB6LRVACLK7AWVAQXPIVN4\" data-original=\"https:\/\/www.infobae.com\/new-resizer\/FqXbSo7rWSAGv2weGjtcDddm4EQ=\/750x0\/filters:quality(100)\/arc-anglerfish-arc2-prod-infobae.s3.amazonaws.com\/public\/YB2XSB6LRVACLK7AWVAQXPIVN4.jpg\" \/><\/p>\n<\/div><figcaption class=\"\"><span class=\"credit\">Uno de los \u00fanicos veh\u00edculos que atraves\u00f3 la protesta fue este micro. La gente los celebraba al pasar.<\/span><\/figcaption><\/figure>\n<\/div>\n<div class=\"row pb-content-type-text\">\n<div class=\"col-xs-12 col-print-12\">\n<p class=\"element element-paragraph\">Los que no eran j\u00f3venes, lo parec\u00edan. Por esp\u00edritu o por contagio. O simplemente por estar ah\u00ed en familia, otra de las im\u00e1genes que se vio. Madres con sus hijas. Familias enteras. Adolescentes con sus hermanos mayores.<\/p>\n<\/div>\n<\/div>\n<div class=\"row pb-content-type-text\">\n<div class=\"col-xs-12 col-print-12\">\n<p class=\"element element-paragraph\">Tania lleg\u00f3 con muchos de sus seres queridos. \u201c<b>Hay varias generaciones ac\u00e1: mis hijas de 13, de 15, de 17\u2026 Amigos de 22, de 23. Toda mi familia est\u00e1 en la calle. Llevamos desde el d\u00eda uno aqu\u00ed porque llevamos demasiados a\u00f1os esperando la reinvindicaci\u00f3n social.\u00a0<\/b>Demasiados a\u00f1os esperando por justicia, por una verdadera democracia, y principalmente por un cambio de constituci\u00f3n. Desde ah\u00ed tiene que partir todo: asamblea constituyente\u201d<\/p>\n<\/div>\n<\/div>\n<div class=\"row pb-content-type-text\">\n<div class=\"col-xs-12 col-print-12\">\n<p class=\"element element-paragraph\">Si bien la hora se\u00f1alada para la convocatoria era a las 17, la gente fue llegando antes. Quienes estuvieron en distintas manifestaciones notaron r\u00e1pidamente la extra\u00f1eza de esta: \u00bfuna marcha sin columnas? Una marcha sin columnas. \u00bfUna marcha sin micros que lleven a la gente? Una marcha sin micros. \u00bfUna marcha sin una figura que salga ganando detr\u00e1s? Una marcha as\u00ed, s\u00ed. Pac\u00edfica, festiva, creativa, autoregulada.<\/p>\n<\/div>\n<\/div>\n<div class=\"row pb-content-type-image\">\n<figure class=\"element element-image col-xs-12\">\n<div class=\"single-image\">\n<div class=\"shares\">\n<div class=\"share-button facebook\" data-url=\"https:\/\/www.infobae.com\/america\/america-latina\/2019\/10\/26\/como-se-gesto-la-marcha-mas-masiva-desde-el-regreso-de-la-democracia-en-chile\/%23CVO47OQ655ESPNYE3MZNXXT5XM\" data-original=\"https:\/\/arc-anglerfish-arc2-prod-infobae.s3.amazonaws.com\/public\/CVO47OQ655ESPNYE3MZNXXT5XM.jpg\"><\/div>\n<\/div>\n<p><img decoding=\"async\" id=\"CVO47OQ655ESPNYE3MZNXXT5XM\" class=\"image-lazy\" src=\"https:\/\/www.infobae.com\/new-resizer\/FNn18auHM5FVj1aREyx77fHT0tc=\/750x0\/filters:quality(100)\/arc-anglerfish-arc2-prod-infobae.s3.amazonaws.com\/public\/CVO47OQ655ESPNYE3MZNXXT5XM.jpg\" alt=\"Camino a Providencia: el micro entro por avenida Baquedano y se fue para el lado del poniente. No hubo otros micros. Toda la gente lleg\u00f3 por sus propios medios.\" width=\"750\" height=\"499.948958758677\" data-url=\"https:\/\/www.infobae.com\/america\/america-latina\/2019\/10\/26\/como-se-gesto-la-marcha-mas-masiva-desde-el-regreso-de-la-democracia-en-chile\/%23CVO47OQ655ESPNYE3MZNXXT5XM\" data-original=\"https:\/\/www.infobae.com\/new-resizer\/FNn18auHM5FVj1aREyx77fHT0tc=\/750x0\/filters:quality(100)\/arc-anglerfish-arc2-prod-infobae.s3.amazonaws.com\/public\/CVO47OQ655ESPNYE3MZNXXT5XM.jpg\" \/><\/p>\n<\/div><figcaption class=\"\"><span class=\"credit\">Camino a Providencia: el micro entro por avenida Baquedano y se fue para el lado del poniente. No hubo otros micros. Toda la gente lleg\u00f3 por sus propios medios.<\/span><\/figcaption><\/figure>\n<\/div>\n<div class=\"row pb-content-type-image\">\n<figure class=\"element element-image col-xs-12\">\n<div class=\"single-image\">\n<div class=\"shares\">\n<div class=\"share-button facebook\" data-url=\"https:\/\/www.infobae.com\/america\/america-latina\/2019\/10\/26\/como-se-gesto-la-marcha-mas-masiva-desde-el-regreso-de-la-democracia-en-chile\/%233QJE7DEUANEVDMHECDGK4DO2Q4\" data-original=\"https:\/\/arc-anglerfish-arc2-prod-infobae.s3.amazonaws.com\/public\/3QJE7DEUANEVDMHECDGK4DO2Q4.jpg\"><\/div>\n<\/div>\n<p><img decoding=\"async\" id=\"3QJE7DEUANEVDMHECDGK4DO2Q4\" class=\"image-lazy\" src=\"https:\/\/www.infobae.com\/new-resizer\/vl2ZWCdxnAHSf-CB2qg_n9K2OUQ=\/750x0\/filters:quality(100)\/arc-anglerfish-arc2-prod-infobae.s3.amazonaws.com\/public\/3QJE7DEUANEVDMHECDGK4DO2Q4.jpg\" alt=\"El pedido que m\u00e1s se repiti\u00f3 fue el de la renuncia del presidente Pi\u00f1era y el reclamo de una nueva constituci\u00f3n.\" width=\"750\" height=\"499.948958758677\" data-url=\"https:\/\/www.infobae.com\/america\/america-latina\/2019\/10\/26\/como-se-gesto-la-marcha-mas-masiva-desde-el-regreso-de-la-democracia-en-chile\/%233QJE7DEUANEVDMHECDGK4DO2Q4\" data-original=\"https:\/\/www.infobae.com\/new-resizer\/vl2ZWCdxnAHSf-CB2qg_n9K2OUQ=\/750x0\/filters:quality(100)\/arc-anglerfish-arc2-prod-infobae.s3.amazonaws.com\/public\/3QJE7DEUANEVDMHECDGK4DO2Q4.jpg\" \/><\/p>\n<\/div><figcaption class=\"\"><span class=\"credit\">El pedido que m\u00e1s se repiti\u00f3 fue el de la renuncia del presidente Pi\u00f1era y el reclamo de una nueva constituci\u00f3n.<\/span><\/figcaption><\/figure>\n<\/div>\n<div class=\"row pb-content-type-text\">\n<div class=\"col-xs-12 col-print-12\">\n<p class=\"element element-paragraph\">Hasta las ocho de la noche la gente no se iba. Reci\u00e9n a esa hora comenzaron a volver a sus casas.\u00a0<b>Fue, adem\u00e1s, la primera concentraci\u00f3n en la que carabineros no recibi\u00f3 la orden de dispersar.<\/b>\u00a0Los d\u00edas anteriores la polic\u00eda tir\u00f3 gases desde temprano, provocando enfrentamientos y heridos. Esta vez se mantuvo al margen. Reci\u00e9n intervino a las nueve de la noche, cuando todo estaba llegando a su fin. Tiraron algunas bombas de gas y balas de goma, y despu\u00e9s persiguieron a la facci\u00f3n minoritaria de manifestantes violentos.<\/p>\n<\/div>\n<\/div>\n<div class=\"row pb-content-type-text\">\n<div class=\"col-xs-12 col-print-12\">\n<p class=\"element element-paragraph\"><b>Sobre la noche apareci\u00f3 la violencia y estado de furia. Ya no fueron las familias ni los j\u00f3venes, sino la minor\u00eda m\u00e1s embravecida.\u00a0<\/b>La misma que produjo algunos saqueos y encendi\u00f3 barricadas en las calles aleda\u00f1as. Pero no arruinaron la paz que comand\u00f3 el d\u00eda. La ciudad qued\u00f3 vac\u00eda poco antes del toque de queda, que comenz\u00f3 a las 23 horas. Caminar por ah\u00ed se volvi\u00f3 un ejercicio dist\u00f3pico: en el aire flotaba la sensaci\u00f3n de que la historia hab\u00eda cambiado, en las calles ard\u00edan las esquinas y se escuchaban sirenas.<\/p>\n<\/div>\n<\/div>\n<div class=\"row pb-content-type-text\">\n<div class=\"col-xs-12 col-print-12\">\n<p class=\"element element-paragraph\"><b>\u00bfC\u00f3mo se gest\u00f3 la marcha m\u00e1s masiva desde el regreso de la democracia en Chile? Al parecer y seg\u00fan la voz de sus protagonistas, fue gest\u00e1ndose durante treinta a\u00f1os. Y un d\u00eda lleg\u00f3 la hora.\u00a0<\/b>Porque todo pueblo tiene la suya, y la de Chile acaba de quedar en la historia.<\/p>\n<\/div>\n<\/div>\n<div class=\"row pb-content-type-text\">\n<div class=\"col-xs-12 col-print-12\">\n<p class=\"element element-paragraph\"><i>Fotos y video: Joaqu\u00edn S\u00e0nchez Mari\u00f1o<\/i><\/p>\n<p><em>Infobae<\/em><\/p>\n<\/div>\n<\/div>\n","protected":false},"excerpt":{"rendered":"<p>M\u00e1s de un mill\u00f3n de personas se reunieron en Santiago para protestar contra el gobierno de Sebasti\u00e1n Pi\u00f1era. Hubo mayor\u00eda de j\u00f3venes pero se vieron m\u00e1s adultos que en las movilizaciones anteriores. Sin banderas pol\u00edticas, la manifestaci\u00f3n qued\u00f3 en la historia por varias razones. Dicen que cada pueblo tiene su hora. La de Chile lleg\u00f3<a class=\"read-more\" href=\"https:\/\/elfederalmendoza.com.ar\/index.php\/2019\/10\/26\/como-se-gesto-la-historica-marcha-desde-el-regreso-a-la-democracia-en-chile\/\"> [&hellip;]<\/a><\/p>\n","protected":false},"author":2,"featured_media":161,"comment_status":"open","ping_status":"open","sticky":false,"template":"","format":"standard","meta":{"footnotes":""},"categories":[1],"tags":[36,67],"class_list":["post-158","post","type-post","status-publish","format-standard","has-post-thumbnail","hentry","category-mza","tag-chile","tag-manifestacion"],"rttpg_featured_image_url":{"full":["https:\/\/elfederalmendoza.com.ar\/wp-content\/uploads\/2019\/10\/Chile.-Santiago-contra-Pi\u00f1era.-La-m\u00e1s-grande-manifestaci\u00f3n-desde-la-\u00e9poca-de-salvador-Allende.jpeg",582,345,false],"landscape":["https:\/\/elfederalmendoza.com.ar\/wp-content\/uploads\/2019\/10\/Chile.-Santiago-contra-Pi\u00f1era.-La-m\u00e1s-grande-manifestaci\u00f3n-desde-la-\u00e9poca-de-salvador-Allende.jpeg",582,345,false],"portraits":["https:\/\/elfederalmendoza.com.ar\/wp-content\/uploads\/2019\/10\/Chile.-Santiago-contra-Pi\u00f1era.-La-m\u00e1s-grande-manifestaci\u00f3n-desde-la-\u00e9poca-de-salvador-Allende.jpeg",582,345,false],"thumbnail":["https:\/\/elfederalmendoza.com.ar\/wp-content\/uploads\/2019\/10\/Chile.-Santiago-contra-Pi\u00f1era.-La-m\u00e1s-grande-manifestaci\u00f3n-desde-la-\u00e9poca-de-salvador-Allende-150x150.jpeg",150,150,true],"medium":["https:\/\/elfederalmendoza.com.ar\/wp-content\/uploads\/2019\/10\/Chile.-Santiago-contra-Pi\u00f1era.-La-m\u00e1s-grande-manifestaci\u00f3n-desde-la-\u00e9poca-de-salvador-Allende-300x178.jpeg",300,178,true],"large":["https:\/\/elfederalmendoza.com.ar\/wp-content\/uploads\/2019\/10\/Chile.-Santiago-contra-Pi\u00f1era.-La-m\u00e1s-grande-manifestaci\u00f3n-desde-la-\u00e9poca-de-salvador-Allende.jpeg",582,345,false],"1536x1536":["https:\/\/elfederalmendoza.com.ar\/wp-content\/uploads\/2019\/10\/Chile.-Santiago-contra-Pi\u00f1era.-La-m\u00e1s-grande-manifestaci\u00f3n-desde-la-\u00e9poca-de-salvador-Allende.jpeg",582,345,false],"2048x2048":["https:\/\/elfederalmendoza.com.ar\/wp-content\/uploads\/2019\/10\/Chile.-Santiago-contra-Pi\u00f1era.-La-m\u00e1s-grande-manifestaci\u00f3n-desde-la-\u00e9poca-de-salvador-Allende.jpeg",582,345,false],"ultp_layout_landscape_large":["https:\/\/elfederalmendoza.com.ar\/wp-content\/uploads\/2019\/10\/Chile.-Santiago-contra-Pi\u00f1era.-La-m\u00e1s-grande-manifestaci\u00f3n-desde-la-\u00e9poca-de-salvador-Allende.jpeg",582,345,false],"ultp_layout_landscape":["https:\/\/elfederalmendoza.com.ar\/wp-content\/uploads\/2019\/10\/Chile.-Santiago-contra-Pi\u00f1era.-La-m\u00e1s-grande-manifestaci\u00f3n-desde-la-\u00e9poca-de-salvador-Allende.jpeg",582,345,false],"ultp_layout_portrait":["https:\/\/elfederalmendoza.com.ar\/wp-content\/uploads\/2019\/10\/Chile.-Santiago-contra-Pi\u00f1era.-La-m\u00e1s-grande-manifestaci\u00f3n-desde-la-\u00e9poca-de-salvador-Allende.jpeg",582,345,false],"ultp_layout_square":["https:\/\/elfederalmendoza.com.ar\/wp-content\/uploads\/2019\/10\/Chile.-Santiago-contra-Pi\u00f1era.-La-m\u00e1s-grande-manifestaci\u00f3n-desde-la-\u00e9poca-de-salvador-Allende.jpeg",582,345,false],"rpwe-thumbnail":["https:\/\/elfederalmendoza.com.ar\/wp-content\/uploads\/2019\/10\/Chile.-Santiago-contra-Pi\u00f1era.-La-m\u00e1s-grande-manifestaci\u00f3n-desde-la-\u00e9poca-de-salvador-Allende-45x45.jpeg",45,45,true],"advps-thumb-one":["https:\/\/elfederalmendoza.com.ar\/wp-content\/uploads\/2019\/10\/Chile.-Santiago-contra-Pi\u00f1era.-La-m\u00e1s-grande-manifestaci\u00f3n-desde-la-\u00e9poca-de-salvador-Allende-582x220.jpeg",582,220,true]},"rttpg_author":{"display_name":"Redacci\u00f3n El Federal","author_link":"https:\/\/elfederalmendoza.com.ar\/index.php\/author\/angelflores\/"},"rttpg_comment":0,"rttpg_category":"<a href=\"https:\/\/elfederalmendoza.com.ar\/index.php\/category\/mza\/\" rel=\"category tag\">Mendoza<\/a>","rttpg_excerpt":"M\u00e1s de un mill\u00f3n de personas se reunieron en Santiago para protestar contra el gobierno de Sebasti\u00e1n Pi\u00f1era. Hubo mayor\u00eda de j\u00f3venes pero se vieron m\u00e1s adultos que en las movilizaciones anteriores. Sin banderas pol\u00edticas, la manifestaci\u00f3n qued\u00f3 en la historia por varias razones. Dicen que cada pueblo tiene su hora. La de Chile lleg\u00f3&hellip;","_links":{"self":[{"href":"https:\/\/elfederalmendoza.com.ar\/index.php\/wp-json\/wp\/v2\/posts\/158","targetHints":{"allow":["GET"]}}],"collection":[{"href":"https:\/\/elfederalmendoza.com.ar\/index.php\/wp-json\/wp\/v2\/posts"}],"about":[{"href":"https:\/\/elfederalmendoza.com.ar\/index.php\/wp-json\/wp\/v2\/types\/post"}],"author":[{"embeddable":true,"href":"https:\/\/elfederalmendoza.com.ar\/index.php\/wp-json\/wp\/v2\/users\/2"}],"replies":[{"embeddable":true,"href":"https:\/\/elfederalmendoza.com.ar\/index.php\/wp-json\/wp\/v2\/comments?post=158"}],"version-history":[{"count":3,"href":"https:\/\/elfederalmendoza.com.ar\/index.php\/wp-json\/wp\/v2\/posts\/158\/revisions"}],"predecessor-version":[{"id":162,"href":"https:\/\/elfederalmendoza.com.ar\/index.php\/wp-json\/wp\/v2\/posts\/158\/revisions\/162"}],"wp:featuredmedia":[{"embeddable":true,"href":"https:\/\/elfederalmendoza.com.ar\/index.php\/wp-json\/wp\/v2\/media\/161"}],"wp:attachment":[{"href":"https:\/\/elfederalmendoza.com.ar\/index.php\/wp-json\/wp\/v2\/media?parent=158"}],"wp:term":[{"taxonomy":"category","embeddable":true,"href":"https:\/\/elfederalmendoza.com.ar\/index.php\/wp-json\/wp\/v2\/categories?post=158"},{"taxonomy":"post_tag","embeddable":true,"href":"https:\/\/elfederalmendoza.com.ar\/index.php\/wp-json\/wp\/v2\/tags?post=158"}],"curies":[{"name":"wp","href":"https:\/\/api.w.org\/{rel}","templated":true}]}}