{"id":1647,"date":"2020-04-20T15:47:51","date_gmt":"2020-04-20T18:47:51","guid":{"rendered":"https:\/\/elfederalmendoza.com\/?p=1647"},"modified":"2020-04-20T15:47:51","modified_gmt":"2020-04-20T18:47:51","slug":"nuevas-actividades-exceptuadas-esto-no-significa-el-levantamiento-del-aislamiento","status":"publish","type":"post","link":"https:\/\/elfederalmendoza.com.ar\/index.php\/2020\/04\/20\/nuevas-actividades-exceptuadas-esto-no-significa-el-levantamiento-del-aislamiento\/","title":{"rendered":"Nuevas actividades exceptuadas: \u00abEsto no significa el levantamiento del aislamiento\u00bb"},"content":{"rendered":"<div class=\"media\">\n<div class=\"image\">\n<div id=\"vplfgp_galleryembed\" class=\"gallery\">\n<div class=\"image\">El Gobierno nacional incorpor\u00f3 una serie de nuevas actividades a las excepciones a la cuarentena obligatoria,\u00a0la cuales quedaron habilitadas a partir de este lunes. Desde el Gobierno de Mendoza indicaron que est\u00e1n terminando de elaborar los protocolos que regulen estas actividades pero alertaron que \u00ab<b>esto no significa el levantamiento del aislamiento<\/b>\u00ab.<\/div>\n<\/div>\n<\/div>\n<\/div>\n<div id=\"vsmcontent\" class=\"content vsmcontent\">\n<p>El ministro de Gobierno, Trabajo y Justicia de la provincia,\u00a0<b>V\u00edctor Ib\u00e1\u00f1ez Rosaz<\/b>, explic\u00f3 que las excepciones han sido decididas por la Jefatura de Gabinete de Ministros de la Naci\u00f3n y que el Ejecutivo provincial culminar\u00e1 este lunes la redacci\u00f3n de los protocolos de cada una de estas actividades habilitadas.<\/p>\n<p class=\"blue\">\u00ab<b>El mensaje m\u00e1s importante es que esto no significa de ninguna manera el levantamiento del aislamiento obligatorio<\/b>. Esto significa que a las excepciones que ya exist\u00edan y bajo los protocolos que exist\u00edan, hoy se suman estas actividades\u00bb, expres\u00f3 en di\u00e1logo con el programa \u00ab<b>Nada Simple<\/b>\u00bb de\u00a0<span class=\"highlight\">Radio Andina<\/span>.<\/p>\n<p>Se\u00f1al\u00f3 que esta medida apunta a \u00abnecesidades que nos van surgiendo como seres humanos\u00bb pero remarc\u00f3 que \u00ablas vamos a tener que cumplir estrictamente como lo establezcamos en los protocolos, ya que esto no significa el levantamiento del aislamiento\u00bb.<\/p>\n<p>El ministro resalt\u00f3 que se va permitir una apertura de la actividad econ\u00f3mica con la habilitaci\u00f3n a comercios minoristas para que puedan vender con plataformas online y enviar a domicilio. \u00abSomos muy conscientes de que lo econ\u00f3mico es importante\u00bb, sostuvo.<\/p>\n<p class=\"orange\">Respecto del detalle de los rubros que podr\u00e1n funcionar a partir de hoy, Ib\u00e1\u00f1ez dijo que \u00abla decisi\u00f3n administrativa es bastante amplia y se va a ir clarificando\u00bb. No obstante, asegur\u00f3 que \u00ab<b>tiende a una apertura del comercio minorista lo m\u00e1s amplia posible<\/b>\u00ab.<\/p>\n<p>\u00abEl esp\u00edritu de la decisi\u00f3n administrativa es que en la medida que ese comercio sea minorista y que permita que la gente pueda acceder a esos bienes o servicios por plataforma electr\u00f3nica y que pueda llegar hasta la puerta de nuestra casa, est\u00e9 habilitado\u00bb, aclar\u00f3.<\/p>\n<\/div>\n","protected":false},"excerpt":{"rendered":"<p>El Gobierno nacional incorpor\u00f3 una serie de nuevas actividades a las excepciones a la cuarentena obligatoria,\u00a0la cuales quedaron habilitadas a partir de este lunes. Desde el Gobierno de Mendoza indicaron que est\u00e1n terminando de elaborar los protocolos que regulen estas actividades pero alertaron que \u00abesto no significa el levantamiento del aislamiento\u00ab. El ministro de Gobierno,<a class=\"read-more\" href=\"https:\/\/elfederalmendoza.com.ar\/index.php\/2020\/04\/20\/nuevas-actividades-exceptuadas-esto-no-significa-el-levantamiento-del-aislamiento\/\"> [&hellip;]<\/a><\/p>\n","protected":false},"author":2,"featured_media":1648,"comment_status":"open","ping_status":"open","sticky":false,"template":"","format":"image","meta":{"footnotes":""},"categories":[1],"tags":[11],"class_list":["post-1647","post","type-post","status-publish","format-image","has-post-thumbnail","hentry","category-mza","tag-mendoza","post_format-post-format-image"],"rttpg_featured_image_url":{"full":["https:\/\/elfederalmendoza.com.ar\/wp-content\/uploads\/2020\/04\/5e874c7996105_896_607.jpg",896,607,false],"landscape":["https:\/\/elfederalmendoza.com.ar\/wp-content\/uploads\/2020\/04\/5e874c7996105_896_607.jpg",896,607,false],"portraits":["https:\/\/elfederalmendoza.com.ar\/wp-content\/uploads\/2020\/04\/5e874c7996105_896_607.jpg",896,607,false],"thumbnail":["https:\/\/elfederalmendoza.com.ar\/wp-content\/uploads\/2020\/04\/5e874c7996105_896_607-150x150.jpg",150,150,true],"medium":["https:\/\/elfederalmendoza.com.ar\/wp-content\/uploads\/2020\/04\/5e874c7996105_896_607-300x203.jpg",300,203,true],"large":["https:\/\/elfederalmendoza.com.ar\/wp-content\/uploads\/2020\/04\/5e874c7996105_896_607.jpg",640,434,false],"1536x1536":["https:\/\/elfederalmendoza.com.ar\/wp-content\/uploads\/2020\/04\/5e874c7996105_896_607.jpg",896,607,false],"2048x2048":["https:\/\/elfederalmendoza.com.ar\/wp-content\/uploads\/2020\/04\/5e874c7996105_896_607.jpg",896,607,false],"ultp_layout_landscape_large":["https:\/\/elfederalmendoza.com.ar\/wp-content\/uploads\/2020\/04\/5e874c7996105_896_607.jpg",896,607,false],"ultp_layout_landscape":["https:\/\/elfederalmendoza.com.ar\/wp-content\/uploads\/2020\/04\/5e874c7996105_896_607.jpg",841,570,false],"ultp_layout_portrait":["https:\/\/elfederalmendoza.com.ar\/wp-content\/uploads\/2020\/04\/5e874c7996105_896_607.jpg",600,406,false],"ultp_layout_square":["https:\/\/elfederalmendoza.com.ar\/wp-content\/uploads\/2020\/04\/5e874c7996105_896_607.jpg",600,406,false],"rpwe-thumbnail":["https:\/\/elfederalmendoza.com.ar\/wp-content\/uploads\/2020\/04\/5e874c7996105_896_607-45x45.jpg",45,45,true],"advps-thumb-one":["https:\/\/elfederalmendoza.com.ar\/wp-content\/uploads\/2020\/04\/5e874c7996105_896_607-896x420.jpg",896,420,true]},"rttpg_author":{"display_name":"Redacci\u00f3n El Federal","author_link":"https:\/\/elfederalmendoza.com.ar\/index.php\/author\/angelflores\/"},"rttpg_comment":0,"rttpg_category":"<a href=\"https:\/\/elfederalmendoza.com.ar\/index.php\/category\/mza\/\" rel=\"category tag\">Mendoza<\/a>","rttpg_excerpt":"El Gobierno nacional incorpor\u00f3 una serie de nuevas actividades a las excepciones a la cuarentena obligatoria,\u00a0la cuales quedaron habilitadas a partir de este lunes. Desde el Gobierno de Mendoza indicaron que est\u00e1n terminando de elaborar los protocolos que regulen estas actividades pero alertaron que \u00abesto no significa el levantamiento del aislamiento\u00ab. El ministro de Gobierno,&hellip;","_links":{"self":[{"href":"https:\/\/elfederalmendoza.com.ar\/index.php\/wp-json\/wp\/v2\/posts\/1647","targetHints":{"allow":["GET"]}}],"collection":[{"href":"https:\/\/elfederalmendoza.com.ar\/index.php\/wp-json\/wp\/v2\/posts"}],"about":[{"href":"https:\/\/elfederalmendoza.com.ar\/index.php\/wp-json\/wp\/v2\/types\/post"}],"author":[{"embeddable":true,"href":"https:\/\/elfederalmendoza.com.ar\/index.php\/wp-json\/wp\/v2\/users\/2"}],"replies":[{"embeddable":true,"href":"https:\/\/elfederalmendoza.com.ar\/index.php\/wp-json\/wp\/v2\/comments?post=1647"}],"version-history":[{"count":1,"href":"https:\/\/elfederalmendoza.com.ar\/index.php\/wp-json\/wp\/v2\/posts\/1647\/revisions"}],"predecessor-version":[{"id":1649,"href":"https:\/\/elfederalmendoza.com.ar\/index.php\/wp-json\/wp\/v2\/posts\/1647\/revisions\/1649"}],"wp:featuredmedia":[{"embeddable":true,"href":"https:\/\/elfederalmendoza.com.ar\/index.php\/wp-json\/wp\/v2\/media\/1648"}],"wp:attachment":[{"href":"https:\/\/elfederalmendoza.com.ar\/index.php\/wp-json\/wp\/v2\/media?parent=1647"}],"wp:term":[{"taxonomy":"category","embeddable":true,"href":"https:\/\/elfederalmendoza.com.ar\/index.php\/wp-json\/wp\/v2\/categories?post=1647"},{"taxonomy":"post_tag","embeddable":true,"href":"https:\/\/elfederalmendoza.com.ar\/index.php\/wp-json\/wp\/v2\/tags?post=1647"}],"curies":[{"name":"wp","href":"https:\/\/api.w.org\/{rel}","templated":true}]}}