{"id":166,"date":"2019-10-26T11:05:22","date_gmt":"2019-10-26T14:05:22","guid":{"rendered":"https:\/\/elfederalmendoza.com\/?p=166"},"modified":"2019-10-26T11:07:07","modified_gmt":"2019-10-26T14:07:07","slug":"maxima-tension-cambiaria-que-puede-pasar-despues-de-las-elecciones","status":"publish","type":"post","link":"https:\/\/elfederalmendoza.com.ar\/index.php\/2019\/10\/26\/maxima-tension-cambiaria-que-puede-pasar-despues-de-las-elecciones\/","title":{"rendered":"M\u00e1xima tensi\u00f3n cambiaria: \u00bfqu\u00e9 puede pasar despu\u00e9s de las elecciones?"},"content":{"rendered":"<h2>Adem\u00e1s de bajar el tope mensual de compras, se estudia c\u00f3mo limitar el \u201cd\u00f3lar blue\u201d y los giros al exterior. Consultas con referentes econ\u00f3micos de la oposici\u00f3n.<\/h2>\n<p>El mercado -inversores profesionales, empresas, y ahorristas grandes y chicos- operaron la compra y venta de d\u00f3lares de este viernes\u00a0<strong>pensando en que el lunes ser\u00e1 otro mercado.<\/strong><\/p>\n<p><strong>\u200b\u00a0<\/strong>En todos los niveles mencionados existe el convencimiento de que se viene una\u00a0<strong>reconfiguraci\u00f3n del cepo cambiario<\/strong>. Tanto en el Banco Central como en Hacienda guardaron estricto silencio, pero la din\u00e1mica que adquiri\u00f3 la cuesti\u00f3n \u201cd\u00f3lar\u201d, sobre todo en la \u00faltima semana, finalmente lleva a los funcionarios a reconocer, tambi\u00e9n ellos, a que algo va a suceder el lunes.<\/p>\n<p>La salida de dep\u00f3sitos en d\u00f3lares -solo 174 millones el mi\u00e9rcoles, pero se estiman cifras mayores para jueves y viernes- golpearon el stock de reservas, que ya est\u00e1 en US$ 43.503 millones. El salto del d\u00f3lar oficial a $ 65 y los paralelos arriba de $ 80 son indicadores claros de que se viene algo tras las elecciones de este domingo.<\/p>\n<p>Un dato interesante. En ning\u00fan caso, ni entre funcionarios ni en el espacio K, se mencion\u00f3 la intenci\u00f3n de consultar al Fondo Monetario antes de aplicar estas posibles medidas.<\/p>\n<figure id=\"attachment_88\" aria-describedby=\"caption-attachment-88\" style=\"width: 1322px\" class=\"wp-caption alignnone\"><img loading=\"lazy\" decoding=\"async\" class=\" wp-image-88\" src=\"https:\/\/elfederalmendoza.com\/wp-content\/uploads\/2019\/10\/image5db2efe72c9b3-300x169.jpeg\" alt=\"\" width=\"1322\" height=\"745\" srcset=\"https:\/\/elfederalmendoza.com.ar\/wp-content\/uploads\/2019\/10\/image5db2efe72c9b3-300x169.jpeg 300w, https:\/\/elfederalmendoza.com.ar\/wp-content\/uploads\/2019\/10\/image5db2efe72c9b3-768x432.jpeg 768w, https:\/\/elfederalmendoza.com.ar\/wp-content\/uploads\/2019\/10\/image5db2efe72c9b3.jpeg 945w\" sizes=\"auto, (max-width: 1322px) 100vw, 1322px\" \/><figcaption id=\"caption-attachment-88\" class=\"wp-caption-text\">Colas se formaron ayer en centro de Mendoza<\/figcaption><\/figure>\n<p><strong>El men\u00fa de opciones<\/strong>\u00a0que, seg\u00fan pudo saber\u00a0<strong>Clar\u00edn<\/strong>, est\u00e1n sobre la mesa de trabajo del Banco Central, en coordinaci\u00f3n con Hacienda y -se dice- con referentes econ\u00f3micos del candidato Alberto Fern\u00e1ndez, son estas:<\/p>\n<p><strong>Tope m\u00e1s bajo.\u00a0<\/strong>Reducir dr\u00e1sticamente el monto m\u00e1ximo de d\u00f3lares que, por mes, puede comprar un ahorrista a t\u00edtulo personal. El l\u00edmite de 10.000 d\u00f3lares con el que se estren\u00f3 el cepo cambiario el 1 de septiembre pasado pasar\u00e1 a la historia. La discusi\u00f3n es si se lo lleva a 5.000 o a 2.000 d\u00f3lares por mes. Se dir\u00e1 que es un l\u00edmite acorde a la capacidad de ahorro del grueso de los asalariados y profesionales argentinos.<\/p>\n<p><strong>Un l\u00edmite al blue y a los coleros.\u00a0<\/strong>Restringir las compras de quienes no utilizan las plataformas digitales de los propios bancos (home banking o apps). En este punto, se busca acotar el margen de maniobra de quienes se presentan en los mostradores de casa de cambio con pesos en efectivo. Hasta hoy, este tipo de usuarios puede comprar un m\u00e1ximo de 1.000 d\u00f3lares por mes. Lo que se observ\u00f3 en estos d\u00edas es que se arm\u00f3 un verdadero mercado secundario no ya de d\u00f3lares, sino de DNI. El t\u00edpico caso de individuos que ponen su documento pero van a la casa de cambio con pesos de otra persona. Esto se volvi\u00f3 atractivo a partir de que se abri\u00f3 la brecha entre el d\u00f3lar oficial y el blue, entonces se puede hacer una ganancia r\u00e1pida del 12%.<\/p>\n<p><strong>Giros al exterior.\u00a0<\/strong>No se descarta poner l\u00edmites a las transferencias al exterior de personas particulares que tienen una cuenta bancaria en la Argentina y otra -a su nombre y declarada ante la AFIP- en una entidad bancaria en el exterior. Hoy, esta persona puede girar d\u00f3lares a dicha cuenta sin ning\u00fan tipo de limitaci\u00f3n.<\/p>\n<p><strong>Menos rulos y bucles.\u00a0<\/strong>Tambi\u00e9n se estudia limitar a\u00fan m\u00e1s las operaciones para compra de d\u00f3lares a trav\u00e9s de transacciones con t\u00edtulos p\u00fablicos. Aunque aqu\u00ed se busca avanzar con cuidado porque una restricci\u00f3n en este mercado puede ensanchar a\u00fan m\u00e1s la brecha entre el d\u00f3lar oficial y el d\u00f3lar Bolsa o el d\u00f3lar Contado con liquidaci\u00f3n Sobre el tema brechas, tambi\u00e9n est\u00e1 en discusi\u00f3n si finalmente se establecen dos tipos de cambio oficiales: uno comercial y otro financiero, es decir, el desdoblamiento del mercado, para que las operaciones de comercio exterior vayan por un mercado y las financieras por el otro.<\/p>\n<p><strong>Feriado cambiario.<\/strong>\u00a0Es la opci\u00f3n m\u00e1s remota, dada la convulsi\u00f3n que podr\u00eda generar. Se la ve como una opci\u00f3n lejana, pero no se descarta por completo.<\/p>\n<p>En el Gobierno y tambi\u00e9n en el mercado se admit\u00eda que el men\u00fa de opciones depender\u00e1, finalmente, del tono de los discursos que los candidatos realicen el domingo a la noche, cuando se conozcan los resultado. Y de c\u00f3mo podr\u00eda interpretar el mercado el resultado final de la elecci\u00f3n presidencial.<\/p>\n<p>Clar\u00edn<\/p>\n","protected":false},"excerpt":{"rendered":"<p>Adem\u00e1s de bajar el tope mensual de compras, se estudia c\u00f3mo limitar el \u201cd\u00f3lar blue\u201d y los giros al exterior. Consultas con referentes econ\u00f3micos de la oposici\u00f3n. El mercado -inversores profesionales, empresas, y ahorristas grandes y chicos- operaron la compra y venta de d\u00f3lares de este viernes\u00a0pensando en que el lunes ser\u00e1 otro mercado. \u200b\u00a0En<a class=\"read-more\" href=\"https:\/\/elfederalmendoza.com.ar\/index.php\/2019\/10\/26\/maxima-tension-cambiaria-que-puede-pasar-despues-de-las-elecciones\/\"> [&hellip;]<\/a><\/p>\n","protected":false},"author":2,"featured_media":169,"comment_status":"open","ping_status":"open","sticky":false,"template":"","format":"image","meta":{"footnotes":""},"categories":[1],"tags":[12,14],"class_list":["post-166","post","type-post","status-publish","format-image","has-post-thumbnail","hentry","category-mza","tag-dolar","tag-elecciones","post_format-post-format-image"],"rttpg_featured_image_url":{"full":["https:\/\/elfederalmendoza.com.ar\/wp-content\/uploads\/2019\/10\/dolar1.jpg",1249,614,false],"landscape":["https:\/\/elfederalmendoza.com.ar\/wp-content\/uploads\/2019\/10\/dolar1.jpg",1249,614,false],"portraits":["https:\/\/elfederalmendoza.com.ar\/wp-content\/uploads\/2019\/10\/dolar1.jpg",1249,614,false],"thumbnail":["https:\/\/elfederalmendoza.com.ar\/wp-content\/uploads\/2019\/10\/dolar1-150x150.jpg",150,150,true],"medium":["https:\/\/elfederalmendoza.com.ar\/wp-content\/uploads\/2019\/10\/dolar1-300x147.jpg",300,147,true],"large":["https:\/\/elfederalmendoza.com.ar\/wp-content\/uploads\/2019\/10\/dolar1-1024x503.jpg",640,314,true],"1536x1536":["https:\/\/elfederalmendoza.com.ar\/wp-content\/uploads\/2019\/10\/dolar1.jpg",1249,614,false],"2048x2048":["https:\/\/elfederalmendoza.com.ar\/wp-content\/uploads\/2019\/10\/dolar1.jpg",1249,614,false],"ultp_layout_landscape_large":["https:\/\/elfederalmendoza.com.ar\/wp-content\/uploads\/2019\/10\/dolar1.jpg",1200,590,false],"ultp_layout_landscape":["https:\/\/elfederalmendoza.com.ar\/wp-content\/uploads\/2019\/10\/dolar1.jpg",870,428,false],"ultp_layout_portrait":["https:\/\/elfederalmendoza.com.ar\/wp-content\/uploads\/2019\/10\/dolar1.jpg",600,295,false],"ultp_layout_square":["https:\/\/elfederalmendoza.com.ar\/wp-content\/uploads\/2019\/10\/dolar1.jpg",600,295,false],"rpwe-thumbnail":["https:\/\/elfederalmendoza.com.ar\/wp-content\/uploads\/2019\/10\/dolar1-45x45.jpg",45,45,true],"advps-thumb-one":["https:\/\/elfederalmendoza.com.ar\/wp-content\/uploads\/2019\/10\/dolar1-600x220.jpg",600,220,true]},"rttpg_author":{"display_name":"Redacci\u00f3n El Federal","author_link":"https:\/\/elfederalmendoza.com.ar\/index.php\/author\/angelflores\/"},"rttpg_comment":0,"rttpg_category":"<a href=\"https:\/\/elfederalmendoza.com.ar\/index.php\/category\/mza\/\" rel=\"category tag\">Mendoza<\/a>","rttpg_excerpt":"Adem\u00e1s de bajar el tope mensual de compras, se estudia c\u00f3mo limitar el \u201cd\u00f3lar blue\u201d y los giros al exterior. Consultas con referentes econ\u00f3micos de la oposici\u00f3n. El mercado -inversores profesionales, empresas, y ahorristas grandes y chicos- operaron la compra y venta de d\u00f3lares de este viernes\u00a0pensando en que el lunes ser\u00e1 otro mercado. \u200b\u00a0En&hellip;","_links":{"self":[{"href":"https:\/\/elfederalmendoza.com.ar\/index.php\/wp-json\/wp\/v2\/posts\/166","targetHints":{"allow":["GET"]}}],"collection":[{"href":"https:\/\/elfederalmendoza.com.ar\/index.php\/wp-json\/wp\/v2\/posts"}],"about":[{"href":"https:\/\/elfederalmendoza.com.ar\/index.php\/wp-json\/wp\/v2\/types\/post"}],"author":[{"embeddable":true,"href":"https:\/\/elfederalmendoza.com.ar\/index.php\/wp-json\/wp\/v2\/users\/2"}],"replies":[{"embeddable":true,"href":"https:\/\/elfederalmendoza.com.ar\/index.php\/wp-json\/wp\/v2\/comments?post=166"}],"version-history":[{"count":1,"href":"https:\/\/elfederalmendoza.com.ar\/index.php\/wp-json\/wp\/v2\/posts\/166\/revisions"}],"predecessor-version":[{"id":168,"href":"https:\/\/elfederalmendoza.com.ar\/index.php\/wp-json\/wp\/v2\/posts\/166\/revisions\/168"}],"wp:featuredmedia":[{"embeddable":true,"href":"https:\/\/elfederalmendoza.com.ar\/index.php\/wp-json\/wp\/v2\/media\/169"}],"wp:attachment":[{"href":"https:\/\/elfederalmendoza.com.ar\/index.php\/wp-json\/wp\/v2\/media?parent=166"}],"wp:term":[{"taxonomy":"category","embeddable":true,"href":"https:\/\/elfederalmendoza.com.ar\/index.php\/wp-json\/wp\/v2\/categories?post=166"},{"taxonomy":"post_tag","embeddable":true,"href":"https:\/\/elfederalmendoza.com.ar\/index.php\/wp-json\/wp\/v2\/tags?post=166"}],"curies":[{"name":"wp","href":"https:\/\/api.w.org\/{rel}","templated":true}]}}