{"id":1723,"date":"2020-04-26T21:41:17","date_gmt":"2020-04-27T00:41:17","guid":{"rendered":"https:\/\/elfederalmendoza.com\/?p=1723"},"modified":"2020-04-26T21:41:17","modified_gmt":"2020-04-27T00:41:17","slug":"con-552-chile-tuvo-su-record-de-contagios-de-coronavirus-en-un-dia","status":"publish","type":"post","link":"https:\/\/elfederalmendoza.com.ar\/index.php\/2020\/04\/26\/con-552-chile-tuvo-su-record-de-contagios-de-coronavirus-en-un-dia\/","title":{"rendered":"Con 552, Chile tuvo su r\u00e9cord de contagios de coronavirus en un d\u00eda"},"content":{"rendered":"<p><b>Chile report\u00f3 hoy 552 casos confirmados de coronavirus en las \u00faltimas 24 horas, la cantidad m\u00e1s alta en un d\u00eda desde que se registr\u00f3 la enfermedad en el pa\u00eds, y ascendi\u00f3 a 12.858 el n\u00famero total de contagiados.<\/b><\/p>\n<p class=\"orange\">Asimismo, siete personas fallecieron en el \u00faltimo d\u00eda -una de ellas fue la primera v\u00edctima fatal en la regi\u00f3n de Tarapac\u00e1, lim\u00edtrofe con Bolivia- y sumaban 181 los decesos por Covid-19 en el pa\u00eds, inform\u00f3 el subsecretario de Redes Asistenciales, Arturo Z\u00fa\u00f1iga.<\/p>\n<p>Por otra parte, un informe epidemiol\u00f3gico del Ministerio de Salud publicado hoy indic\u00f3 que en los \u00faltimos d\u00edas se registr\u00f3 un sustantivo aumento de contagios en las principales \u00e1reas metropolitanas del norte del pa\u00eds, pese a la cuarentena.<\/p>\n<p>El trabajo cita a Arica (en la regi\u00f3n hom\u00f3nima), Iquique y Alto Hospicio (en Tarapac\u00e1), y Antofagasta, Calama y Mejillones (en Antofagasta), seg\u00fan el diario La Tercera.<\/p>\n<p>De todos modos, las comunas con mayor cantidad de casos confirmados de coronavirus eran hoy Puente Alto (en el \u00e1rea metropolitana de Santiago), con 126, y la capital, con 108.<\/p>\n<p>En ese contexto, el presidente Sebasti\u00e1n Pi\u00f1era hizo un llamado a la unidad entre el gobierno y la oposici\u00f3n para enfrentar la pandemia de coronavirus y la amenaza de una \u00abgrav\u00edsima recesi\u00f3n\u00bb.<\/p>\n<p>\u00abEn estos momentos en que enfrentamos la pandemia y, adem\u00e1s, la amenaza de una grav\u00edsima recesi\u00f3n, es cuando m\u00e1s necesitamos unidad; estos no son tiempos para que el gobierno se enfrente a la oposici\u00f3n\u00bb, dijo el mandatario al recibir 72 respiradores en el aeropuerto internacional de Santiago.<\/p>\n<p>La exhortaci\u00f3n de Pi\u00f1era pareci\u00f3 una respuesta a la diputada comunista Camila Vallejo, quien critic\u00f3 duramente al gobierno en declaraciones a La Pizarra, una emisora de radio argentina por internet.<\/p>\n<p>\u00abEn Chile falt\u00f3 un presidente y un gobierno m\u00e1s involucrado que adoptara medidas de car\u00e1cter preventivo cuando ya sab\u00edamos que el virus pod\u00eda llegar a Am\u00e9rica latina\u00bb, opin\u00f3 la legisladora y ex dirigente estudiantil.<\/p>\n","protected":false},"excerpt":{"rendered":"<p>Chile report\u00f3 hoy 552 casos confirmados de coronavirus en las \u00faltimas 24 horas, la cantidad m\u00e1s alta en un d\u00eda desde que se registr\u00f3 la enfermedad en el pa\u00eds, y ascendi\u00f3 a 12.858 el n\u00famero total de contagiados. Asimismo, siete personas fallecieron en el \u00faltimo d\u00eda -una de ellas fue la primera v\u00edctima fatal en<a class=\"read-more\" href=\"https:\/\/elfederalmendoza.com.ar\/index.php\/2020\/04\/26\/con-552-chile-tuvo-su-record-de-contagios-de-coronavirus-en-un-dia\/\"> [&hellip;]<\/a><\/p>\n","protected":false},"author":2,"featured_media":1724,"comment_status":"open","ping_status":"open","sticky":false,"template":"","format":"image","meta":{"footnotes":""},"categories":[1],"tags":[36],"class_list":["post-1723","post","type-post","status-publish","format-image","has-post-thumbnail","hentry","category-mza","tag-chile","post_format-post-format-image"],"rttpg_featured_image_url":{"full":["https:\/\/elfederalmendoza.com.ar\/wp-content\/uploads\/2020\/04\/5e98946d11338.jpg",660,378,false],"landscape":["https:\/\/elfederalmendoza.com.ar\/wp-content\/uploads\/2020\/04\/5e98946d11338.jpg",660,378,false],"portraits":["https:\/\/elfederalmendoza.com.ar\/wp-content\/uploads\/2020\/04\/5e98946d11338.jpg",660,378,false],"thumbnail":["https:\/\/elfederalmendoza.com.ar\/wp-content\/uploads\/2020\/04\/5e98946d11338-150x150.jpg",150,150,true],"medium":["https:\/\/elfederalmendoza.com.ar\/wp-content\/uploads\/2020\/04\/5e98946d11338-300x172.jpg",300,172,true],"large":["https:\/\/elfederalmendoza.com.ar\/wp-content\/uploads\/2020\/04\/5e98946d11338.jpg",640,367,false],"1536x1536":["https:\/\/elfederalmendoza.com.ar\/wp-content\/uploads\/2020\/04\/5e98946d11338.jpg",660,378,false],"2048x2048":["https:\/\/elfederalmendoza.com.ar\/wp-content\/uploads\/2020\/04\/5e98946d11338.jpg",660,378,false],"ultp_layout_landscape_large":["https:\/\/elfederalmendoza.com.ar\/wp-content\/uploads\/2020\/04\/5e98946d11338.jpg",660,378,false],"ultp_layout_landscape":["https:\/\/elfederalmendoza.com.ar\/wp-content\/uploads\/2020\/04\/5e98946d11338.jpg",660,378,false],"ultp_layout_portrait":["https:\/\/elfederalmendoza.com.ar\/wp-content\/uploads\/2020\/04\/5e98946d11338.jpg",600,344,false],"ultp_layout_square":["https:\/\/elfederalmendoza.com.ar\/wp-content\/uploads\/2020\/04\/5e98946d11338.jpg",600,344,false],"rpwe-thumbnail":["https:\/\/elfederalmendoza.com.ar\/wp-content\/uploads\/2020\/04\/5e98946d11338-45x45.jpg",45,45,true],"advps-thumb-one":["https:\/\/elfederalmendoza.com.ar\/wp-content\/uploads\/2020\/04\/5e98946d11338.jpg",660,378,false]},"rttpg_author":{"display_name":"Redacci\u00f3n El Federal","author_link":"https:\/\/elfederalmendoza.com.ar\/index.php\/author\/angelflores\/"},"rttpg_comment":0,"rttpg_category":"<a href=\"https:\/\/elfederalmendoza.com.ar\/index.php\/category\/mza\/\" rel=\"category tag\">Mendoza<\/a>","rttpg_excerpt":"Chile report\u00f3 hoy 552 casos confirmados de coronavirus en las \u00faltimas 24 horas, la cantidad m\u00e1s alta en un d\u00eda desde que se registr\u00f3 la enfermedad en el pa\u00eds, y ascendi\u00f3 a 12.858 el n\u00famero total de contagiados. Asimismo, siete personas fallecieron en el \u00faltimo d\u00eda -una de ellas fue la primera v\u00edctima fatal en&hellip;","_links":{"self":[{"href":"https:\/\/elfederalmendoza.com.ar\/index.php\/wp-json\/wp\/v2\/posts\/1723","targetHints":{"allow":["GET"]}}],"collection":[{"href":"https:\/\/elfederalmendoza.com.ar\/index.php\/wp-json\/wp\/v2\/posts"}],"about":[{"href":"https:\/\/elfederalmendoza.com.ar\/index.php\/wp-json\/wp\/v2\/types\/post"}],"author":[{"embeddable":true,"href":"https:\/\/elfederalmendoza.com.ar\/index.php\/wp-json\/wp\/v2\/users\/2"}],"replies":[{"embeddable":true,"href":"https:\/\/elfederalmendoza.com.ar\/index.php\/wp-json\/wp\/v2\/comments?post=1723"}],"version-history":[{"count":1,"href":"https:\/\/elfederalmendoza.com.ar\/index.php\/wp-json\/wp\/v2\/posts\/1723\/revisions"}],"predecessor-version":[{"id":1725,"href":"https:\/\/elfederalmendoza.com.ar\/index.php\/wp-json\/wp\/v2\/posts\/1723\/revisions\/1725"}],"wp:featuredmedia":[{"embeddable":true,"href":"https:\/\/elfederalmendoza.com.ar\/index.php\/wp-json\/wp\/v2\/media\/1724"}],"wp:attachment":[{"href":"https:\/\/elfederalmendoza.com.ar\/index.php\/wp-json\/wp\/v2\/media?parent=1723"}],"wp:term":[{"taxonomy":"category","embeddable":true,"href":"https:\/\/elfederalmendoza.com.ar\/index.php\/wp-json\/wp\/v2\/categories?post=1723"},{"taxonomy":"post_tag","embeddable":true,"href":"https:\/\/elfederalmendoza.com.ar\/index.php\/wp-json\/wp\/v2\/tags?post=1723"}],"curies":[{"name":"wp","href":"https:\/\/api.w.org\/{rel}","templated":true}]}}