{"id":1739,"date":"2020-04-27T11:16:41","date_gmt":"2020-04-27T14:16:41","guid":{"rendered":"https:\/\/elfederalmendoza.com\/?p=1739"},"modified":"2020-04-27T11:16:41","modified_gmt":"2020-04-27T14:16:41","slug":"en-espana-los-medicos-del-futbol-dicen-que-no-es-peligroso-el-regreso","status":"publish","type":"post","link":"https:\/\/elfederalmendoza.com.ar\/index.php\/2020\/04\/27\/en-espana-los-medicos-del-futbol-dicen-que-no-es-peligroso-el-regreso\/","title":{"rendered":"En Espa\u00f1a, los m\u00e9dicos del f\u00fatbol dicen que no es peligroso el regreso"},"content":{"rendered":"<p>El presidente de la Asociaci\u00f3n Espa\u00f1ola de M\u00e9dicos de Equipos de F\u00fatbol, Rafael Ramos, explic\u00f3 el trabajo de protocolos sobre la vuelta de los entrenamientos y competici\u00f3n de la Liga de su pa\u00eds y afirm\u00f3 que no ve \u00abcomo un peligro\u00bb para la sociedad que se reanude la actividad, al tiempo que observ\u00f3 como factible los entrenamientos a partir del 18 de mayo, como se anunci\u00f3 hoy en Italia.<\/p>\n<p>\u00abNo lo veo como un peligro. Lo que pasa es que deben darse las condiciones necesarias para que los riesgos sean los m\u00ednimos\u00bb, afirm\u00f3 esta noche el facultativo en una entrevista con el programa &#8216;El Partidazo&#8217;, de la cadena COPE.<\/p>\n<p>Ramos fue interrogado por el caso de la Serie A, que anunci\u00f3 el permiso para el entrenamiento en soledad desde el 4 de mayo, y en grupos desde el 18, y apunt\u00f3 que en Espa\u00f1a podr\u00eda hacerse algo parecido.<\/p>\n<p>\u00abEl 18 de mayo me parece adecuado. Se est\u00e1n adelantado las cosas, cada vez conocemos m\u00e1s, estamos aprendiendo la interpretaci\u00f3n de los test y todo est\u00e1 evolucionando de forma positiva\u00bb, afirm\u00f3.<\/p>\n<p>\u00abMe parece una fecha adecuada, que se podr\u00eda estudiar porque nuestra situaci\u00f3n es parecida a la de los italianos. Si llegamos a ese momento, en las fase de entrenamiento es m\u00e1s sencillo, aunque en el momento de competir quiz\u00e1 la situaci\u00f3n ser\u00eda un poco m\u00e1s compleja. Pero por lo pronto hoy no tenemos una respuesta cierta, porque falta un criterio sanitario adecuado\u00bb, admiti\u00f3 finalmente Ramos.<\/p>\n","protected":false},"excerpt":{"rendered":"<p>El presidente de la Asociaci\u00f3n Espa\u00f1ola de M\u00e9dicos de Equipos de F\u00fatbol, Rafael Ramos, explic\u00f3 el trabajo de protocolos sobre la vuelta de los entrenamientos y competici\u00f3n de la Liga de su pa\u00eds y afirm\u00f3 que no ve \u00abcomo un peligro\u00bb para la sociedad que se reanude la actividad, al tiempo que observ\u00f3 como factible<a class=\"read-more\" href=\"https:\/\/elfederalmendoza.com.ar\/index.php\/2020\/04\/27\/en-espana-los-medicos-del-futbol-dicen-que-no-es-peligroso-el-regreso\/\"> [&hellip;]<\/a><\/p>\n","protected":false},"author":2,"featured_media":1740,"comment_status":"open","ping_status":"open","sticky":false,"template":"","format":"image","meta":{"footnotes":""},"categories":[1],"tags":[305],"class_list":["post-1739","post","type-post","status-publish","format-image","has-post-thumbnail","hentry","category-mza","tag-espana","post_format-post-format-image"],"rttpg_featured_image_url":{"full":["https:\/\/elfederalmendoza.com.ar\/wp-content\/uploads\/2020\/04\/5ea6dae0a0b7c-1.jpg",656,370,false],"landscape":["https:\/\/elfederalmendoza.com.ar\/wp-content\/uploads\/2020\/04\/5ea6dae0a0b7c-1.jpg",656,370,false],"portraits":["https:\/\/elfederalmendoza.com.ar\/wp-content\/uploads\/2020\/04\/5ea6dae0a0b7c-1.jpg",656,370,false],"thumbnail":["https:\/\/elfederalmendoza.com.ar\/wp-content\/uploads\/2020\/04\/5ea6dae0a0b7c-1-150x150.jpg",150,150,true],"medium":["https:\/\/elfederalmendoza.com.ar\/wp-content\/uploads\/2020\/04\/5ea6dae0a0b7c-1-300x169.jpg",300,169,true],"large":["https:\/\/elfederalmendoza.com.ar\/wp-content\/uploads\/2020\/04\/5ea6dae0a0b7c-1.jpg",640,361,false],"1536x1536":["https:\/\/elfederalmendoza.com.ar\/wp-content\/uploads\/2020\/04\/5ea6dae0a0b7c-1.jpg",656,370,false],"2048x2048":["https:\/\/elfederalmendoza.com.ar\/wp-content\/uploads\/2020\/04\/5ea6dae0a0b7c-1.jpg",656,370,false],"ultp_layout_landscape_large":["https:\/\/elfederalmendoza.com.ar\/wp-content\/uploads\/2020\/04\/5ea6dae0a0b7c-1.jpg",656,370,false],"ultp_layout_landscape":["https:\/\/elfederalmendoza.com.ar\/wp-content\/uploads\/2020\/04\/5ea6dae0a0b7c-1.jpg",656,370,false],"ultp_layout_portrait":["https:\/\/elfederalmendoza.com.ar\/wp-content\/uploads\/2020\/04\/5ea6dae0a0b7c-1.jpg",600,338,false],"ultp_layout_square":["https:\/\/elfederalmendoza.com.ar\/wp-content\/uploads\/2020\/04\/5ea6dae0a0b7c-1.jpg",600,338,false],"rpwe-thumbnail":["https:\/\/elfederalmendoza.com.ar\/wp-content\/uploads\/2020\/04\/5ea6dae0a0b7c-1-45x45.jpg",45,45,true],"advps-thumb-one":["https:\/\/elfederalmendoza.com.ar\/wp-content\/uploads\/2020\/04\/5ea6dae0a0b7c-1.jpg",656,370,false]},"rttpg_author":{"display_name":"Redacci\u00f3n El Federal","author_link":"https:\/\/elfederalmendoza.com.ar\/index.php\/author\/angelflores\/"},"rttpg_comment":0,"rttpg_category":"<a href=\"https:\/\/elfederalmendoza.com.ar\/index.php\/category\/mza\/\" rel=\"category tag\">Mendoza<\/a>","rttpg_excerpt":"El presidente de la Asociaci\u00f3n Espa\u00f1ola de M\u00e9dicos de Equipos de F\u00fatbol, Rafael Ramos, explic\u00f3 el trabajo de protocolos sobre la vuelta de los entrenamientos y competici\u00f3n de la Liga de su pa\u00eds y afirm\u00f3 que no ve \u00abcomo un peligro\u00bb para la sociedad que se reanude la actividad, al tiempo que observ\u00f3 como factible&hellip;","_links":{"self":[{"href":"https:\/\/elfederalmendoza.com.ar\/index.php\/wp-json\/wp\/v2\/posts\/1739","targetHints":{"allow":["GET"]}}],"collection":[{"href":"https:\/\/elfederalmendoza.com.ar\/index.php\/wp-json\/wp\/v2\/posts"}],"about":[{"href":"https:\/\/elfederalmendoza.com.ar\/index.php\/wp-json\/wp\/v2\/types\/post"}],"author":[{"embeddable":true,"href":"https:\/\/elfederalmendoza.com.ar\/index.php\/wp-json\/wp\/v2\/users\/2"}],"replies":[{"embeddable":true,"href":"https:\/\/elfederalmendoza.com.ar\/index.php\/wp-json\/wp\/v2\/comments?post=1739"}],"version-history":[{"count":1,"href":"https:\/\/elfederalmendoza.com.ar\/index.php\/wp-json\/wp\/v2\/posts\/1739\/revisions"}],"predecessor-version":[{"id":1741,"href":"https:\/\/elfederalmendoza.com.ar\/index.php\/wp-json\/wp\/v2\/posts\/1739\/revisions\/1741"}],"wp:featuredmedia":[{"embeddable":true,"href":"https:\/\/elfederalmendoza.com.ar\/index.php\/wp-json\/wp\/v2\/media\/1740"}],"wp:attachment":[{"href":"https:\/\/elfederalmendoza.com.ar\/index.php\/wp-json\/wp\/v2\/media?parent=1739"}],"wp:term":[{"taxonomy":"category","embeddable":true,"href":"https:\/\/elfederalmendoza.com.ar\/index.php\/wp-json\/wp\/v2\/categories?post=1739"},{"taxonomy":"post_tag","embeddable":true,"href":"https:\/\/elfederalmendoza.com.ar\/index.php\/wp-json\/wp\/v2\/tags?post=1739"}],"curies":[{"name":"wp","href":"https:\/\/api.w.org\/{rel}","templated":true}]}}