{"id":18114,"date":"2022-07-02T11:48:22","date_gmt":"2022-07-02T14:48:22","guid":{"rendered":"https:\/\/elfederalmendoza.com\/?p=18114"},"modified":"2022-07-02T13:49:31","modified_gmt":"2022-07-02T16:49:31","slug":"las-leonas-vs-corea-del-sur-hora-y-tv-del-debut-en-el-mundial","status":"publish","type":"post","link":"https:\/\/elfederalmendoza.com.ar\/index.php\/2022\/07\/02\/las-leonas-vs-corea-del-sur-hora-y-tv-del-debut-en-el-mundial\/","title":{"rendered":"Las Leonas vs. Corea del Sur: hora y TV del debut en el Mundial"},"content":{"rendered":"\n<h2 class=\"wp-block-heading\">El seleccionado argentino femenino de hockey sobre c\u00e9sped, Las Leonas, debutar\u00e1n este s\u00e1bado en el Mundial de Espa\u00f1a y Pa\u00edses Bajos<\/h2>\n\n\n\n<p><\/p>\n\n\n\n<figure class=\"wp-block-image size-large is-resized\"><img loading=\"lazy\" decoding=\"async\" src=\"https:\/\/elfederalmendoza.com\/wp-content\/uploads\/2022\/07\/las-leonas-1024x576.webp\" alt=\"\" class=\"wp-image-18115\" width=\"840\" height=\"472\" title=\"Las Leonas son firmes candidatas a conquistar el Mundial de Espa\u00f1a y Pa\u00edses Bajos.\" srcset=\"https:\/\/elfederalmendoza.com.ar\/wp-content\/uploads\/2022\/07\/las-leonas-1024x576.webp 1024w, https:\/\/elfederalmendoza.com.ar\/wp-content\/uploads\/2022\/07\/las-leonas-300x169.webp 300w, https:\/\/elfederalmendoza.com.ar\/wp-content\/uploads\/2022\/07\/las-leonas-768x432.webp 768w, https:\/\/elfederalmendoza.com.ar\/wp-content\/uploads\/2022\/07\/las-leonas.webp 1200w\" sizes=\"auto, (max-width: 840px) 100vw, 840px\" \/><\/figure>\n\n\n\n<p>Las Leonas son firmes candidatas a conquistar el Mundial de Espa\u00f1a y Pa\u00edses Bajos.<\/p>\n\n\n\n<p>La <strong>Selecci\u00f3n argentina<\/strong> femenina de hockey sobre c\u00e9sped, <strong>Las leonas<\/strong>, con la mendocina <strong>Delfina Thom\u00e9<\/strong> en el plantel, buscar\u00e1 este s\u00e1bado su tercer t\u00edtulo en el <strong>Mundial que comenz\u00f3<\/strong> el viernes 1 de julio en las ciudades de <strong>Terrassa(Espa\u00f1a) y Amstelveen<\/strong> <strong>(Pa\u00edses Bajos).<\/strong><\/p>\n\n\n\n<p>Las Leonas,<strong>&nbsp;dirigidas por Fernando Ferrara<\/strong>, llegan a esta competencia como flamantes campeonas de la&nbsp;<strong>Pro League<\/strong>, adem\u00e1s de ser las \u00faltimas ganadoras de la&nbsp;<strong>Copa Panamericana<\/strong>&nbsp;(clasificatoria para este Mundial) y haber sido medalla de plata&nbsp;<strong>en los Juegos Ol\u00edmpicos de Tokio,&nbsp;<\/strong>hace menos de un a\u00f1o.<\/p>\n\n\n\n<p><strong>El Mundial 2022 culminar\u00e1 el 17 de julio&nbsp;<\/strong>y Las Leonas debutar\u00e1n este&nbsp;<strong>s\u00e1bado 2 de julio ante Corea del Sur&nbsp;<\/strong>(a las&nbsp;<strong>13 hora argentina<\/strong>).<\/p>\n\n\n\n<p>Al d\u00eda siguiente, el&nbsp;<strong>domingo 3 de julio<\/strong>, se medir\u00e1n con el anfitri\u00f3n&nbsp;<strong>Espa\u00f1a<\/strong>&nbsp;(<strong>16.30<\/strong>). Cerrar\u00e1n su participaci\u00f3n en el Grupo C el&nbsp;<strong>jueves 7&nbsp;<\/strong>de julio ante&nbsp;<strong>Canad\u00e1<\/strong>&nbsp;(<strong>13<\/strong>). Todos los partidos ser\u00e1n televisados por&nbsp;<strong>ESPN y Star+<\/strong>.<\/p>\n\n\n\n<figure class=\"wp-block-image is-resized\"><img loading=\"lazy\" decoding=\"async\" src=\"https:\/\/media.diariouno.com.ar\/p\/ead1f9b5dadbc464bd5e63f6063877ad\/adjuntos\/298\/imagenes\/009\/015\/0009015349\/1200x0\/smart\/las-leonas-mundialjpg.jpg\" alt=\"Las Leonas abrir\u00e1n fuego en el Mundial frente a Corea del Sur.\" width=\"1219\" height=\"1588\"\/><\/figure>\n\n\n\n<p>Las Leonas abrir\u00e1n fuego en el Mundial frente a Corea del Sur.<\/p>\n\n\n\n<p>Los partidos del Grupo C y tambi\u00e9n del D ser\u00e1n en el Estadio Ol\u00edmpico de Terrassa; los de las Zona As y la B se disputar\u00e1n en Amstelveen y las instancias decisivas ser\u00e1n en Espa\u00f1a.<\/p>\n\n\n\n<h2 class=\"wp-block-heading\">Las Leonas y las zonas del Mundial<\/h2>\n\n\n\n<ul class=\"wp-block-list\"><li>Grupo A: Pa\u00edses Bajos, Irlanda, Chile y Alemania.<\/li><li>Grupo B: India, China, Inglaterra y Nueva Zelanda.<\/li><li>Grupo C: Argentina, Canad\u00e1, Corea del Sur y Espa\u00f1a.<\/li><li>Grupo D: Australia, B\u00e9lgica, Jap\u00f3n y Sud\u00e1frica.<\/li><\/ul>\n\n\n\n<h2 class=\"wp-block-heading\">Las Leonas y el plantel del Mundial<\/h2>\n\n\n\n<ul class=\"wp-block-list\"><li>Bel\u00e9n Succi<\/li><li>Clara Barberi<\/li><li>Valentina Costa Biondi<\/li><li>Mar\u00eda Forcherio<\/li><li>Valentina Raposo<\/li><li>Agustina Gorzelany<\/li><li>Sof\u00eda Toccalino<\/li><li>Victoria Sauze<\/li><li>Valentina Marcucci<\/li><li>Agostina Alonso<\/li><li>Roc\u00edo S\u00e1nchez Moccia<\/li><li>Eugenia Trinchinetti<\/li><li>Jimena Cedres<\/li><li>Mar\u00eda Jos\u00e9 Granatto<\/li><li>Victoria Granatto<\/li><li>Agustina Albertario<\/li><li>Julieta Jankunas<\/li><li>Delfina Thom\u00e9<\/li><\/ul>\n\n\n\n<p><strong>Mendoza Post<\/strong><\/p>\n","protected":false},"excerpt":{"rendered":"<p>El seleccionado argentino femenino de hockey sobre c\u00e9sped, Las Leonas, debutar\u00e1n este s\u00e1bado en el Mundial de Espa\u00f1a y Pa\u00edses Bajos Las Leonas son firmes candidatas a conquistar el Mundial de Espa\u00f1a y Pa\u00edses Bajos. La Selecci\u00f3n argentina femenina de hockey sobre c\u00e9sped, Las leonas, con la mendocina Delfina Thom\u00e9 en el plantel, buscar\u00e1 este<a class=\"read-more\" href=\"https:\/\/elfederalmendoza.com.ar\/index.php\/2022\/07\/02\/las-leonas-vs-corea-del-sur-hora-y-tv-del-debut-en-el-mundial\/\"> [&hellip;]<\/a><\/p>\n","protected":false},"author":2,"featured_media":18115,"comment_status":"open","ping_status":"open","sticky":true,"template":"","format":"standard","meta":{"footnotes":""},"categories":[5620],"tags":[],"class_list":["post-18114","post","type-post","status-publish","format-standard","has-post-thumbnail","hentry","category-deportes"],"rttpg_featured_image_url":{"full":["https:\/\/elfederalmendoza.com.ar\/wp-content\/uploads\/2022\/07\/las-leonas.webp",1200,675,false],"landscape":["https:\/\/elfederalmendoza.com.ar\/wp-content\/uploads\/2022\/07\/las-leonas.webp",1200,675,false],"portraits":["https:\/\/elfederalmendoza.com.ar\/wp-content\/uploads\/2022\/07\/las-leonas.webp",1200,675,false],"thumbnail":["https:\/\/elfederalmendoza.com.ar\/wp-content\/uploads\/2022\/07\/las-leonas-150x150.webp",150,150,true],"medium":["https:\/\/elfederalmendoza.com.ar\/wp-content\/uploads\/2022\/07\/las-leonas-300x169.webp",300,169,true],"large":["https:\/\/elfederalmendoza.com.ar\/wp-content\/uploads\/2022\/07\/las-leonas-1024x576.webp",640,360,true],"1536x1536":["https:\/\/elfederalmendoza.com.ar\/wp-content\/uploads\/2022\/07\/las-leonas.webp",1200,675,false],"2048x2048":["https:\/\/elfederalmendoza.com.ar\/wp-content\/uploads\/2022\/07\/las-leonas.webp",1200,675,false],"ultp_layout_landscape_large":["https:\/\/elfederalmendoza.com.ar\/wp-content\/uploads\/2022\/07\/las-leonas.webp",1200,675,false],"ultp_layout_landscape":["https:\/\/elfederalmendoza.com.ar\/wp-content\/uploads\/2022\/07\/las-leonas-870x570.webp",870,570,true],"ultp_layout_portrait":["https:\/\/elfederalmendoza.com.ar\/wp-content\/uploads\/2022\/07\/las-leonas-600x675.webp",600,675,true],"ultp_layout_square":["https:\/\/elfederalmendoza.com.ar\/wp-content\/uploads\/2022\/07\/las-leonas-600x600.webp",600,600,true],"rpwe-thumbnail":["https:\/\/elfederalmendoza.com.ar\/wp-content\/uploads\/2022\/07\/las-leonas-45x45.webp",45,45,true],"advps-thumb-one":["https:\/\/elfederalmendoza.com.ar\/wp-content\/uploads\/2022\/07\/las-leonas-1200x420.webp",1200,420,true]},"rttpg_author":{"display_name":"Redacci\u00f3n El Federal","author_link":"https:\/\/elfederalmendoza.com.ar\/index.php\/author\/angelflores\/"},"rttpg_comment":0,"rttpg_category":"<a href=\"https:\/\/elfederalmendoza.com.ar\/index.php\/category\/deportes\/\" rel=\"category tag\">Deportes<\/a>","rttpg_excerpt":"El seleccionado argentino femenino de hockey sobre c\u00e9sped, Las Leonas, debutar\u00e1n este s\u00e1bado en el Mundial de Espa\u00f1a y Pa\u00edses Bajos Las Leonas son firmes candidatas a conquistar el Mundial de Espa\u00f1a y Pa\u00edses Bajos. La Selecci\u00f3n argentina femenina de hockey sobre c\u00e9sped, Las leonas, con la mendocina Delfina Thom\u00e9 en el plantel, buscar\u00e1 este&hellip;","_links":{"self":[{"href":"https:\/\/elfederalmendoza.com.ar\/index.php\/wp-json\/wp\/v2\/posts\/18114","targetHints":{"allow":["GET"]}}],"collection":[{"href":"https:\/\/elfederalmendoza.com.ar\/index.php\/wp-json\/wp\/v2\/posts"}],"about":[{"href":"https:\/\/elfederalmendoza.com.ar\/index.php\/wp-json\/wp\/v2\/types\/post"}],"author":[{"embeddable":true,"href":"https:\/\/elfederalmendoza.com.ar\/index.php\/wp-json\/wp\/v2\/users\/2"}],"replies":[{"embeddable":true,"href":"https:\/\/elfederalmendoza.com.ar\/index.php\/wp-json\/wp\/v2\/comments?post=18114"}],"version-history":[{"count":2,"href":"https:\/\/elfederalmendoza.com.ar\/index.php\/wp-json\/wp\/v2\/posts\/18114\/revisions"}],"predecessor-version":[{"id":18119,"href":"https:\/\/elfederalmendoza.com.ar\/index.php\/wp-json\/wp\/v2\/posts\/18114\/revisions\/18119"}],"wp:featuredmedia":[{"embeddable":true,"href":"https:\/\/elfederalmendoza.com.ar\/index.php\/wp-json\/wp\/v2\/media\/18115"}],"wp:attachment":[{"href":"https:\/\/elfederalmendoza.com.ar\/index.php\/wp-json\/wp\/v2\/media?parent=18114"}],"wp:term":[{"taxonomy":"category","embeddable":true,"href":"https:\/\/elfederalmendoza.com.ar\/index.php\/wp-json\/wp\/v2\/categories?post=18114"},{"taxonomy":"post_tag","embeddable":true,"href":"https:\/\/elfederalmendoza.com.ar\/index.php\/wp-json\/wp\/v2\/tags?post=18114"}],"curies":[{"name":"wp","href":"https:\/\/api.w.org\/{rel}","templated":true}]}}