{"id":18178,"date":"2022-07-07T16:22:05","date_gmt":"2022-07-07T19:22:05","guid":{"rendered":"https:\/\/elfederalmendoza.com\/?p=18178"},"modified":"2022-07-07T16:23:21","modified_gmt":"2022-07-07T19:23:21","slug":"luis-suarez-descarto-la-posibilidad-de-jugar-en-river","status":"publish","type":"post","link":"https:\/\/elfederalmendoza.com.ar\/index.php\/2022\/07\/07\/luis-suarez-descarto-la-posibilidad-de-jugar-en-river\/","title":{"rendered":"Luis Su\u00e1rez descart\u00f3 la posibilidad de jugar en River"},"content":{"rendered":"\n<h2 class=\"wp-block-heading\"><a href=\"https:\/\/www.facebook.com\/dialog\/feed?app_id=161316767303985&amp;link=https%3A%2F%2Fwww.diariouno.com.ar%2Fovacion%2Ffutbol%2Fluis-suarez-descarto-la-posibilidad-jugar-river-n1029028&amp;name=Luis+Su%C3%A1rez+descart%C3%B3+la+posibilidad+de+jugar+en+River&amp;caption=Luis+Su%C3%A1rez&amp;description=Tal+como+se+esperaba%2C+la+eliminaci%C3%B3n+de+River+de+la+Copa+Libertadores+trajo+como+consecuencia+la+negativa+de+Luis+Su%C3%A1rez+para+jugar+en+el+equipo+millonario&amp;redirect_uri=https%3A%2F%2Fwww.diariouno.com.ar%2Fovacion%2Ffutbol%2Fluis-suarez-descarto-la-posibilidad-jugar-river-n1029028\" target=\"_blank\" rel=\"noreferrer noopener\"><\/a><\/h2>\n\n\n\n<figure class=\"wp-block-image is-resized\"><img loading=\"lazy\" decoding=\"async\" src=\"https:\/\/media.diariouno.com.ar\/p\/7b3403e06d402cdf02d653f2b8813a69\/adjuntos\/298\/imagenes\/009\/017\/0009017819\/1200x0\/smart\/suarez-2jpg.jpg\" alt=\"Luis Su\u00e1rez descart\u00f3 la posibilidad de jugar en River\" width=\"1219\" height=\"685\" title=\"Luis Su\u00e1rez descart\u00f3 la posibilidad de jugar en River\"\/><\/figure>\n\n\n\n<p>El delantero uruguayo<strong>&nbsp;Luis Su\u00e1rez descart\u00f3 la posibilidad de jugar en River<\/strong>&nbsp;luego de la eliminaci\u00f3n en la<strong> Copa Libertadores ante V\u00e9lez en el Monumental,<\/strong> y seguir\u00e1 su carrera en Europa<\/p>\n\n\n\n<p><strong>\u201cEstaba muy entusiasmado con la posibilidad de ir a River a pelear la Copa Libertadores<\/strong>, era un sue\u00f1o que ten\u00eda, ganar una copa en Sudam\u00e9rica, pero como River qued\u00f3 afuera es que se cae esa posibilidad\u201d, afirm\u00f3 al diario El Pa\u00eds de Montevideo.<\/p>\n\n\n\n<p>\u00abHace un mes y medio declar\u00e9 que no me iba a ir de Europa, pero&nbsp;<strong>River insisti\u00f3 y tanto insisti\u00f3 que me lo llegu\u00e9 a plantear y hubo una posibilidad<\/strong>. Por m\u00e1s que uno diga algo, llegado el momento te lo plante\u00e1s, te ilusiona que te quieran tanto\u201d, admiti\u00f3.<\/p>\n\n\n\n<p><\/p>\n\n\n\n<figure class=\"wp-block-image is-resized\"><img loading=\"lazy\" decoding=\"async\" src=\"https:\/\/media.diariouno.com.ar\/p\/df389af2665f6409abdf51f8dac8bb32\/adjuntos\/298\/imagenes\/009\/017\/0009017816\/1200x0\/smart\/suarez-1jpg.jpg\" alt=\"Luis Su\u00e1rez admiti\u00f3 que estuvo cerca de jugar en River\" width=\"1215\" height=\"1493\"\/><\/figure>\n\n\n\n<p>Luis Su\u00e1rez admiti\u00f3 que estuvo cerca de jugar en River<\/p>\n\n\n\n<p>Luego, en ESPN, el futbolista expres\u00f3: \u00abRiver me motiv\u00f3. Nada me seduc\u00eda m\u00e1s. Era un orgullo, pero no pod\u00eda jugar octavos. Por lo reglamentario esperamos a cuartos y River tuvo la mala suerte de quedar afuera.&nbsp;<strong>Ten\u00eda un pre acuerdo y le dije a Enzo (Francescoli) que la chance se cae&nbsp;<\/strong>por lo deportivo\u00bb.<\/p>\n\n\n\n<p>De este modo, la respuesta negativa de Su\u00e1rez cierra la posibilidad de una operaci\u00f3n que tanto el jugador como Marcelo Gallardo y la instituci\u00f3n se hab\u00edan tomado muy en serio si River avanzaba en la Copa Libertadores. <\/p>\n\n\n\n<blockquote class=\"twitter-tweet\"><p lang=\"es\" dir=\"ltr\">\u00abPOR UN TEMA DEPORTIVO, MI LLEGADA A RIVER SE CAE\u00bb. Luis Su\u00e1rez confirm\u00f3 que por la eliminaci\u00f3n del Millonario de la <a href=\"https:\/\/twitter.com\/hashtag\/Libertadores?src=hash&amp;ref_src=twsrc%5Etfw\">#Libertadores<\/a>, no ser\u00e1 refuerzo del equipo de Gallardo en este mercado de pases. <a href=\"https:\/\/twitter.com\/ESPNFutbolArg?ref_src=twsrc%5Etfw\">@ESPNFutbolArg<\/a> <a href=\"https:\/\/t.co\/u6K0TB9HhP\">pic.twitter.com\/u6K0TB9HhP<\/a><\/p>\u2014 SportsCenter (@SC_ESPN) <a href=\"https:\/\/twitter.com\/SC_ESPN\/status\/1545063980779143168?ref_src=twsrc%5Etfw\">July 7, 2022<\/a><\/blockquote> <script async=\"\" src=\"https:\/\/platform.twitter.com\/widgets.js\" charset=\"utf-8\"><\/script>\n\n\n\n<h2 class=\"wp-block-heading\" id=\"Luis_Su\u00e1rez_no_tuvo_ofertas_de_Nacional\">Luis Su\u00e1rez no tuvo ofertas de Nacional<\/h2>\n\n\n\n<p>Luis Su\u00e1rez tambi\u00e9n admiti\u00f3 su sorpresa por no haber tenido<strong>&nbsp;ning\u00fan acercamiento de Nacional de Montevideo<\/strong>, club en el que se inici\u00f3: \u00abEstoy sorprendido porque los dirigentes de Nacional ni siquiera me llamaron para saber mi situaci\u00f3n\u00bb.<\/p>\n\n\n\n<p>El delantero, de 35 a\u00f1os, que se encuentra libre y a la espera de cerrar con un nuevo equipo,&nbsp;<strong>tiene tres ofertas de Europa<\/strong>&nbsp;para llegar con competencia al Mundial de Qatar 2022.<\/p>\n\n\n\n<p>La idea de Su\u00e1rez es firmar por un a\u00f1o y luego<strong>&nbsp;finalizar su carrera en la MLS&nbsp;<\/strong>de Estados Unidos.<\/p>\n\n\n\n<p><strong>Mendoza Post<\/strong><\/p>\n","protected":false},"excerpt":{"rendered":"<p>El delantero uruguayo&nbsp;Luis Su\u00e1rez descart\u00f3 la posibilidad de jugar en River&nbsp;luego de la eliminaci\u00f3n en la Copa Libertadores ante V\u00e9lez en el Monumental, y seguir\u00e1 su carrera en Europa \u201cEstaba muy entusiasmado con la posibilidad de ir a River a pelear la Copa Libertadores, era un sue\u00f1o que ten\u00eda, ganar una copa en Sudam\u00e9rica, pero<a class=\"read-more\" href=\"https:\/\/elfederalmendoza.com.ar\/index.php\/2022\/07\/07\/luis-suarez-descarto-la-posibilidad-de-jugar-en-river\/\"> [&hellip;]<\/a><\/p>\n","protected":false},"author":2,"featured_media":18182,"comment_status":"open","ping_status":"open","sticky":false,"template":"","format":"standard","meta":{"footnotes":""},"categories":[5618,5620],"tags":[],"class_list":["post-18178","post","type-post","status-publish","format-standard","has-post-thumbnail","hentry","category-arg","category-deportes"],"rttpg_featured_image_url":{"full":["https:\/\/elfederalmendoza.com.ar\/wp-content\/uploads\/2022\/07\/luis.webp",992,661,false],"landscape":["https:\/\/elfederalmendoza.com.ar\/wp-content\/uploads\/2022\/07\/luis.webp",992,661,false],"portraits":["https:\/\/elfederalmendoza.com.ar\/wp-content\/uploads\/2022\/07\/luis.webp",992,661,false],"thumbnail":["https:\/\/elfederalmendoza.com.ar\/wp-content\/uploads\/2022\/07\/luis-150x150.webp",150,150,true],"medium":["https:\/\/elfederalmendoza.com.ar\/wp-content\/uploads\/2022\/07\/luis-300x200.webp",300,200,true],"large":["https:\/\/elfederalmendoza.com.ar\/wp-content\/uploads\/2022\/07\/luis.webp",640,426,false],"1536x1536":["https:\/\/elfederalmendoza.com.ar\/wp-content\/uploads\/2022\/07\/luis.webp",992,661,false],"2048x2048":["https:\/\/elfederalmendoza.com.ar\/wp-content\/uploads\/2022\/07\/luis.webp",992,661,false],"ultp_layout_landscape_large":["https:\/\/elfederalmendoza.com.ar\/wp-content\/uploads\/2022\/07\/luis.webp",992,661,false],"ultp_layout_landscape":["https:\/\/elfederalmendoza.com.ar\/wp-content\/uploads\/2022\/07\/luis-870x570.webp",870,570,true],"ultp_layout_portrait":["https:\/\/elfederalmendoza.com.ar\/wp-content\/uploads\/2022\/07\/luis-600x661.webp",600,661,true],"ultp_layout_square":["https:\/\/elfederalmendoza.com.ar\/wp-content\/uploads\/2022\/07\/luis-600x600.webp",600,600,true],"rpwe-thumbnail":["https:\/\/elfederalmendoza.com.ar\/wp-content\/uploads\/2022\/07\/luis-45x45.webp",45,45,true],"advps-thumb-one":["https:\/\/elfederalmendoza.com.ar\/wp-content\/uploads\/2022\/07\/luis-992x420.webp",992,420,true]},"rttpg_author":{"display_name":"Redacci\u00f3n El Federal","author_link":"https:\/\/elfederalmendoza.com.ar\/index.php\/author\/angelflores\/"},"rttpg_comment":0,"rttpg_category":"<a href=\"https:\/\/elfederalmendoza.com.ar\/index.php\/category\/arg\/\" rel=\"category tag\">Argentina<\/a> <a href=\"https:\/\/elfederalmendoza.com.ar\/index.php\/category\/deportes\/\" rel=\"category tag\">Deportes<\/a>","rttpg_excerpt":"El delantero uruguayo&nbsp;Luis Su\u00e1rez descart\u00f3 la posibilidad de jugar en River&nbsp;luego de la eliminaci\u00f3n en la Copa Libertadores ante V\u00e9lez en el Monumental, y seguir\u00e1 su carrera en Europa \u201cEstaba muy entusiasmado con la posibilidad de ir a River a pelear la Copa Libertadores, era un sue\u00f1o que ten\u00eda, ganar una copa en Sudam\u00e9rica, pero&hellip;","_links":{"self":[{"href":"https:\/\/elfederalmendoza.com.ar\/index.php\/wp-json\/wp\/v2\/posts\/18178","targetHints":{"allow":["GET"]}}],"collection":[{"href":"https:\/\/elfederalmendoza.com.ar\/index.php\/wp-json\/wp\/v2\/posts"}],"about":[{"href":"https:\/\/elfederalmendoza.com.ar\/index.php\/wp-json\/wp\/v2\/types\/post"}],"author":[{"embeddable":true,"href":"https:\/\/elfederalmendoza.com.ar\/index.php\/wp-json\/wp\/v2\/users\/2"}],"replies":[{"embeddable":true,"href":"https:\/\/elfederalmendoza.com.ar\/index.php\/wp-json\/wp\/v2\/comments?post=18178"}],"version-history":[{"count":5,"href":"https:\/\/elfederalmendoza.com.ar\/index.php\/wp-json\/wp\/v2\/posts\/18178\/revisions"}],"predecessor-version":[{"id":18184,"href":"https:\/\/elfederalmendoza.com.ar\/index.php\/wp-json\/wp\/v2\/posts\/18178\/revisions\/18184"}],"wp:featuredmedia":[{"embeddable":true,"href":"https:\/\/elfederalmendoza.com.ar\/index.php\/wp-json\/wp\/v2\/media\/18182"}],"wp:attachment":[{"href":"https:\/\/elfederalmendoza.com.ar\/index.php\/wp-json\/wp\/v2\/media?parent=18178"}],"wp:term":[{"taxonomy":"category","embeddable":true,"href":"https:\/\/elfederalmendoza.com.ar\/index.php\/wp-json\/wp\/v2\/categories?post=18178"},{"taxonomy":"post_tag","embeddable":true,"href":"https:\/\/elfederalmendoza.com.ar\/index.php\/wp-json\/wp\/v2\/tags?post=18178"}],"curies":[{"name":"wp","href":"https:\/\/api.w.org\/{rel}","templated":true}]}}