{"id":18198,"date":"2022-07-08T13:31:13","date_gmt":"2022-07-08T16:31:13","guid":{"rendered":"https:\/\/elfederalmendoza.com\/?p=18198"},"modified":"2022-07-08T13:31:14","modified_gmt":"2022-07-08T16:31:14","slug":"tiene-31-anos-practica-kickboxing-y-deslumbro-al-jurado-de-la-voz-argentina-con-un-tango-la-historia-de-huilen-curra","status":"publish","type":"post","link":"https:\/\/elfederalmendoza.com.ar\/index.php\/2022\/07\/08\/tiene-31-anos-practica-kickboxing-y-deslumbro-al-jurado-de-la-voz-argentina-con-un-tango-la-historia-de-huilen-curra\/","title":{"rendered":"Tiene 31 a\u00f1os, practica kickboxing y deslumbr\u00f3 al jurado de La Voz Argentina con un tango: la historia de Huil\u00e9n Curr\u00e1"},"content":{"rendered":"\n<iframe loading=\"lazy\" src=\"\/\/content.jwplatform.com\/players\/tz7pOxtH-Yjn8KLv1.html\" width=\"640\" height=\"360\" frameborder=\"0\" scrolling=\"auto\"><\/iframe>\n\n\n\n\n\n<p>La previa de Huil\u00e9n (Video: \u00abLa Voz Argentina\u00bb, Telefe<\/p>\n\n\n\n<p>\u201cComenc\u00e9 a cantar de muy chica. Mi pap\u00e1 es m\u00fasico, as\u00ed que era s\u00faper natural toca la guitarra, un bolero, tango, folclore.&nbsp;<strong>As\u00ed que, recuerdo de cu\u00e1ndo empec\u00e9 no tengo<\/strong>\u201d.&nbsp;<strong>Huil\u00e9n Curr\u00e1<\/strong>&nbsp;se sincer\u00f3 en su presentaci\u00f3n de&nbsp;<em><strong>La Voz Argentina<\/strong><\/em>, certamen de Telefe en el que deslumbr\u00f3 a todos los coaches que se dieron vuelta al escucharla entonar el tango \u201cEl cantor de Buenos Aires\u201d.<\/p>\n\n\n\n<p>La joven tiene 31 a\u00f1os, es de Villa Insuperable -partido de La Matanza- y adem\u00e1s de ser m\u00fasica, hace kickboxing. Seg\u00fan dijo en el ciclo que conduce Marley, la ayuda a controlar los nervios y a descargar energ\u00eda minutos antes de subir al escenario.<\/p>\n\n\n\n<p><strong>\u201cMi viejo es tanguero y guitarrista. Una tarde cualquiera en mi casa es tango y guitarra\u201d<\/strong>, continu\u00f3 Huil\u00e9n mirando a c\u00e1mara en la previa a salir a escena y presentarse ante Lali, Mau y Ricky, La Sole y Ricardo Montaner. De igual modo, se refiri\u00f3 a su fascinaci\u00f3n por el tango. \u201cEs un g\u00e9nero que se regenera constantemente.&nbsp;<strong>Cada vez somos m\u00e1s los j\u00f3venes que nos interesamos por la m\u00fasica de nuestra ciudad y nos encargamos de ir construyendo un nuevo tango, pero respetando lo antiguo<\/strong>\u201d, reflexion\u00f3.<\/p>\n\n\n\n<p>En tanto, cuando le consultaron a qu\u00e9 equipo le gustar\u00eda participar, en el caso de que tuviera la suerte de que todos los coaches se dieran vuelta en la audici\u00f3n a ciegas, respondi\u00f3 que al del int\u00e9rprete de \u201cCachita\u201d, entre otros grandes \u00e9xitos. \u201cPorque me gusta desde siempre y su carrera es eterna\u201d, asegur\u00f3 y tambi\u00e9n dej\u00f3 las puertas abiertas para irse con la ex<em>\u00a0Casi \u00c1ngeles<\/em><strong>\u00a0\u201dporque es alguien como nosotros\u201d<\/strong>.<\/p>\n\n\n\n<iframe loading=\"lazy\" src=\"\/\/content.jwplatform.com\/players\/6l7cPmoY-Yjn8KLv1.html\" width=\"640\" height=\"360\" frameborder=\"0\" scrolling=\"auto\"><\/iframe>\n\n\n\n<p>Ya sobre el escenario de&nbsp;<em>La Voz Argentina<\/em>, la joven interpret\u00f3 el popular tango y la primera en girar su silla, exaltada, fue&nbsp;<strong>La Sole<\/strong>. Sus compa\u00f1eros hicieron lo propio luego. De esa forma, todos los coaches voltearon para que Huil\u00e9n tuvieran la fortuna de elegir a qu\u00e9 equipo pertenecer. Pero antes, escuch\u00f3 la devoluci\u00f3n de los artistas. \u201cCantas muy naturalmente y creo que \u00e9se es el tango que le corresponde a esta nueva generaci\u00f3n\u201d, consider\u00f3&nbsp;<strong>Montaner&nbsp;<\/strong>y resalt\u00f3 el hecho de que la joven no haya engolado su voz al interpretar el tema y que lo haya hecho con la misma con la que ella habla.<\/p>\n\n\n\n<p>\u201cLo que me gust\u00f3 mucho de ella es que la interpretaci\u00f3n estuvo por delante de poner voz de tango. Me gust\u00f3 mucho la historia que me estaba contando y el modo en el que me la contaba y me olvid\u00e9 del g\u00e9nero\u201d, agreg\u00f3&nbsp;<strong>Lali<\/strong>.<\/p>\n\n\n\n<p>Al momento de la devoluci\u00f3n de&nbsp;<strong>La Sole<\/strong>, la primera que se hab\u00eda dado vuelta, indic\u00f3 que la participante \u201cest\u00e1 fuera de todo an\u00e1lisis\u201d. \u201cYo no podr\u00eda decirte si engolaste o no engolaste. A m\u00ed me gust\u00f3 lo que hiciste. Punto.<strong>&nbsp;Tu voz me result\u00f3 espectacular desde el principio. No dud\u00e9<\/strong>. Que el tango est\u00e9 y de esta manera, tan natural, en este programa, es fundamental\u201d, afirm\u00f3 la int\u00e9rprete de \u201cTren del cielo\u201d.<\/p>\n\n\n\n<p>Por otro lado, el d\u00fao Mau y Ricky le pidi\u00f3 a Huil\u00e9n que cantara en ingl\u00e9s. Lo hizo y los hermanos exclamaron:<strong>&nbsp;\u201c\u00a1Es muy completa!\u201d<\/strong>.<\/p>\n\n\n\n<p>Al momento de decidir a qu\u00e9 equipo incorporarse, la joven de 31 a\u00f1os accion\u00f3 de manera distinta a la que hab\u00eda vaticinado minutos antes, en la previa.\u00a0<strong>\u201cMe voy a dejar llevar por mi coraz\u00f3n y me voy a ir al equipo de La Sole\u201d<\/strong>, revel\u00f3\u00a0<strong>Huil\u00e9n Curr\u00e1\u00a0<\/strong>haciendo lo que sinti\u00f3 en ese momento. Y Soledad Pastorutti celebr\u00f3 a su nueva cantante con un gesto cl\u00e1sico: revoleando el poncho.<\/p>\n\n\n\n<p><strong>Mendoza Post<\/strong><\/p>\n\n\n\n<p><\/p>\n","protected":false},"excerpt":{"rendered":"<p>La previa de Huil\u00e9n (Video: \u00abLa Voz Argentina\u00bb, Telefe \u201cComenc\u00e9 a cantar de muy chica. Mi pap\u00e1 es m\u00fasico, as\u00ed que era s\u00faper natural toca la guitarra, un bolero, tango, folclore.&nbsp;As\u00ed que, recuerdo de cu\u00e1ndo empec\u00e9 no tengo\u201d.&nbsp;Huil\u00e9n Curr\u00e1&nbsp;se sincer\u00f3 en su presentaci\u00f3n de&nbsp;La Voz Argentina, certamen de Telefe en el que deslumbr\u00f3 a todos<a class=\"read-more\" href=\"https:\/\/elfederalmendoza.com.ar\/index.php\/2022\/07\/08\/tiene-31-anos-practica-kickboxing-y-deslumbro-al-jurado-de-la-voz-argentina-con-un-tango-la-historia-de-huilen-curra\/\"> [&hellip;]<\/a><\/p>\n","protected":false},"author":2,"featured_media":18202,"comment_status":"open","ping_status":"open","sticky":true,"template":"","format":"standard","meta":{"footnotes":""},"categories":[5618,5621],"tags":[],"class_list":["post-18198","post","type-post","status-publish","format-standard","has-post-thumbnail","hentry","category-arg","category-espectaculos"],"rttpg_featured_image_url":{"full":["https:\/\/elfederalmendoza.com.ar\/wp-content\/uploads\/2022\/07\/la-voz-argentina-2022-estos-son-los-looks-de-los-coaches-1367507.jpg",900,900,false],"landscape":["https:\/\/elfederalmendoza.com.ar\/wp-content\/uploads\/2022\/07\/la-voz-argentina-2022-estos-son-los-looks-de-los-coaches-1367507.jpg",900,900,false],"portraits":["https:\/\/elfederalmendoza.com.ar\/wp-content\/uploads\/2022\/07\/la-voz-argentina-2022-estos-son-los-looks-de-los-coaches-1367507.jpg",900,900,false],"thumbnail":["https:\/\/elfederalmendoza.com.ar\/wp-content\/uploads\/2022\/07\/la-voz-argentina-2022-estos-son-los-looks-de-los-coaches-1367507-150x150.jpg",150,150,true],"medium":["https:\/\/elfederalmendoza.com.ar\/wp-content\/uploads\/2022\/07\/la-voz-argentina-2022-estos-son-los-looks-de-los-coaches-1367507-300x300.jpg",300,300,true],"large":["https:\/\/elfederalmendoza.com.ar\/wp-content\/uploads\/2022\/07\/la-voz-argentina-2022-estos-son-los-looks-de-los-coaches-1367507.jpg",640,640,false],"1536x1536":["https:\/\/elfederalmendoza.com.ar\/wp-content\/uploads\/2022\/07\/la-voz-argentina-2022-estos-son-los-looks-de-los-coaches-1367507.jpg",900,900,false],"2048x2048":["https:\/\/elfederalmendoza.com.ar\/wp-content\/uploads\/2022\/07\/la-voz-argentina-2022-estos-son-los-looks-de-los-coaches-1367507.jpg",900,900,false],"ultp_layout_landscape_large":["https:\/\/elfederalmendoza.com.ar\/wp-content\/uploads\/2022\/07\/la-voz-argentina-2022-estos-son-los-looks-de-los-coaches-1367507-900x800.jpg",900,800,true],"ultp_layout_landscape":["https:\/\/elfederalmendoza.com.ar\/wp-content\/uploads\/2022\/07\/la-voz-argentina-2022-estos-son-los-looks-de-los-coaches-1367507-870x570.jpg",870,570,true],"ultp_layout_portrait":["https:\/\/elfederalmendoza.com.ar\/wp-content\/uploads\/2022\/07\/la-voz-argentina-2022-estos-son-los-looks-de-los-coaches-1367507-600x900.jpg",600,900,true],"ultp_layout_square":["https:\/\/elfederalmendoza.com.ar\/wp-content\/uploads\/2022\/07\/la-voz-argentina-2022-estos-son-los-looks-de-los-coaches-1367507-600x600.jpg",600,600,true],"rpwe-thumbnail":["https:\/\/elfederalmendoza.com.ar\/wp-content\/uploads\/2022\/07\/la-voz-argentina-2022-estos-son-los-looks-de-los-coaches-1367507-45x45.jpg",45,45,true],"advps-thumb-one":["https:\/\/elfederalmendoza.com.ar\/wp-content\/uploads\/2022\/07\/la-voz-argentina-2022-estos-son-los-looks-de-los-coaches-1367507-900x420.jpg",900,420,true]},"rttpg_author":{"display_name":"Redacci\u00f3n El Federal","author_link":"https:\/\/elfederalmendoza.com.ar\/index.php\/author\/angelflores\/"},"rttpg_comment":0,"rttpg_category":"<a href=\"https:\/\/elfederalmendoza.com.ar\/index.php\/category\/arg\/\" rel=\"category tag\">Argentina<\/a> <a href=\"https:\/\/elfederalmendoza.com.ar\/index.php\/category\/espectaculos\/\" rel=\"category tag\">Espect\u00e1culos<\/a>","rttpg_excerpt":"La previa de Huil\u00e9n (Video: \u00abLa Voz Argentina\u00bb, Telefe \u201cComenc\u00e9 a cantar de muy chica. Mi pap\u00e1 es m\u00fasico, as\u00ed que era s\u00faper natural toca la guitarra, un bolero, tango, folclore.&nbsp;As\u00ed que, recuerdo de cu\u00e1ndo empec\u00e9 no tengo\u201d.&nbsp;Huil\u00e9n Curr\u00e1&nbsp;se sincer\u00f3 en su presentaci\u00f3n de&nbsp;La Voz Argentina, certamen de Telefe en el que deslumbr\u00f3 a todos&hellip;","_links":{"self":[{"href":"https:\/\/elfederalmendoza.com.ar\/index.php\/wp-json\/wp\/v2\/posts\/18198","targetHints":{"allow":["GET"]}}],"collection":[{"href":"https:\/\/elfederalmendoza.com.ar\/index.php\/wp-json\/wp\/v2\/posts"}],"about":[{"href":"https:\/\/elfederalmendoza.com.ar\/index.php\/wp-json\/wp\/v2\/types\/post"}],"author":[{"embeddable":true,"href":"https:\/\/elfederalmendoza.com.ar\/index.php\/wp-json\/wp\/v2\/users\/2"}],"replies":[{"embeddable":true,"href":"https:\/\/elfederalmendoza.com.ar\/index.php\/wp-json\/wp\/v2\/comments?post=18198"}],"version-history":[{"count":3,"href":"https:\/\/elfederalmendoza.com.ar\/index.php\/wp-json\/wp\/v2\/posts\/18198\/revisions"}],"predecessor-version":[{"id":18201,"href":"https:\/\/elfederalmendoza.com.ar\/index.php\/wp-json\/wp\/v2\/posts\/18198\/revisions\/18201"}],"wp:featuredmedia":[{"embeddable":true,"href":"https:\/\/elfederalmendoza.com.ar\/index.php\/wp-json\/wp\/v2\/media\/18202"}],"wp:attachment":[{"href":"https:\/\/elfederalmendoza.com.ar\/index.php\/wp-json\/wp\/v2\/media?parent=18198"}],"wp:term":[{"taxonomy":"category","embeddable":true,"href":"https:\/\/elfederalmendoza.com.ar\/index.php\/wp-json\/wp\/v2\/categories?post=18198"},{"taxonomy":"post_tag","embeddable":true,"href":"https:\/\/elfederalmendoza.com.ar\/index.php\/wp-json\/wp\/v2\/tags?post=18198"}],"curies":[{"name":"wp","href":"https:\/\/api.w.org\/{rel}","templated":true}]}}