{"id":18250,"date":"2022-07-11T13:47:33","date_gmt":"2022-07-11T16:47:33","guid":{"rendered":"https:\/\/elfederalmendoza.com\/?p=18250"},"modified":"2022-07-11T13:47:35","modified_gmt":"2022-07-11T16:47:35","slug":"boca-confirmo-a-hugo-ibarra-como-tecnico-hasta-fin-de-ano","status":"publish","type":"post","link":"https:\/\/elfederalmendoza.com.ar\/index.php\/2022\/07\/11\/boca-confirmo-a-hugo-ibarra-como-tecnico-hasta-fin-de-ano\/","title":{"rendered":"Boca confirm\u00f3 a Hugo Ibarra como t\u00e9cnico hasta fin de a\u00f1o"},"content":{"rendered":"\n<p>El entrenador\u00a0<strong>Hugo Ibarra\u00a0<\/strong>fue oficializado\u00a0 como director t\u00e9cnico de Boca y asegur\u00f3 estar \u00abmuy feliz y contento\u00bb debido a que es una entidad que quiere \u00abmuch\u00edsimo\u00bb y que le dio \u00abm\u00e1s\u00bb de lo que \u00e9l pensaba, a la vez que indic\u00f3 que \u00abes un desaf\u00edo muy lindo\u00bb y habl\u00f3 de la salida de Carlos Izquierdoz del elenco titular.<\/p>\n\n\n\n<p>\u00abQuiero much\u00edsimo este club, me dio m\u00e1s de lo que yo pensaba en mi vid<strong>a. Como jugador dej\u00e9 todo hasta la \u00faltima gota<\/strong>&nbsp;de transpiraci\u00f3n y hoy me toca un rol importante, un desaf\u00edo muy lindo de estar en este club como t\u00e9cnico\u00bb, revel\u00f3.<\/p>\n\n\n\n<p>Previamente, el presidente<strong>\u00a0Jorge Amor Ameal<\/strong>\u00a0dijo que daban a conocer que Ibarra segu\u00eda en el cargo para que no se hable \u00abde nombres\u00bb durante toda la semana y se\u00f1al\u00f3: \u00abHacemos la presentaci\u00f3n del cuerpo t\u00e9cnico que ser\u00e1 desde la fecha hasta el 31 de diciembre. No se hablar\u00e1 ni de otros t\u00e9cnicos ni de jugadores que se presten a otras interpretaciones\u00bb.<\/p>\n\n\n\n<figure class=\"wp-block-image is-resized\"><img loading=\"lazy\" decoding=\"async\" src=\"https:\/\/www.mendozapost.com\/files\/image\/394\/394361\/62cc45a2550e1_570_241!.jpg?s=b8ff3a35c6abb318733eee9faeac7f5e&amp;d=1657554341\" alt=\"\" width=\"1223\" height=\"518\"\/><\/figure>\n\n\n\n<p>\u00a0 Luego, Ibarra opin\u00f3 acerca de la salida de Carlos Izquierdoz del conjunto titular en el encuentro frente a San Lorenzo: \u00abFue una decisi\u00f3n t\u00e9cnica, para eso soy el entrenador. Cre\u00ed que era lo mejor para el equipo y estoy para tomar decisiones\u00bb.\u00a0\u00a0<\/p>\n\n\n\n<p>&nbsp; \u00abCon el consejo y el Presidente hablamos continuamente. El trabajo lo vamos a ir haciendo de a poco, tenemos el mejor plantel, para mi gusto, el f\u00fatbol argentino, estamos en el club mas grande del mundo y, en base a eso, todo lo que quede por jugar tenemos que hacerlo para ganar\u00bb, asever\u00f3.<\/p>\n\n\n\n<p>En tanto, Ibarra expres\u00f3: \u00abLos jugadores saben que no se pueden permitir mas d\u00edas lament\u00e1ndose. Hay que dar vuelta la p\u00e1gina para revertir eso porque Boca no espera y necesita triunfos\u00bb.<\/p>\n\n\n\n<p>&nbsp;Por su lado, Jorge Berm\u00fadez evit\u00f3 opinar del abrazo de Marcos Rojo a Izquierdoz, tras el gol a San Lorenzo y dijo: \u00abHoy el motivo es la presentaci\u00f3n del cuerpo t\u00e9cnico y es una satisfacci\u00f3n enorme presentar a Hugo. Seguramente todo lo futbolistico se contestar\u00e1 en la rueda de prensa del viernes previa al partido\u00bb.<\/p>\n\n\n\n<p>\u00abHay una enorme convicci\u00f3n y estamos muy orgullosos del trabajo que se ha hecho. Nos queremos tomar el tiempo para tomar una mejor decisi\u00f3n a futuro\u00bb, agreg\u00f3.<\/p>\n\n\n\n<figure class=\"wp-block-image is-resized\"><img loading=\"lazy\" decoding=\"async\" src=\"https:\/\/www.mendozapost.com\/files\/image\/351\/351265\/61fd81f3e8140_570_351!.jpg?s=1b7fec5536988f7dd1b43be19cd1b76e&amp;d=1657554266\" alt=\"\" width=\"1218\" height=\"749\"\/><\/figure>\n\n\n\n<p>Las cosas van bien, tomamos las decisiones que hay que tomar con calma y mucha seguridad, estamos para eso\u00bb, dijo Riquelme.<\/p>\n\n\n\n<p><strong>Post Mendoza<\/strong><\/p>\n\n\n\n<p><br><\/p>\n","protected":false},"excerpt":{"rendered":"<p>El entrenador\u00a0Hugo Ibarra\u00a0fue oficializado\u00a0 como director t\u00e9cnico de Boca y asegur\u00f3 estar \u00abmuy feliz y contento\u00bb debido a que es una entidad que quiere \u00abmuch\u00edsimo\u00bb y que le dio \u00abm\u00e1s\u00bb de lo que \u00e9l pensaba, a la vez que indic\u00f3 que \u00abes un desaf\u00edo muy lindo\u00bb y habl\u00f3 de la salida de Carlos Izquierdoz del<a class=\"read-more\" href=\"https:\/\/elfederalmendoza.com.ar\/index.php\/2022\/07\/11\/boca-confirmo-a-hugo-ibarra-como-tecnico-hasta-fin-de-ano\/\"> [&hellip;]<\/a><\/p>\n","protected":false},"author":2,"featured_media":18251,"comment_status":"open","ping_status":"open","sticky":false,"template":"","format":"standard","meta":{"footnotes":""},"categories":[5620],"tags":[],"class_list":["post-18250","post","type-post","status-publish","format-standard","has-post-thumbnail","hentry","category-deportes"],"rttpg_featured_image_url":{"full":["https:\/\/elfederalmendoza.com.ar\/wp-content\/uploads\/2022\/07\/ibarra.jpeg",470,313,false],"landscape":["https:\/\/elfederalmendoza.com.ar\/wp-content\/uploads\/2022\/07\/ibarra.jpeg",470,313,false],"portraits":["https:\/\/elfederalmendoza.com.ar\/wp-content\/uploads\/2022\/07\/ibarra.jpeg",470,313,false],"thumbnail":["https:\/\/elfederalmendoza.com.ar\/wp-content\/uploads\/2022\/07\/ibarra-150x150.jpeg",150,150,true],"medium":["https:\/\/elfederalmendoza.com.ar\/wp-content\/uploads\/2022\/07\/ibarra-300x200.jpeg",300,200,true],"large":["https:\/\/elfederalmendoza.com.ar\/wp-content\/uploads\/2022\/07\/ibarra.jpeg",470,313,false],"1536x1536":["https:\/\/elfederalmendoza.com.ar\/wp-content\/uploads\/2022\/07\/ibarra.jpeg",470,313,false],"2048x2048":["https:\/\/elfederalmendoza.com.ar\/wp-content\/uploads\/2022\/07\/ibarra.jpeg",470,313,false],"ultp_layout_landscape_large":["https:\/\/elfederalmendoza.com.ar\/wp-content\/uploads\/2022\/07\/ibarra.jpeg",470,313,false],"ultp_layout_landscape":["https:\/\/elfederalmendoza.com.ar\/wp-content\/uploads\/2022\/07\/ibarra.jpeg",470,313,false],"ultp_layout_portrait":["https:\/\/elfederalmendoza.com.ar\/wp-content\/uploads\/2022\/07\/ibarra.jpeg",470,313,false],"ultp_layout_square":["https:\/\/elfederalmendoza.com.ar\/wp-content\/uploads\/2022\/07\/ibarra.jpeg",470,313,false],"rpwe-thumbnail":["https:\/\/elfederalmendoza.com.ar\/wp-content\/uploads\/2022\/07\/ibarra-45x45.jpeg",45,45,true],"advps-thumb-one":["https:\/\/elfederalmendoza.com.ar\/wp-content\/uploads\/2022\/07\/ibarra.jpeg",470,313,false]},"rttpg_author":{"display_name":"Redacci\u00f3n El Federal","author_link":"https:\/\/elfederalmendoza.com.ar\/index.php\/author\/angelflores\/"},"rttpg_comment":0,"rttpg_category":"<a href=\"https:\/\/elfederalmendoza.com.ar\/index.php\/category\/deportes\/\" rel=\"category tag\">Deportes<\/a>","rttpg_excerpt":"El entrenador\u00a0Hugo Ibarra\u00a0fue oficializado\u00a0 como director t\u00e9cnico de Boca y asegur\u00f3 estar \u00abmuy feliz y contento\u00bb debido a que es una entidad que quiere \u00abmuch\u00edsimo\u00bb y que le dio \u00abm\u00e1s\u00bb de lo que \u00e9l pensaba, a la vez que indic\u00f3 que \u00abes un desaf\u00edo muy lindo\u00bb y habl\u00f3 de la salida de Carlos Izquierdoz del&hellip;","_links":{"self":[{"href":"https:\/\/elfederalmendoza.com.ar\/index.php\/wp-json\/wp\/v2\/posts\/18250","targetHints":{"allow":["GET"]}}],"collection":[{"href":"https:\/\/elfederalmendoza.com.ar\/index.php\/wp-json\/wp\/v2\/posts"}],"about":[{"href":"https:\/\/elfederalmendoza.com.ar\/index.php\/wp-json\/wp\/v2\/types\/post"}],"author":[{"embeddable":true,"href":"https:\/\/elfederalmendoza.com.ar\/index.php\/wp-json\/wp\/v2\/users\/2"}],"replies":[{"embeddable":true,"href":"https:\/\/elfederalmendoza.com.ar\/index.php\/wp-json\/wp\/v2\/comments?post=18250"}],"version-history":[{"count":1,"href":"https:\/\/elfederalmendoza.com.ar\/index.php\/wp-json\/wp\/v2\/posts\/18250\/revisions"}],"predecessor-version":[{"id":18252,"href":"https:\/\/elfederalmendoza.com.ar\/index.php\/wp-json\/wp\/v2\/posts\/18250\/revisions\/18252"}],"wp:featuredmedia":[{"embeddable":true,"href":"https:\/\/elfederalmendoza.com.ar\/index.php\/wp-json\/wp\/v2\/media\/18251"}],"wp:attachment":[{"href":"https:\/\/elfederalmendoza.com.ar\/index.php\/wp-json\/wp\/v2\/media?parent=18250"}],"wp:term":[{"taxonomy":"category","embeddable":true,"href":"https:\/\/elfederalmendoza.com.ar\/index.php\/wp-json\/wp\/v2\/categories?post=18250"},{"taxonomy":"post_tag","embeddable":true,"href":"https:\/\/elfederalmendoza.com.ar\/index.php\/wp-json\/wp\/v2\/tags?post=18250"}],"curies":[{"name":"wp","href":"https:\/\/api.w.org\/{rel}","templated":true}]}}