{"id":18284,"date":"2022-07-13T14:54:02","date_gmt":"2022-07-13T17:54:02","guid":{"rendered":"https:\/\/elfederalmendoza.com\/?p=18284"},"modified":"2022-07-19T13:59:58","modified_gmt":"2022-07-19T16:59:58","slug":"salud-busca-mejorar-el-acceso-a-los-medicamentos","status":"publish","type":"post","link":"https:\/\/elfederalmendoza.com.ar\/index.php\/2022\/07\/13\/salud-busca-mejorar-el-acceso-a-los-medicamentos\/","title":{"rendered":"Salud busca mejorar el acceso a los medicamentos"},"content":{"rendered":"\n<p>La jefa de Gabinete del Ministerio de Salud de la Naci\u00f3n, Sonia Tarragona, junto con el secretario de Comercio Interior, Mart\u00edn Pollera, se reunieron con representantes del sector farmac\u00e9utico para realizar un an\u00e1lisis de la&nbsp;<strong>evoluci\u00f3n de los precios de medicamentos con el objetivo de trabajar propuestas para mejorar su acceso<\/strong>.<\/p>\n\n\n\n<p>En el encuentro llevado a cabo en el Ministerio de Salud, la jefa de Gabinete Tarragona puso en com\u00fan la propuesta de avanzar hacia estrategias conjuntas vinculadas con los&nbsp;<strong>precios de las drogas de mayor consumo.<\/strong><\/p>\n\n\n\n<p>Al respecto, la funcionaria manifest\u00f3: \u00ab<strong>Necesitamos comprometer una trayectoria razonable de los precios de esos productos que sea predecible hacia el futuro\u00bb<\/strong>.<\/p>\n\n\n\n<p><\/p>\n\n\n\n<p>De la reuni\u00f3n, Tarragona destac\u00f3 que \u00abdesde el inicio de la pandemia venimos trabajando en conjunto sobre varios temas\u00bb, y que \u00abla din\u00e1mica nos ha funcionado muy bien, por eso nos parece muy importante poder darle continuidad a esta mesa\u00bb.&nbsp;&nbsp;<\/p>\n\n\n\n<p>Asimismo, los representantes de las c\u00e1maras y laboratorios de farmacias expusieron las dificultades que atraviesan el sector, como los vinculados con la situaci\u00f3n actual del comercio exterior y de su impacto en la actividad local.<\/p>\n\n\n\n<blockquote class=\"twitter-tweet\"><p lang=\"es\" dir=\"ltr\">Junto al secretario de <a href=\"https:\/\/twitter.com\/ComercioInt_arg?ref_src=twsrc%5Etfw\">@ComercioInt_arg<\/a>, <a href=\"https:\/\/twitter.com\/mpollera?ref_src=twsrc%5Etfw\">@mpollera<\/a>, nos reunimos con c\u00e1maras de laboratorios y representantes del sector farmac\u00e9utico para evaluar el comportamiento de los precios en el mercado de medicamentos y trabajar en propuestas que contribuyan a favorecer el acceso. <a href=\"https:\/\/t.co\/FuKFPuGpeg\">pic.twitter.com\/FuKFPuGpeg<\/a><\/p>\u2014 Sonia Tarragona (@soniagtarragona) <a href=\"https:\/\/twitter.com\/soniagtarragona\/status\/1547219881887670274?ref_src=twsrc%5Etfw\">July 13, 2022<\/a><\/blockquote> <script async=\"\" src=\"https:\/\/platform.twitter.com\/widgets.js\" charset=\"utf-8\"><\/script>\n\n\n\n<p>Adem\u00e1s, plantearon la necesidad de implementaci\u00f3n efectiva de la Resoluci\u00f3n 27\/2022 del Ministerio sobre los precios de referencia de 85 principios activos utilizados en patolog\u00edas cr\u00f3nicas prevalente.<\/p>\n\n\n\n<p>Por \u00faltimo, acordaron la necesidad de darle profundidad al cumplimento de la ley 25.649 referida a la prescripci\u00f3n de medicamentos por nombre gen\u00e9rico, y continuar con la mesa de di\u00e1logo para reunirse a la brevedad.<\/p>\n\n\n\n<p><strong>Mendoza Post<\/strong><\/p>\n","protected":false},"excerpt":{"rendered":"<p>La jefa de Gabinete del Ministerio de Salud de la Naci\u00f3n, Sonia Tarragona, junto con el secretario de Comercio Interior, Mart\u00edn Pollera, se reunieron con representantes del sector farmac\u00e9utico para realizar un an\u00e1lisis de la&nbsp;evoluci\u00f3n de los precios de medicamentos con el objetivo de trabajar propuestas para mejorar su acceso. En el encuentro llevado a<a class=\"read-more\" href=\"https:\/\/elfederalmendoza.com.ar\/index.php\/2022\/07\/13\/salud-busca-mejorar-el-acceso-a-los-medicamentos\/\"> [&hellip;]<\/a><\/p>\n","protected":false},"author":2,"featured_media":18285,"comment_status":"open","ping_status":"open","sticky":false,"template":"","format":"standard","meta":{"footnotes":""},"categories":[5618],"tags":[],"class_list":["post-18284","post","type-post","status-publish","format-standard","has-post-thumbnail","hentry","category-arg"],"rttpg_featured_image_url":{"full":["https:\/\/elfederalmendoza.com.ar\/wp-content\/uploads\/2022\/07\/farmacia-medicinas.jpg",770,420,false],"landscape":["https:\/\/elfederalmendoza.com.ar\/wp-content\/uploads\/2022\/07\/farmacia-medicinas.jpg",770,420,false],"portraits":["https:\/\/elfederalmendoza.com.ar\/wp-content\/uploads\/2022\/07\/farmacia-medicinas.jpg",770,420,false],"thumbnail":["https:\/\/elfederalmendoza.com.ar\/wp-content\/uploads\/2022\/07\/farmacia-medicinas-150x150.jpg",150,150,true],"medium":["https:\/\/elfederalmendoza.com.ar\/wp-content\/uploads\/2022\/07\/farmacia-medicinas-300x164.jpg",300,164,true],"large":["https:\/\/elfederalmendoza.com.ar\/wp-content\/uploads\/2022\/07\/farmacia-medicinas.jpg",640,349,false],"1536x1536":["https:\/\/elfederalmendoza.com.ar\/wp-content\/uploads\/2022\/07\/farmacia-medicinas.jpg",770,420,false],"2048x2048":["https:\/\/elfederalmendoza.com.ar\/wp-content\/uploads\/2022\/07\/farmacia-medicinas.jpg",770,420,false],"ultp_layout_landscape_large":["https:\/\/elfederalmendoza.com.ar\/wp-content\/uploads\/2022\/07\/farmacia-medicinas.jpg",770,420,false],"ultp_layout_landscape":["https:\/\/elfederalmendoza.com.ar\/wp-content\/uploads\/2022\/07\/farmacia-medicinas.jpg",770,420,false],"ultp_layout_portrait":["https:\/\/elfederalmendoza.com.ar\/wp-content\/uploads\/2022\/07\/farmacia-medicinas-600x420.jpg",600,420,true],"ultp_layout_square":["https:\/\/elfederalmendoza.com.ar\/wp-content\/uploads\/2022\/07\/farmacia-medicinas-600x420.jpg",600,420,true],"rpwe-thumbnail":["https:\/\/elfederalmendoza.com.ar\/wp-content\/uploads\/2022\/07\/farmacia-medicinas-45x45.jpg",45,45,true],"advps-thumb-one":["https:\/\/elfederalmendoza.com.ar\/wp-content\/uploads\/2022\/07\/farmacia-medicinas.jpg",770,420,false]},"rttpg_author":{"display_name":"Redacci\u00f3n El Federal","author_link":"https:\/\/elfederalmendoza.com.ar\/index.php\/author\/angelflores\/"},"rttpg_comment":0,"rttpg_category":"<a href=\"https:\/\/elfederalmendoza.com.ar\/index.php\/category\/arg\/\" rel=\"category tag\">Argentina<\/a>","rttpg_excerpt":"La jefa de Gabinete del Ministerio de Salud de la Naci\u00f3n, Sonia Tarragona, junto con el secretario de Comercio Interior, Mart\u00edn Pollera, se reunieron con representantes del sector farmac\u00e9utico para realizar un an\u00e1lisis de la&nbsp;evoluci\u00f3n de los precios de medicamentos con el objetivo de trabajar propuestas para mejorar su acceso. En el encuentro llevado a&hellip;","_links":{"self":[{"href":"https:\/\/elfederalmendoza.com.ar\/index.php\/wp-json\/wp\/v2\/posts\/18284","targetHints":{"allow":["GET"]}}],"collection":[{"href":"https:\/\/elfederalmendoza.com.ar\/index.php\/wp-json\/wp\/v2\/posts"}],"about":[{"href":"https:\/\/elfederalmendoza.com.ar\/index.php\/wp-json\/wp\/v2\/types\/post"}],"author":[{"embeddable":true,"href":"https:\/\/elfederalmendoza.com.ar\/index.php\/wp-json\/wp\/v2\/users\/2"}],"replies":[{"embeddable":true,"href":"https:\/\/elfederalmendoza.com.ar\/index.php\/wp-json\/wp\/v2\/comments?post=18284"}],"version-history":[{"count":2,"href":"https:\/\/elfederalmendoza.com.ar\/index.php\/wp-json\/wp\/v2\/posts\/18284\/revisions"}],"predecessor-version":[{"id":18287,"href":"https:\/\/elfederalmendoza.com.ar\/index.php\/wp-json\/wp\/v2\/posts\/18284\/revisions\/18287"}],"wp:featuredmedia":[{"embeddable":true,"href":"https:\/\/elfederalmendoza.com.ar\/index.php\/wp-json\/wp\/v2\/media\/18285"}],"wp:attachment":[{"href":"https:\/\/elfederalmendoza.com.ar\/index.php\/wp-json\/wp\/v2\/media?parent=18284"}],"wp:term":[{"taxonomy":"category","embeddable":true,"href":"https:\/\/elfederalmendoza.com.ar\/index.php\/wp-json\/wp\/v2\/categories?post=18284"},{"taxonomy":"post_tag","embeddable":true,"href":"https:\/\/elfederalmendoza.com.ar\/index.php\/wp-json\/wp\/v2\/tags?post=18284"}],"curies":[{"name":"wp","href":"https:\/\/api.w.org\/{rel}","templated":true}]}}