{"id":18319,"date":"2022-07-15T15:27:19","date_gmt":"2022-07-15T18:27:19","guid":{"rendered":"https:\/\/elfederalmendoza.com\/?p=18319"},"modified":"2022-07-15T15:27:20","modified_gmt":"2022-07-15T18:27:20","slug":"hallaron-atada-en-una-obra-a-una-chica-desaparecida-en-lavalle","status":"publish","type":"post","link":"https:\/\/elfederalmendoza.com.ar\/index.php\/2022\/07\/15\/hallaron-atada-en-una-obra-a-una-chica-desaparecida-en-lavalle\/","title":{"rendered":"Hallaron atada en una obra a una chica desaparecida en Lavalle"},"content":{"rendered":"\n<p>Desde este jueves la Polic\u00eda estaba buscando a una\u00a0<strong>chica de 16 a\u00f1os\u00a0<\/strong>que hab\u00eda desaparecido de su casa en Jocol\u00ed Viejo, en\u00a0<strong>Lavalle<\/strong>. En las \u00faltimas horas, los efectivos<strong>\u00a0la hallaron atada en una obra en construcci\u00f3n<\/strong>, en buen estado de salud, y un hombre fue detenido.<\/p>\n\n\n\n<p>La madre de la joven not\u00f3, en la madrugada de este jueves, que su hija no se encontraba durmiendo en la habitaci\u00f3n. Iniciaron una b\u00fasqueda en las inmediaciones de su vivienda en Ruta 40 y luego realizaron la denuncia por paradero. La Polic\u00eda comenz\u00f3 a realizar&nbsp;<strong>rastrillajes<\/strong>&nbsp;por la zona y en distintos puntos del departamento.<\/p>\n\n\n\n<p>Durante la ma\u00f1ana de este viernes, hallaron a la joven en una obra en construcci\u00f3n en la\u00a0<strong>autopista Mendoza-San Juan<\/strong>: estaba\u00a0<strong>atada de pies y manos<\/strong>\u00a0en una garita de seguridad junto a una casilla rodante de uno de los\u00a0<strong>serenos<\/strong>. Se encontraba a escasos metros de la vivienda de la familia, cerca del\u00a0<strong>kil\u00f3metro 3.300 de la Ruta Nacional 40<\/strong>.<\/p>\n\n\n\n<p>Inmediatamente la liberaron, la derivaron a un centro asistencial por estar bajo un\u00a0<strong>shock emocional pero en buen estado general\u00a0<\/strong>y se reuni\u00f3 con su familia. Adem\u00e1s, los efectivos detuvieron al sereno, identificado como<strong>\u00a0Tom\u00e1s I. C. (37)<\/strong>, oriundo de Formosa. El hombre tiene domicilio en Palmira y est\u00e1 siendo investigado como autor del rapto.<\/p>\n\n\n\n<p>En el operativo trabajaron Unidad Investigativa de Lavalle, personal de B\u00fasqueda de Personas, investigadores de Homicidios, Canes, Infanter\u00eda, el Cuerpo de Aviaci\u00f3n, Polic\u00eda Rural, Caballer\u00eda y la Patrulla de Rescate.<\/p>\n\n\n\n<figure class=\"wp-block-image is-resized\"><img loading=\"lazy\" decoding=\"async\" src=\"https:\/\/www.mendozapost.com\/files\/image\/395\/395859\/62d1ad88c80a0_570_288!.png?s=2dc972572364e9c863bce0e442c7cc5e&amp;d=1657908619\" alt=\"\" width=\"1218\" height=\"615\"\/><figcaption>La obra est\u00e1 sobre la Ruta 40. \/ Foto ilustrativa, Google Maps.<\/figcaption><\/figure>\n\n\n\n<p><strong>Mendoza Post<\/strong><\/p>\n","protected":false},"excerpt":{"rendered":"<p>Desde este jueves la Polic\u00eda estaba buscando a una\u00a0chica de 16 a\u00f1os\u00a0que hab\u00eda desaparecido de su casa en Jocol\u00ed Viejo, en\u00a0Lavalle. En las \u00faltimas horas, los efectivos\u00a0la hallaron atada en una obra en construcci\u00f3n, en buen estado de salud, y un hombre fue detenido. La madre de la joven not\u00f3, en la madrugada de este<a class=\"read-more\" href=\"https:\/\/elfederalmendoza.com.ar\/index.php\/2022\/07\/15\/hallaron-atada-en-una-obra-a-una-chica-desaparecida-en-lavalle\/\"> [&hellip;]<\/a><\/p>\n","protected":false},"author":2,"featured_media":18321,"comment_status":"open","ping_status":"open","sticky":false,"template":"","format":"standard","meta":{"footnotes":""},"categories":[5622],"tags":[],"class_list":["post-18319","post","type-post","status-publish","format-standard","has-post-thumbnail","hentry","category-policiales"],"rttpg_featured_image_url":{"full":["https:\/\/elfederalmendoza.com.ar\/wp-content\/uploads\/2022\/07\/preso1.webp",1024,440,false],"landscape":["https:\/\/elfederalmendoza.com.ar\/wp-content\/uploads\/2022\/07\/preso1.webp",1024,440,false],"portraits":["https:\/\/elfederalmendoza.com.ar\/wp-content\/uploads\/2022\/07\/preso1.webp",1024,440,false],"thumbnail":["https:\/\/elfederalmendoza.com.ar\/wp-content\/uploads\/2022\/07\/preso1-150x150.webp",150,150,true],"medium":["https:\/\/elfederalmendoza.com.ar\/wp-content\/uploads\/2022\/07\/preso1-300x129.webp",300,129,true],"large":["https:\/\/elfederalmendoza.com.ar\/wp-content\/uploads\/2022\/07\/preso1.webp",640,275,false],"1536x1536":["https:\/\/elfederalmendoza.com.ar\/wp-content\/uploads\/2022\/07\/preso1.webp",1024,440,false],"2048x2048":["https:\/\/elfederalmendoza.com.ar\/wp-content\/uploads\/2022\/07\/preso1.webp",1024,440,false],"ultp_layout_landscape_large":["https:\/\/elfederalmendoza.com.ar\/wp-content\/uploads\/2022\/07\/preso1.webp",1024,440,false],"ultp_layout_landscape":["https:\/\/elfederalmendoza.com.ar\/wp-content\/uploads\/2022\/07\/preso1-870x440.webp",870,440,true],"ultp_layout_portrait":["https:\/\/elfederalmendoza.com.ar\/wp-content\/uploads\/2022\/07\/preso1-600x440.webp",600,440,true],"ultp_layout_square":["https:\/\/elfederalmendoza.com.ar\/wp-content\/uploads\/2022\/07\/preso1-600x440.webp",600,440,true],"rpwe-thumbnail":["https:\/\/elfederalmendoza.com.ar\/wp-content\/uploads\/2022\/07\/preso1-45x45.webp",45,45,true],"advps-thumb-one":["https:\/\/elfederalmendoza.com.ar\/wp-content\/uploads\/2022\/07\/preso1-1024x420.webp",1024,420,true]},"rttpg_author":{"display_name":"Redacci\u00f3n El Federal","author_link":"https:\/\/elfederalmendoza.com.ar\/index.php\/author\/angelflores\/"},"rttpg_comment":0,"rttpg_category":"<a href=\"https:\/\/elfederalmendoza.com.ar\/index.php\/category\/policiales\/\" rel=\"category tag\">Policiales<\/a>","rttpg_excerpt":"Desde este jueves la Polic\u00eda estaba buscando a una\u00a0chica de 16 a\u00f1os\u00a0que hab\u00eda desaparecido de su casa en Jocol\u00ed Viejo, en\u00a0Lavalle. En las \u00faltimas horas, los efectivos\u00a0la hallaron atada en una obra en construcci\u00f3n, en buen estado de salud, y un hombre fue detenido. La madre de la joven not\u00f3, en la madrugada de este&hellip;","_links":{"self":[{"href":"https:\/\/elfederalmendoza.com.ar\/index.php\/wp-json\/wp\/v2\/posts\/18319","targetHints":{"allow":["GET"]}}],"collection":[{"href":"https:\/\/elfederalmendoza.com.ar\/index.php\/wp-json\/wp\/v2\/posts"}],"about":[{"href":"https:\/\/elfederalmendoza.com.ar\/index.php\/wp-json\/wp\/v2\/types\/post"}],"author":[{"embeddable":true,"href":"https:\/\/elfederalmendoza.com.ar\/index.php\/wp-json\/wp\/v2\/users\/2"}],"replies":[{"embeddable":true,"href":"https:\/\/elfederalmendoza.com.ar\/index.php\/wp-json\/wp\/v2\/comments?post=18319"}],"version-history":[{"count":1,"href":"https:\/\/elfederalmendoza.com.ar\/index.php\/wp-json\/wp\/v2\/posts\/18319\/revisions"}],"predecessor-version":[{"id":18322,"href":"https:\/\/elfederalmendoza.com.ar\/index.php\/wp-json\/wp\/v2\/posts\/18319\/revisions\/18322"}],"wp:featuredmedia":[{"embeddable":true,"href":"https:\/\/elfederalmendoza.com.ar\/index.php\/wp-json\/wp\/v2\/media\/18321"}],"wp:attachment":[{"href":"https:\/\/elfederalmendoza.com.ar\/index.php\/wp-json\/wp\/v2\/media?parent=18319"}],"wp:term":[{"taxonomy":"category","embeddable":true,"href":"https:\/\/elfederalmendoza.com.ar\/index.php\/wp-json\/wp\/v2\/categories?post=18319"},{"taxonomy":"post_tag","embeddable":true,"href":"https:\/\/elfederalmendoza.com.ar\/index.php\/wp-json\/wp\/v2\/tags?post=18319"}],"curies":[{"name":"wp","href":"https:\/\/api.w.org\/{rel}","templated":true}]}}