{"id":18340,"date":"2022-07-16T16:02:07","date_gmt":"2022-07-16T19:02:07","guid":{"rendered":"https:\/\/elfederalmendoza.com\/?p=18340"},"modified":"2022-07-16T16:16:57","modified_gmt":"2022-07-16T19:16:57","slug":"condena-en-tiempo-record-como-funciona-el-proceso-que-agiliza-la-justicia","status":"publish","type":"post","link":"https:\/\/elfederalmendoza.com.ar\/index.php\/2022\/07\/16\/condena-en-tiempo-record-como-funciona-el-proceso-que-agiliza-la-justicia\/","title":{"rendered":"Condena en tiempo r\u00e9cord, c\u00f3mo funciona el proceso que agiliza la Justicia"},"content":{"rendered":"\n<p>La semana pasada se conoci\u00f3 la condena a Gerardo Godoy de 37 a\u00f1os.&nbsp; La Justicia, en un juicio abreviado,lo sentenci\u00f3 a 17 a\u00f1os y medio de prisi\u00f3n por encontrarlo culpable del homicidio de Esteban Javier \u00abEl plancha\u00bb Palombarini de 38 a\u00f1os&nbsp;el s\u00e1bado 25 de junio. La resoluci\u00f3n estuvo a cargo de la jueza Erica S\u00e1nchez lleg\u00f3 en tan solo 13 d\u00edas&nbsp;luego del fat\u00eddico hecho y esto llam\u00f3 la atenci\u00f3n por la mala reputaci\u00f3n que tiene el Poder Judicial en cuanto a la celeridad de su actuar.<\/p>\n\n\n\n<p>El juez de la Suprema Corte de Justicia de Mendoza, Jos\u00e9 Valerio,&nbsp;detall\u00f3 que no es un solo factor sino que son una serie de factores que se tienen que dar para que las causas se resuelvan de manera \u00e1gil. \u00abDepende de la investigaci\u00f3n y del caso, obviamente. Cu\u00e1nto m\u00e1s r\u00e1pida y eficaz sea la investigaci\u00f3n, muchas m\u00e1s posibilidades hay de resolverlo en poco tiempo\u00bb, comenz\u00f3 el magistrado.<\/p>\n\n\n\n<p>Sin embargo, destac\u00f3 que existe todo un mecanismo del sistema de la Justicia que ahora tiende a resolver lo m\u00e1s prontamente posible, pero aclar\u00f3 que&nbsp;<strong>mejora&nbsp;<\/strong>no es sin\u00f3nimo de&nbsp;<strong>eliminar garant\u00edas<\/strong>. \u00abAl contrario, las garant\u00edas se mantienen como siempre y en algunos casos hasta dir\u00eda que&nbsp;<strong>mucho m\u00e1s&nbsp;<\/strong>porque ahora se hacen las audiencias orales\u00bb y as\u00ed el magistrado puede ver directamente al acusado, a\u00f1adi\u00f3.&nbsp;<\/p>\n\n\n\n<figure class=\"wp-block-image size-full is-resized\"><img loading=\"lazy\" decoding=\"async\" src=\"https:\/\/elfederalmendoza.com\/wp-content\/uploads\/2022\/07\/pal.jpg\" alt=\"\" class=\"wp-image-18341\" width=\"1206\" height=\"796\" srcset=\"https:\/\/elfederalmendoza.com.ar\/wp-content\/uploads\/2022\/07\/pal.jpg 570w, https:\/\/elfederalmendoza.com.ar\/wp-content\/uploads\/2022\/07\/pal-300x198.jpg 300w\" sizes=\"auto, (max-width: 1206px) 100vw, 1206px\" \/><figcaption><strong>El d\u00eda de la lectura de la sentencia a Godoy por el homicidio de Palombardini.<\/strong><\/figcaption><\/figure>\n\n\n\n<p>Y ah\u00ed est\u00e1 justamente una de las claves de la rapidez con la que se resuelven los casos. Con la oralidad, el juez tiene la oportunidad de escuchar directamente al imputado y a la v\u00edctima, por lo que esto, seg\u00fan Valerio, ha mejorado las condiciones de todos. \u00abA pesar de haber mejorado las condiciones, tambi\u00e9n se hace m\u00e1s r\u00e1pido. Estamos ante una cultura donde si se hace m\u00e1s r\u00e1pido es mejor\u00bb, agreg\u00f3.<\/p>\n\n\n\n<p>En cambio antes, la cultura judicial era al rev\u00e9s: hab\u00eda que tomarse el tiempo para analizar, tambi\u00e9n estaba la escritura del expediente y \u00aben la cultura del expediente hay mucha delegaci\u00f3n\u00bb. \u00abNo hay personalidad del juez en una audiencia, generalmente hab\u00eda delegaciones en los auxiliares de los funcionarios como secretario o prosecretarios. Ahora est\u00e1 m\u00e1s personalizada, es el juez el que est\u00e1 en la audiencia. Es \u00e9l que toma las decisiones. Adem\u00e1s son las partes las que le imponen la informaci\u00f3n para tomar una decisi\u00f3n\u00bb.<\/p>\n\n\n\n<p>Esto obliga a mejorar al Ministerio P\u00fablico Fiscal, a la Defensa y al juez ya que ahora no tiene el tiempo para decir \u00abdespu\u00e9s lo veo\u00bb, con el planteo lo tiene que resolver oralmente. \u00abHay muchos que resuelven de manera escrita y otros que lo hacen oral y despu\u00e9s se materializa por escrito. Lo bueno no es porque sea oral o escrito, depende de la calidad y el caso. Pero todo esto hace a una Justicia que se ve distinto, que va hacia otra manera. Contribuye que los operadores judiciales (la Defensa, el Ministerio P\u00fablico) administren los tiempos y as\u00ed agilizarlo\u00bb, coment\u00f3 el magistrado.<\/p>\n\n\n\n<figure class=\"wp-block-image is-resized\"><img loading=\"lazy\" decoding=\"async\" src=\"https:\/\/www.mendozapost.com\/files\/image\/100\/100044\/581a68ec5baaf_570_315!.jpg?s=2d457d66bd6abe519f509a2edb660ef4&amp;d=1657928572\" alt=\"\" width=\"1214\" height=\"671\"\/><figcaption>El juez de la Suprema Corte de Justicia de Mendoza, Jos\u00e9 Valerio.<\/figcaption><\/figure>\n\n\n\n<p>Adem\u00e1s, hay que ver cada caso donde no hay elementos de prueba y es mucho m\u00e1s dif\u00edcil resolverlo. \u00abNo puede ser que en lugar de resolver casos que son f\u00e1ciles, andemos a los tumbos dando tiempos que no son necesarios\u00bb, se\u00f1al\u00f3.<\/p>\n\n\n\n<p>La escrituridad del expediente antes demoraba mucho tiempo. Hoy hay constancias que el juez las recibe de manera digitalizadas junto con la informaci\u00f3n que le brinda el Ministerio P\u00fablico Fiscal y la Defensa, lo que acelera el proceso.<\/p>\n\n\n\n<p>Ley de prisi\u00f3n preventiva<\/p>\n\n\n\n<p>En junio de 2016, la Ley 8.869 trajo dos cosas: por un lado, la&nbsp;<strong>uniformidad del sistema<\/strong>, ya que no hab\u00eda prisi\u00f3n preventiva en las mismas condiciones y por otro lado, la apelaci\u00f3n de&nbsp;<strong>forma oral<\/strong>.<\/p>\n\n\n\n<p>Para entender de d\u00f3nde viene, en 1999 cuando se sanciona la Ley 6.730 establece en el nuevo C\u00f3digo Procesal Penal&nbsp;<strong>la gradualidad&nbsp;<\/strong>pero no entra en vigencia en toda la provincia de la misma manera. Esto es la gradualidad por territorio. Con la Ley 8.869, esto pasa a ser por instituci\u00f3n y es as\u00ed parejo para toda Mendoza. \u00abNo ten\u00edamos prisi\u00f3n preventiva en las mismas condiciones. En lugares donde reg\u00eda la Ley 6.730 el fiscal era el que hac\u00eda la investigaci\u00f3n. El fiscal ped\u00eda pero no hab\u00eda audiencia. Ahora, tiene que estar el juez, el acusado. Esto signific\u00f3 un gran avance\u00bb, aclar\u00f3 Valerio.&nbsp; &nbsp;<\/p>\n\n\n\n<p>\u00abEl sistema, ya no analiza causa por causa. Aproximadamente el 30% de las audiencias de prisi\u00f3n preventiva terminan en un juicio abreviado. El fiscal pide esta audiencia, resuelve el juez y se plantea el juicio abreviado.&nbsp;<strong>Esto antes no exist\u00eda<\/strong>. Es anticipar las decisiones. No puede ser que se llegue al debate para plantear la suspensi\u00f3n del juicio, hay que hacerlo pronto\u00bb, agreg\u00f3.&nbsp;<\/p>\n\n\n\n<p>De esta manera, indic\u00f3 que \u00abhay mayor eficacia y eficiencia\u00bb que es el factor econ\u00f3mico en el sistema de Justicia con recursos y tiempos limitados: \u00abCuando aprendamos a tener en cuenta a estos dos factores, vamos a comprender por qu\u00e9 el sistema ha cambiado\u00bb.&nbsp; &nbsp;&nbsp;<\/p>\n\n\n\n<p><strong>Mendoza Post<\/strong><\/p>\n\n\n\n<p> &nbsp;<\/p>\n","protected":false},"excerpt":{"rendered":"<p>La semana pasada se conoci\u00f3 la condena a Gerardo Godoy de 37 a\u00f1os.&nbsp; La Justicia, en un juicio abreviado,lo sentenci\u00f3 a 17 a\u00f1os y medio de prisi\u00f3n por encontrarlo culpable del homicidio de Esteban Javier \u00abEl plancha\u00bb Palombarini de 38 a\u00f1os&nbsp;el s\u00e1bado 25 de junio. La resoluci\u00f3n estuvo a cargo de la jueza Erica S\u00e1nchez<a class=\"read-more\" href=\"https:\/\/elfederalmendoza.com.ar\/index.php\/2022\/07\/16\/condena-en-tiempo-record-como-funciona-el-proceso-que-agiliza-la-justicia\/\"> [&hellip;]<\/a><\/p>\n","protected":false},"author":2,"featured_media":18343,"comment_status":"open","ping_status":"open","sticky":false,"template":"","format":"standard","meta":{"footnotes":""},"categories":[1],"tags":[],"class_list":["post-18340","post","type-post","status-publish","format-standard","has-post-thumbnail","hentry","category-mza"],"rttpg_featured_image_url":{"full":["https:\/\/elfederalmendoza.com.ar\/wp-content\/uploads\/2022\/07\/hdp.webp",1024,440,false],"landscape":["https:\/\/elfederalmendoza.com.ar\/wp-content\/uploads\/2022\/07\/hdp.webp",1024,440,false],"portraits":["https:\/\/elfederalmendoza.com.ar\/wp-content\/uploads\/2022\/07\/hdp.webp",1024,440,false],"thumbnail":["https:\/\/elfederalmendoza.com.ar\/wp-content\/uploads\/2022\/07\/hdp-150x150.webp",150,150,true],"medium":["https:\/\/elfederalmendoza.com.ar\/wp-content\/uploads\/2022\/07\/hdp-300x129.webp",300,129,true],"large":["https:\/\/elfederalmendoza.com.ar\/wp-content\/uploads\/2022\/07\/hdp.webp",640,275,false],"1536x1536":["https:\/\/elfederalmendoza.com.ar\/wp-content\/uploads\/2022\/07\/hdp.webp",1024,440,false],"2048x2048":["https:\/\/elfederalmendoza.com.ar\/wp-content\/uploads\/2022\/07\/hdp.webp",1024,440,false],"ultp_layout_landscape_large":["https:\/\/elfederalmendoza.com.ar\/wp-content\/uploads\/2022\/07\/hdp.webp",1024,440,false],"ultp_layout_landscape":["https:\/\/elfederalmendoza.com.ar\/wp-content\/uploads\/2022\/07\/hdp-870x440.webp",870,440,true],"ultp_layout_portrait":["https:\/\/elfederalmendoza.com.ar\/wp-content\/uploads\/2022\/07\/hdp-600x440.webp",600,440,true],"ultp_layout_square":["https:\/\/elfederalmendoza.com.ar\/wp-content\/uploads\/2022\/07\/hdp-600x440.webp",600,440,true],"rpwe-thumbnail":["https:\/\/elfederalmendoza.com.ar\/wp-content\/uploads\/2022\/07\/hdp-45x45.webp",45,45,true],"advps-thumb-one":["https:\/\/elfederalmendoza.com.ar\/wp-content\/uploads\/2022\/07\/hdp-1024x420.webp",1024,420,true]},"rttpg_author":{"display_name":"Redacci\u00f3n El Federal","author_link":"https:\/\/elfederalmendoza.com.ar\/index.php\/author\/angelflores\/"},"rttpg_comment":0,"rttpg_category":"<a href=\"https:\/\/elfederalmendoza.com.ar\/index.php\/category\/mza\/\" rel=\"category tag\">Mendoza<\/a>","rttpg_excerpt":"La semana pasada se conoci\u00f3 la condena a Gerardo Godoy de 37 a\u00f1os.&nbsp; La Justicia, en un juicio abreviado,lo sentenci\u00f3 a 17 a\u00f1os y medio de prisi\u00f3n por encontrarlo culpable del homicidio de Esteban Javier \u00abEl plancha\u00bb Palombarini de 38 a\u00f1os&nbsp;el s\u00e1bado 25 de junio. La resoluci\u00f3n estuvo a cargo de la jueza Erica S\u00e1nchez&hellip;","_links":{"self":[{"href":"https:\/\/elfederalmendoza.com.ar\/index.php\/wp-json\/wp\/v2\/posts\/18340","targetHints":{"allow":["GET"]}}],"collection":[{"href":"https:\/\/elfederalmendoza.com.ar\/index.php\/wp-json\/wp\/v2\/posts"}],"about":[{"href":"https:\/\/elfederalmendoza.com.ar\/index.php\/wp-json\/wp\/v2\/types\/post"}],"author":[{"embeddable":true,"href":"https:\/\/elfederalmendoza.com.ar\/index.php\/wp-json\/wp\/v2\/users\/2"}],"replies":[{"embeddable":true,"href":"https:\/\/elfederalmendoza.com.ar\/index.php\/wp-json\/wp\/v2\/comments?post=18340"}],"version-history":[{"count":3,"href":"https:\/\/elfederalmendoza.com.ar\/index.php\/wp-json\/wp\/v2\/posts\/18340\/revisions"}],"predecessor-version":[{"id":18350,"href":"https:\/\/elfederalmendoza.com.ar\/index.php\/wp-json\/wp\/v2\/posts\/18340\/revisions\/18350"}],"wp:featuredmedia":[{"embeddable":true,"href":"https:\/\/elfederalmendoza.com.ar\/index.php\/wp-json\/wp\/v2\/media\/18343"}],"wp:attachment":[{"href":"https:\/\/elfederalmendoza.com.ar\/index.php\/wp-json\/wp\/v2\/media?parent=18340"}],"wp:term":[{"taxonomy":"category","embeddable":true,"href":"https:\/\/elfederalmendoza.com.ar\/index.php\/wp-json\/wp\/v2\/categories?post=18340"},{"taxonomy":"post_tag","embeddable":true,"href":"https:\/\/elfederalmendoza.com.ar\/index.php\/wp-json\/wp\/v2\/tags?post=18340"}],"curies":[{"name":"wp","href":"https:\/\/api.w.org\/{rel}","templated":true}]}}