{"id":18355,"date":"2022-07-17T17:58:13","date_gmt":"2022-07-17T20:58:13","guid":{"rendered":"https:\/\/elfederalmendoza.com\/?p=18355"},"modified":"2022-07-17T17:58:15","modified_gmt":"2022-07-17T20:58:15","slug":"juntos-por-el-cambio-llama-a-una-cumbre-por-la-crisis-de-la-argentina","status":"publish","type":"post","link":"https:\/\/elfederalmendoza.com.ar\/index.php\/2022\/07\/17\/juntos-por-el-cambio-llama-a-una-cumbre-por-la-crisis-de-la-argentina\/","title":{"rendered":"Juntos por el Cambio llama a una cumbre por la crisis de la Argentina"},"content":{"rendered":"\n<p>Se reunir\u00e1n los l\u00edderes este martes.<\/p>\n\n\n\n<p>En esta nueva cumbre,<strong>&nbsp;buscar\u00e1n emitir un mensaje de \u00abuni\u00f3n e institucionalidad\u00bb&nbsp;<\/strong>frente a la crisis interna del oficialismo, hoy en una \u00abtregua\u00bb a la que ven insostenible en el corto plazo.<\/p>\n\n\n\n<p>En ese sentido, el objetivo ser\u00e1 reducir los niveles de enfrentamientos propios y desmarcarse de \u00abtodas las responsabilidades que le caben al Gobierno Nacional\u00bb (\u00abes un problema de ellos, no nuestro\u00bb, repiten), adem\u00e1s de enfocarse en los primeros pasos que dio la nueva ministra de Econom\u00eda, Silvina Batakis.<\/p>\n\n\n\n<figure class=\"wp-block-image is-resized\"><img loading=\"lazy\" decoding=\"async\" src=\"https:\/\/www.mendozapost.com\/files\/image\/374\/374715\/62699edd5e8d1_570_380!.jpg?s=c2714de9d86df6ca27e221059d352d38&amp;d=1651100343\" alt=\"\" width=\"1208\" height=\"805\"\/><figcaption>Algunos intengrantes de JxC ya confirmaron su asistnencia.<\/figcaption><\/figure>\n\n\n\n<p>El diagn\u00f3stico de la oposici\u00f3n hasta ac\u00e1 es sobre un Ejecutivo \u00abcon el boleto picado\u00bb, signado por fracturas sin retorno y en el que Alberto Fern\u00e1ndez \u00abya no gobierna m\u00e1s\u00bb.<\/p>\n\n\n\n<p>De esa forma, se estudiar\u00e1 cu\u00e1l ser\u00e1 la estrategia ante el riesgo latente de un estallido social, una \u00abbomba\u00bb que esperan que no se detone ante una posible recuperaci\u00f3n del poder en 2023 y los pasos dados por la vicepresidenta Cristina Kirchner, quien recuper\u00f3 el centro de la escena pol\u00edtica y dio se\u00f1ales de un posible regreso a la candidatura presidencial.<\/p>\n\n\n\n<figure class=\"wp-block-image is-resized\"><img loading=\"lazy\" decoding=\"async\" src=\"https:\/\/www.mendozapost.com\/files\/image\/352\/352555\/620587f37dd1a_570_319!.jpg?s=404c731208dabd9a2a7baa2e26b36a96&amp;d=1658087434\" alt=\"\" width=\"1217\" height=\"681\"\/><figcaption>Los l\u00edderes de JxC analizar\u00e1n el rol de la oposici\u00f3n en la crisis que vive la Argentina.<\/figcaption><\/figure>\n\n\n\n<p>Entre los miembros que estar\u00edan presentes en la reuni\u00f3n, se encuentran:<strong>&nbsp;Patricia Bullrich<\/strong>&nbsp;(PRO),&nbsp;<strong>Gerardo Morales<\/strong>&nbsp;(UCR),&nbsp;<strong>Maximiliano Ferraro<\/strong>&nbsp;(Coalici\u00f3n C\u00edvica),&nbsp;<strong>Miguel \u00c1ngel Pichetto<\/strong>&nbsp;(Encuentro Republicano Federal) y&nbsp;<strong>Mart\u00edn Lousteau&nbsp;<\/strong>(UCR), entre otros. A\u00fan no est\u00e1 confirmado si asistir\u00e1n el ex presidente&nbsp;<strong>Mauricio Macri, el senador Alfredo Cornejo<\/strong>&nbsp;(UCR) y el jefe de Gobierno porte\u00f1o&nbsp;<strong>Horacio Rodr\u00edguez Larreta&nbsp;<\/strong>(PRO).<\/p>\n\n\n\n<p>Con un ojo puesto en las elecciones del a\u00f1o que viene, pero en donde se buscar\u00e1 \u00abprimar la cautela\u00bb sobre sus candidateables, esta nueva cumbre abordar\u00e1 varios informes respecto a la situaci\u00f3n econ\u00f3mica, el impacto de la suba de precios y las estimaciones de inflaci\u00f3n y del tipo de cambio, as\u00ed como tambi\u00e9n lo que puede llegar a pasar con las tarifas y la puesta en marcha del proceso de segmentaci\u00f3n que comenzar\u00eda el pr\u00f3ximo viernes.<\/p>\n\n\n\n<p>En este contexto y teniendo en cuenta que habr\u00e1 participantes que son referentes parlamentarios, se debatir\u00e1 -en paralelo- cu\u00e1l ser\u00e1 el rumbo a seguir de la oposici\u00f3n en el Congreso de la Naci\u00f3n durante el segundo semestre, en especial, con respecto al tratamiento de leyes de impacto electoral, como la Ley de Alquileres, y con la idea de no prestar qu\u00f3rum en el recinto \u00abal menos que sea de m\u00e1xima necesidad\u00bb.<\/p>\n\n\n\n<p><strong>Mendoza Post<\/strong><\/p>\n","protected":false},"excerpt":{"rendered":"<p>Se reunir\u00e1n los l\u00edderes este martes. En esta nueva cumbre,&nbsp;buscar\u00e1n emitir un mensaje de \u00abuni\u00f3n e institucionalidad\u00bb&nbsp;frente a la crisis interna del oficialismo, hoy en una \u00abtregua\u00bb a la que ven insostenible en el corto plazo. En ese sentido, el objetivo ser\u00e1 reducir los niveles de enfrentamientos propios y desmarcarse de \u00abtodas las responsabilidades que<a class=\"read-more\" href=\"https:\/\/elfederalmendoza.com.ar\/index.php\/2022\/07\/17\/juntos-por-el-cambio-llama-a-una-cumbre-por-la-crisis-de-la-argentina\/\"> [&hellip;]<\/a><\/p>\n","protected":false},"author":2,"featured_media":18356,"comment_status":"open","ping_status":"open","sticky":true,"template":"","format":"standard","meta":{"footnotes":""},"categories":[1],"tags":[],"class_list":["post-18355","post","type-post","status-publish","format-standard","has-post-thumbnail","hentry","category-mza"],"rttpg_featured_image_url":{"full":["https:\/\/elfederalmendoza.com.ar\/wp-content\/uploads\/2022\/07\/portada-cornejo.webp",1024,440,false],"landscape":["https:\/\/elfederalmendoza.com.ar\/wp-content\/uploads\/2022\/07\/portada-cornejo.webp",1024,440,false],"portraits":["https:\/\/elfederalmendoza.com.ar\/wp-content\/uploads\/2022\/07\/portada-cornejo.webp",1024,440,false],"thumbnail":["https:\/\/elfederalmendoza.com.ar\/wp-content\/uploads\/2022\/07\/portada-cornejo-150x150.webp",150,150,true],"medium":["https:\/\/elfederalmendoza.com.ar\/wp-content\/uploads\/2022\/07\/portada-cornejo-300x129.webp",300,129,true],"large":["https:\/\/elfederalmendoza.com.ar\/wp-content\/uploads\/2022\/07\/portada-cornejo.webp",640,275,false],"1536x1536":["https:\/\/elfederalmendoza.com.ar\/wp-content\/uploads\/2022\/07\/portada-cornejo.webp",1024,440,false],"2048x2048":["https:\/\/elfederalmendoza.com.ar\/wp-content\/uploads\/2022\/07\/portada-cornejo.webp",1024,440,false],"ultp_layout_landscape_large":["https:\/\/elfederalmendoza.com.ar\/wp-content\/uploads\/2022\/07\/portada-cornejo.webp",1024,440,false],"ultp_layout_landscape":["https:\/\/elfederalmendoza.com.ar\/wp-content\/uploads\/2022\/07\/portada-cornejo-870x440.webp",870,440,true],"ultp_layout_portrait":["https:\/\/elfederalmendoza.com.ar\/wp-content\/uploads\/2022\/07\/portada-cornejo-600x440.webp",600,440,true],"ultp_layout_square":["https:\/\/elfederalmendoza.com.ar\/wp-content\/uploads\/2022\/07\/portada-cornejo-600x440.webp",600,440,true],"rpwe-thumbnail":["https:\/\/elfederalmendoza.com.ar\/wp-content\/uploads\/2022\/07\/portada-cornejo-45x45.webp",45,45,true],"advps-thumb-one":["https:\/\/elfederalmendoza.com.ar\/wp-content\/uploads\/2022\/07\/portada-cornejo-1024x420.webp",1024,420,true]},"rttpg_author":{"display_name":"Redacci\u00f3n El Federal","author_link":"https:\/\/elfederalmendoza.com.ar\/index.php\/author\/angelflores\/"},"rttpg_comment":0,"rttpg_category":"<a href=\"https:\/\/elfederalmendoza.com.ar\/index.php\/category\/mza\/\" rel=\"category tag\">Mendoza<\/a>","rttpg_excerpt":"Se reunir\u00e1n los l\u00edderes este martes. En esta nueva cumbre,&nbsp;buscar\u00e1n emitir un mensaje de \u00abuni\u00f3n e institucionalidad\u00bb&nbsp;frente a la crisis interna del oficialismo, hoy en una \u00abtregua\u00bb a la que ven insostenible en el corto plazo. En ese sentido, el objetivo ser\u00e1 reducir los niveles de enfrentamientos propios y desmarcarse de \u00abtodas las responsabilidades que&hellip;","_links":{"self":[{"href":"https:\/\/elfederalmendoza.com.ar\/index.php\/wp-json\/wp\/v2\/posts\/18355","targetHints":{"allow":["GET"]}}],"collection":[{"href":"https:\/\/elfederalmendoza.com.ar\/index.php\/wp-json\/wp\/v2\/posts"}],"about":[{"href":"https:\/\/elfederalmendoza.com.ar\/index.php\/wp-json\/wp\/v2\/types\/post"}],"author":[{"embeddable":true,"href":"https:\/\/elfederalmendoza.com.ar\/index.php\/wp-json\/wp\/v2\/users\/2"}],"replies":[{"embeddable":true,"href":"https:\/\/elfederalmendoza.com.ar\/index.php\/wp-json\/wp\/v2\/comments?post=18355"}],"version-history":[{"count":2,"href":"https:\/\/elfederalmendoza.com.ar\/index.php\/wp-json\/wp\/v2\/posts\/18355\/revisions"}],"predecessor-version":[{"id":18358,"href":"https:\/\/elfederalmendoza.com.ar\/index.php\/wp-json\/wp\/v2\/posts\/18355\/revisions\/18358"}],"wp:featuredmedia":[{"embeddable":true,"href":"https:\/\/elfederalmendoza.com.ar\/index.php\/wp-json\/wp\/v2\/media\/18356"}],"wp:attachment":[{"href":"https:\/\/elfederalmendoza.com.ar\/index.php\/wp-json\/wp\/v2\/media?parent=18355"}],"wp:term":[{"taxonomy":"category","embeddable":true,"href":"https:\/\/elfederalmendoza.com.ar\/index.php\/wp-json\/wp\/v2\/categories?post=18355"},{"taxonomy":"post_tag","embeddable":true,"href":"https:\/\/elfederalmendoza.com.ar\/index.php\/wp-json\/wp\/v2\/tags?post=18355"}],"curies":[{"name":"wp","href":"https:\/\/api.w.org\/{rel}","templated":true}]}}