{"id":18359,"date":"2022-07-17T18:09:54","date_gmt":"2022-07-17T21:09:54","guid":{"rendered":"https:\/\/elfederalmendoza.com\/?p=18359"},"modified":"2022-07-17T18:13:35","modified_gmt":"2022-07-17T21:13:35","slug":"shakira-y-alejandro-sanz-tendrian-un-romance-desde-hace-mas-de-15-anos","status":"publish","type":"post","link":"https:\/\/elfederalmendoza.com.ar\/index.php\/2022\/07\/17\/shakira-y-alejandro-sanz-tendrian-un-romance-desde-hace-mas-de-15-anos\/","title":{"rendered":"Shakira y Alejandro Sanz tendr\u00edan un romance desde hace m\u00e1s de 15 a\u00f1os"},"content":{"rendered":"\n<p>Un periodista espa\u00f1ol asegur\u00f3 que&nbsp;<strong>Shakira<\/strong>&nbsp;ha mantenido una relaci\u00f3n con&nbsp;<strong>Alejandro Sanz<\/strong>&nbsp;durante m\u00e1s de 15 a\u00f1os.&nbsp;<strong>Javier de Hoyos<\/strong>&nbsp;tuvo un contacto con la televisi\u00f3n argentina para hablar sobre la separaci\u00f3n de la cantante colombiana con&nbsp;<strong>Gerard Piqu\u00e9<\/strong>, pero termin\u00f3 dando detalles de otra relaci\u00f3n<\/p>\n\n\n\n<p>El encargado de hacerle la nota al espa\u00f1ol fue el periodista&nbsp;<strong>Adri\u00e1n Pallares<\/strong>&nbsp;que le pregunt\u00f3 c\u00f3mo es que los cantantes hab\u00edan mantenido su romance en bajo perfil durante tantos a\u00f1os. El espa\u00f1ol asegur\u00f3 que durante a\u00f1os se ha hablado sobre su grabaci\u00f3n del video \u00ab<strong>La Tortura<\/strong>\u00ab. Muchos creen que desde ese momento comenzaron a tener un affaire que nunca termin\u00f3.<\/p>\n\n\n\n<p>Despu\u00e9s hablaron de las relaciones que Piqu\u00e9 tuvo con otras personas durante su matrimonio con la oriunda de Barranquilla, los que parecen haber sido varios. Aunque ahora el p\u00fablico est\u00e1 m\u00e1s pendiente de&nbsp;<strong>Shakira&nbsp;<\/strong>y los rumores de que&nbsp;<strong>Alejandro Sanz<\/strong>&nbsp;le ha pedido que se vaya&nbsp; con \u00e9l a Miami.<\/p>\n\n\n\n<figure class=\"wp-block-image size-full is-resized\"><img loading=\"lazy\" decoding=\"async\" src=\"https:\/\/elfederalmendoza.com\/wp-content\/uploads\/2022\/07\/SSSSS.jpg\" alt=\"\" class=\"wp-image-18361\" width=\"1215\" height=\"1215\" srcset=\"https:\/\/elfederalmendoza.com.ar\/wp-content\/uploads\/2022\/07\/SSSSS.jpg 400w, https:\/\/elfederalmendoza.com.ar\/wp-content\/uploads\/2022\/07\/SSSSS-300x300.jpg 300w, https:\/\/elfederalmendoza.com.ar\/wp-content\/uploads\/2022\/07\/SSSSS-150x150.jpg 150w, https:\/\/elfederalmendoza.com.ar\/wp-content\/uploads\/2022\/07\/SSSSS-45x45.jpg 45w\" sizes=\"auto, (max-width: 1215px) 100vw, 1215px\" \/><figcaption><strong> La cantante tiene una conocida amistad con el espa\u00f1ol.<\/strong><\/figcaption><\/figure>\n\n\n\n<p><\/p>\n\n\n\n<p>De Hoyos asegur\u00f3 que<strong>&nbsp;Shakira<\/strong>&nbsp;est\u00e1 muy volcada con esa posibilidad y que quiere irse con los ni\u00f1os para&nbsp;<strong>Estados Unidos<\/strong>. Tanto as\u00ed que le brind\u00f3 a Piqu\u00e9 una especie de tregua para que vaya a verlos cuando quiera sin ning\u00fan problema.&nbsp;<\/p>\n\n\n\n<figure class=\"wp-block-image size-large is-resized\"><img loading=\"lazy\" decoding=\"async\" src=\"https:\/\/elfederalmendoza.com\/wp-content\/uploads\/2022\/07\/sa-1024x576.jpg\" alt=\"\" class=\"wp-image-18362\" width=\"1224\" height=\"688\" srcset=\"https:\/\/elfederalmendoza.com.ar\/wp-content\/uploads\/2022\/07\/sa-1024x576.jpg 1024w, https:\/\/elfederalmendoza.com.ar\/wp-content\/uploads\/2022\/07\/sa-300x169.jpg 300w, https:\/\/elfederalmendoza.com.ar\/wp-content\/uploads\/2022\/07\/sa-768x432.jpg 768w, https:\/\/elfederalmendoza.com.ar\/wp-content\/uploads\/2022\/07\/sa-1536x864.jpg 1536w, https:\/\/elfederalmendoza.com.ar\/wp-content\/uploads\/2022\/07\/sa.jpg 1952w\" sizes=\"auto, (max-width: 1224px) 100vw, 1224px\" \/><figcaption><strong>Desde que grabaron su primera canci\u00f3n los rumores no han parado.<\/strong><\/figcaption><\/figure>\n\n\n\n<p><strong>Mendoza Post<\/strong><\/p>\n","protected":false},"excerpt":{"rendered":"<p>Un periodista espa\u00f1ol asegur\u00f3 que&nbsp;Shakira&nbsp;ha mantenido una relaci\u00f3n con&nbsp;Alejandro Sanz&nbsp;durante m\u00e1s de 15 a\u00f1os.&nbsp;Javier de Hoyos&nbsp;tuvo un contacto con la televisi\u00f3n argentina para hablar sobre la separaci\u00f3n de la cantante colombiana con&nbsp;Gerard Piqu\u00e9, pero termin\u00f3 dando detalles de otra relaci\u00f3n El encargado de hacerle la nota al espa\u00f1ol fue el periodista&nbsp;Adri\u00e1n Pallares&nbsp;que le pregunt\u00f3 c\u00f3mo<a class=\"read-more\" href=\"https:\/\/elfederalmendoza.com.ar\/index.php\/2022\/07\/17\/shakira-y-alejandro-sanz-tendrian-un-romance-desde-hace-mas-de-15-anos\/\"> [&hellip;]<\/a><\/p>\n","protected":false},"author":2,"featured_media":18360,"comment_status":"open","ping_status":"open","sticky":true,"template":"","format":"standard","meta":{"footnotes":""},"categories":[5621],"tags":[],"class_list":["post-18359","post","type-post","status-publish","format-standard","has-post-thumbnail","hentry","category-espectaculos"],"rttpg_featured_image_url":{"full":["https:\/\/elfederalmendoza.com.ar\/wp-content\/uploads\/2022\/07\/shakira-habria-sido-internada-el___XubNVydz2_2000x1500__1.webp",2000,1500,false],"landscape":["https:\/\/elfederalmendoza.com.ar\/wp-content\/uploads\/2022\/07\/shakira-habria-sido-internada-el___XubNVydz2_2000x1500__1.webp",2000,1500,false],"portraits":["https:\/\/elfederalmendoza.com.ar\/wp-content\/uploads\/2022\/07\/shakira-habria-sido-internada-el___XubNVydz2_2000x1500__1.webp",2000,1500,false],"thumbnail":["https:\/\/elfederalmendoza.com.ar\/wp-content\/uploads\/2022\/07\/shakira-habria-sido-internada-el___XubNVydz2_2000x1500__1-150x150.webp",150,150,true],"medium":["https:\/\/elfederalmendoza.com.ar\/wp-content\/uploads\/2022\/07\/shakira-habria-sido-internada-el___XubNVydz2_2000x1500__1-300x225.webp",300,225,true],"large":["https:\/\/elfederalmendoza.com.ar\/wp-content\/uploads\/2022\/07\/shakira-habria-sido-internada-el___XubNVydz2_2000x1500__1-1024x768.webp",640,480,true],"1536x1536":["https:\/\/elfederalmendoza.com.ar\/wp-content\/uploads\/2022\/07\/shakira-habria-sido-internada-el___XubNVydz2_2000x1500__1-1536x1152.webp",1536,1152,true],"2048x2048":["https:\/\/elfederalmendoza.com.ar\/wp-content\/uploads\/2022\/07\/shakira-habria-sido-internada-el___XubNVydz2_2000x1500__1.webp",2000,1500,false],"ultp_layout_landscape_large":["https:\/\/elfederalmendoza.com.ar\/wp-content\/uploads\/2022\/07\/shakira-habria-sido-internada-el___XubNVydz2_2000x1500__1-1200x800.webp",1200,800,true],"ultp_layout_landscape":["https:\/\/elfederalmendoza.com.ar\/wp-content\/uploads\/2022\/07\/shakira-habria-sido-internada-el___XubNVydz2_2000x1500__1-870x570.webp",870,570,true],"ultp_layout_portrait":["https:\/\/elfederalmendoza.com.ar\/wp-content\/uploads\/2022\/07\/shakira-habria-sido-internada-el___XubNVydz2_2000x1500__1-600x900.webp",600,900,true],"ultp_layout_square":["https:\/\/elfederalmendoza.com.ar\/wp-content\/uploads\/2022\/07\/shakira-habria-sido-internada-el___XubNVydz2_2000x1500__1-600x600.webp",600,600,true],"rpwe-thumbnail":["https:\/\/elfederalmendoza.com.ar\/wp-content\/uploads\/2022\/07\/shakira-habria-sido-internada-el___XubNVydz2_2000x1500__1-45x45.webp",45,45,true],"advps-thumb-one":["https:\/\/elfederalmendoza.com.ar\/wp-content\/uploads\/2022\/07\/shakira-habria-sido-internada-el___XubNVydz2_2000x1500__1-1200x420.webp",1200,420,true]},"rttpg_author":{"display_name":"Redacci\u00f3n El Federal","author_link":"https:\/\/elfederalmendoza.com.ar\/index.php\/author\/angelflores\/"},"rttpg_comment":0,"rttpg_category":"<a href=\"https:\/\/elfederalmendoza.com.ar\/index.php\/category\/espectaculos\/\" rel=\"category tag\">Espect\u00e1culos<\/a>","rttpg_excerpt":"Un periodista espa\u00f1ol asegur\u00f3 que&nbsp;Shakira&nbsp;ha mantenido una relaci\u00f3n con&nbsp;Alejandro Sanz&nbsp;durante m\u00e1s de 15 a\u00f1os.&nbsp;Javier de Hoyos&nbsp;tuvo un contacto con la televisi\u00f3n argentina para hablar sobre la separaci\u00f3n de la cantante colombiana con&nbsp;Gerard Piqu\u00e9, pero termin\u00f3 dando detalles de otra relaci\u00f3n El encargado de hacerle la nota al espa\u00f1ol fue el periodista&nbsp;Adri\u00e1n Pallares&nbsp;que le pregunt\u00f3 c\u00f3mo&hellip;","_links":{"self":[{"href":"https:\/\/elfederalmendoza.com.ar\/index.php\/wp-json\/wp\/v2\/posts\/18359","targetHints":{"allow":["GET"]}}],"collection":[{"href":"https:\/\/elfederalmendoza.com.ar\/index.php\/wp-json\/wp\/v2\/posts"}],"about":[{"href":"https:\/\/elfederalmendoza.com.ar\/index.php\/wp-json\/wp\/v2\/types\/post"}],"author":[{"embeddable":true,"href":"https:\/\/elfederalmendoza.com.ar\/index.php\/wp-json\/wp\/v2\/users\/2"}],"replies":[{"embeddable":true,"href":"https:\/\/elfederalmendoza.com.ar\/index.php\/wp-json\/wp\/v2\/comments?post=18359"}],"version-history":[{"count":3,"href":"https:\/\/elfederalmendoza.com.ar\/index.php\/wp-json\/wp\/v2\/posts\/18359\/revisions"}],"predecessor-version":[{"id":18365,"href":"https:\/\/elfederalmendoza.com.ar\/index.php\/wp-json\/wp\/v2\/posts\/18359\/revisions\/18365"}],"wp:featuredmedia":[{"embeddable":true,"href":"https:\/\/elfederalmendoza.com.ar\/index.php\/wp-json\/wp\/v2\/media\/18360"}],"wp:attachment":[{"href":"https:\/\/elfederalmendoza.com.ar\/index.php\/wp-json\/wp\/v2\/media?parent=18359"}],"wp:term":[{"taxonomy":"category","embeddable":true,"href":"https:\/\/elfederalmendoza.com.ar\/index.php\/wp-json\/wp\/v2\/categories?post=18359"},{"taxonomy":"post_tag","embeddable":true,"href":"https:\/\/elfederalmendoza.com.ar\/index.php\/wp-json\/wp\/v2\/tags?post=18359"}],"curies":[{"name":"wp","href":"https:\/\/api.w.org\/{rel}","templated":true}]}}