{"id":18370,"date":"2022-07-17T18:34:19","date_gmt":"2022-07-17T21:34:19","guid":{"rendered":"https:\/\/elfederalmendoza.com\/?p=18370"},"modified":"2022-07-17T18:34:52","modified_gmt":"2022-07-17T21:34:52","slug":"quincho-explotados-en-la-montana-y-dolar-mozo-los-estrenos-del-invierno","status":"publish","type":"post","link":"https:\/\/elfederalmendoza.com.ar\/index.php\/2022\/07\/17\/quincho-explotados-en-la-montana-y-dolar-mozo-los-estrenos-del-invierno\/","title":{"rendered":"Quincho: Explotados en la monta\u00f1a y d\u00f3lar-mozo, los estrenos del invierno"},"content":{"rendered":"\n<p>El manto blanco sobre el piedemonte mendocino se recortaba puro, pero a la vez obsceno y soberbio contra el horizonte y se distingu\u00eda con claridad desde la ventana del quincho. Juli\u00e1n lo miraba, percibiendo a los miles de turistas metidos en la monta\u00f1a, disfrutando el paisaje in\u00e9dito de sol y nieve que el s\u00e1bado nos hab\u00eda regalado el tiempo despu\u00e9s de casi una semana de despelotes a lo grande. El Ruso, su amigo de los negocios, le adivin\u00f3 el pensamiento.<\/p>\n\n\n\n<p><strong>&#8211; Un para\u00edso&#8230; \u00bfno?<\/strong><\/p>\n\n\n\n<p>&#8211; S\u00ed&#8230; el problema es que nos hab\u00edamos desacostumbrado a la nieve&#8230; y que nos hemos olvidado de lo que significa vivir al pie de la cordillera. Por eso se arm\u00f3 semejante galleta&#8230; \u00bfCu\u00e1ntos a\u00f1os hac\u00eda que no nevaba as\u00ed?<\/p>\n\n\n\n<p>&#8211; Es cierto&#8230; pero se cometieron much\u00edsimos errores, sumados a la falta de servicios, de infraestructura, descoordinaciones, y largos etc\u00e9teras&#8230;- coment\u00f3 el Ruso. Juli\u00e1n no agreg\u00f3 palabra. Y sigui\u00f3 mirando la nieve en silencio, mientras iba terminando de asar un vac\u00edo entero a la parrilla, matambre, punta de espalda, mollejas, y unas papas bravas en el caldero del quincho. Un par de botellas de Cabernet Franc de Jimena L\u00f3pez Campos ya esperaban sobre la mesa. Finalmente, y con el term\u00f3metro marcando por debajo del cero en la noche mendocina, todo estuvo listo para la cena.<\/p>\n\n\n\n<p>La llegada del asado fue precedida de un caluroso aplauso, un poco por costumbre, y otro para calentar las manos. La conversaci\u00f3n se acomod\u00f3 rapidito alrededor del gran tema social, econ\u00f3mico y pol\u00edtico de la semana: la nieve. Y la extra\u00f1a par\u00e1bola que de repente y en medio de una tormenta, produjo una sucesi\u00f3n de im\u00e1genes de turistas varados y autos metidos hasta las ventanillas en medio de la alta monta\u00f1a mendocina. A lo que sigui\u00f3 una semana de calenturas terribles y cruzadas entre prestadores, gobiernos, Vialidad Nacional, Gendarmer\u00eda y Polic\u00eda. Todo, con casi 3.000 camiones en distintos lugares de la Ruta 7 esperando pasar a Chile, lo que ocurrir\u00eda a partir de este lunes si es que \u00abel Barba\u00bb no nos manda otra nevada de esas como para llegar en \u00abculipat\u00edn\u00bb desde Las Cuevas hasta el shopping. El Omar, el radical de la mesa, arranc\u00f3:<\/p>\n\n\n\n<p>&#8211; Mir\u00e1 si ser\u00e1 exitosa la temporada tur\u00edstica&#8230; que hasta el h\u00edper K\u00a0<strong>Diego Brancatelli<\/strong>\u00a0estuvo en Casa Vigil este fin de semana&#8230;- coment\u00f3, mientras atacaba la fuente de papas. Juli\u00e1n ya estaba cortando el vac\u00edo \u00aba punto\u00bb, como les gustaba a todos.<\/p>\n\n\n\n<blockquote class=\"instagram-media\" data-instgrm-captioned data-instgrm-permalink=\"https:\/\/www.instagram.com\/tv\/CgFfrRWgJ8d\/?utm_source=ig_embed&amp;utm_campaign=loading\" data-instgrm-version=\"14\" style=\" background:#FFF; border:0; border-radius:3px; box-shadow:0 0 1px 0 rgba(0,0,0,0.5),0 1px 10px 0 rgba(0,0,0,0.15); margin: 1px; max-width:540px; min-width:326px; padding:0; width:99.375%; width:-webkit-calc(100% - 2px); width:calc(100% - 2px);\"><div style=\"padding:16px;\"> <a href=\"https:\/\/www.instagram.com\/tv\/CgFfrRWgJ8d\/?utm_source=ig_embed&amp;utm_campaign=loading\" style=\" background:#FFFFFF; line-height:0; padding:0 0; text-align:center; text-decoration:none; width:100%;\" target=\"_blank\" rel=\"noopener\"> <div style=\" display: flex; flex-direction: row; align-items: center;\"> <div style=\"background-color: #F4F4F4; border-radius: 50%; flex-grow: 0; height: 40px; margin-right: 14px; width: 40px;\"><\/div> <div style=\"display: flex; flex-direction: column; flex-grow: 1; justify-content: center;\"> <div style=\" background-color: #F4F4F4; border-radius: 4px; flex-grow: 0; height: 14px; margin-bottom: 6px; width: 100px;\"><\/div> <div style=\" background-color: #F4F4F4; border-radius: 4px; flex-grow: 0; height: 14px; width: 60px;\"><\/div><\/div><\/div><div style=\"padding: 19% 0;\"><\/div> <div style=\"display:block; height:50px; margin:0 auto 12px; width:50px;\"><svg width=\"50px\" height=\"50px\" viewBox=\"0 0 60 60\" version=\"1.1\" xmlns=\"https:\/\/www.w3.org\/2000\/svg\" xmlns:xlink=\"https:\/\/www.w3.org\/1999\/xlink\"><g stroke=\"none\" stroke-width=\"1\" fill=\"none\" fill-rule=\"evenodd\"><g transform=\"translate(-511.000000, -20.000000)\" fill=\"#000000\"><g><path d=\"M556.869,30.41 C554.814,30.41 553.148,32.076 553.148,34.131 C553.148,36.186 554.814,37.852 556.869,37.852 C558.924,37.852 560.59,36.186 560.59,34.131 C560.59,32.076 558.924,30.41 556.869,30.41 M541,60.657 C535.114,60.657 530.342,55.887 530.342,50 C530.342,44.114 535.114,39.342 541,39.342 C546.887,39.342 551.658,44.114 551.658,50 C551.658,55.887 546.887,60.657 541,60.657 M541,33.886 C532.1,33.886 524.886,41.1 524.886,50 C524.886,58.899 532.1,66.113 541,66.113 C549.9,66.113 557.115,58.899 557.115,50 C557.115,41.1 549.9,33.886 541,33.886 M565.378,62.101 C565.244,65.022 564.756,66.606 564.346,67.663 C563.803,69.06 563.154,70.057 562.106,71.106 C561.058,72.155 560.06,72.803 558.662,73.347 C557.607,73.757 556.021,74.244 553.102,74.378 C549.944,74.521 548.997,74.552 541,74.552 C533.003,74.552 532.056,74.521 528.898,74.378 C525.979,74.244 524.393,73.757 523.338,73.347 C521.94,72.803 520.942,72.155 519.894,71.106 C518.846,70.057 518.197,69.06 517.654,67.663 C517.244,66.606 516.755,65.022 516.623,62.101 C516.479,58.943 516.448,57.996 516.448,50 C516.448,42.003 516.479,41.056 516.623,37.899 C516.755,34.978 517.244,33.391 517.654,32.338 C518.197,30.938 518.846,29.942 519.894,28.894 C520.942,27.846 521.94,27.196 523.338,26.654 C524.393,26.244 525.979,25.756 528.898,25.623 C532.057,25.479 533.004,25.448 541,25.448 C548.997,25.448 549.943,25.479 553.102,25.623 C556.021,25.756 557.607,26.244 558.662,26.654 C560.06,27.196 561.058,27.846 562.106,28.894 C563.154,29.942 563.803,30.938 564.346,32.338 C564.756,33.391 565.244,34.978 565.378,37.899 C565.522,41.056 565.552,42.003 565.552,50 C565.552,57.996 565.522,58.943 565.378,62.101 M570.82,37.631 C570.674,34.438 570.167,32.258 569.425,30.349 C568.659,28.377 567.633,26.702 565.965,25.035 C564.297,23.368 562.623,22.342 560.652,21.575 C558.743,20.834 556.562,20.326 553.369,20.18 C550.169,20.033 549.148,20 541,20 C532.853,20 531.831,20.033 528.631,20.18 C525.438,20.326 523.257,20.834 521.349,21.575 C519.376,22.342 517.703,23.368 516.035,25.035 C514.368,26.702 513.342,28.377 512.574,30.349 C511.834,32.258 511.326,34.438 511.181,37.631 C511.035,40.831 511,41.851 511,50 C511,58.147 511.035,59.17 511.181,62.369 C511.326,65.562 511.834,67.743 512.574,69.651 C513.342,71.625 514.368,73.296 516.035,74.965 C517.703,76.634 519.376,77.658 521.349,78.425 C523.257,79.167 525.438,79.673 528.631,79.82 C531.831,79.965 532.853,80.001 541,80.001 C549.148,80.001 550.169,79.965 553.369,79.82 C556.562,79.673 558.743,79.167 560.652,78.425 C562.623,77.658 564.297,76.634 565.965,74.965 C567.633,73.296 568.659,71.625 569.425,69.651 C570.167,67.743 570.674,65.562 570.82,62.369 C570.966,59.17 571,58.147 571,50 C571,41.851 570.966,40.831 570.82,37.631\"><\/path><\/g><\/g><\/g><\/svg><\/div><div style=\"padding-top: 8px;\"> <div style=\" color:#3897f0; font-family:Arial,sans-serif; font-size:14px; font-style:normal; font-weight:550; line-height:18px;\">Ver esta publicaci\u00f3n en Instagram<\/div><\/div><div style=\"padding: 12.5% 0;\"><\/div> <div style=\"display: flex; flex-direction: row; margin-bottom: 14px; align-items: center;\"><div> <div style=\"background-color: #F4F4F4; border-radius: 50%; height: 12.5px; width: 12.5px; transform: translateX(0px) translateY(7px);\"><\/div> <div style=\"background-color: #F4F4F4; height: 12.5px; transform: rotate(-45deg) translateX(3px) translateY(1px); width: 12.5px; flex-grow: 0; margin-right: 14px; margin-left: 2px;\"><\/div> <div style=\"background-color: #F4F4F4; border-radius: 50%; height: 12.5px; width: 12.5px; transform: translateX(9px) translateY(-18px);\"><\/div><\/div><div style=\"margin-left: 8px;\"> <div style=\" background-color: #F4F4F4; border-radius: 50%; flex-grow: 0; height: 20px; width: 20px;\"><\/div> <div style=\" width: 0; height: 0; border-top: 2px solid transparent; border-left: 6px solid #f4f4f4; border-bottom: 2px solid transparent; transform: translateX(16px) translateY(-4px) rotate(30deg)\"><\/div><\/div><div style=\"margin-left: auto;\"> <div style=\" width: 0px; border-top: 8px solid #F4F4F4; border-right: 8px solid transparent; transform: translateY(16px);\"><\/div> <div style=\" background-color: #F4F4F4; flex-grow: 0; height: 12px; width: 16px; transform: translateY(-4px);\"><\/div> <div style=\" width: 0; height: 0; border-top: 8px solid #F4F4F4; border-left: 8px solid transparent; transform: translateY(-4px) translateX(8px);\"><\/div><\/div><\/div> <div style=\"display: flex; flex-direction: column; flex-grow: 1; justify-content: center; margin-bottom: 24px;\"> <div style=\" background-color: #F4F4F4; border-radius: 4px; flex-grow: 0; height: 14px; margin-bottom: 6px; width: 224px;\"><\/div> <div style=\" background-color: #F4F4F4; border-radius: 4px; flex-grow: 0; height: 14px; width: 144px;\"><\/div><\/div><\/a><p style=\" color:#c9c8cd; font-family:Arial,sans-serif; font-size:14px; line-height:17px; margin-bottom:0; margin-top:8px; overflow:hidden; padding:8px 0 7px; text-align:center; text-overflow:ellipsis; white-space:nowrap;\"><a href=\"https:\/\/www.instagram.com\/tv\/CgFfrRWgJ8d\/?utm_source=ig_embed&amp;utm_campaign=loading\" style=\" color:#c9c8cd; font-family:Arial,sans-serif; font-size:14px; font-style:normal; font-weight:normal; line-height:17px; text-decoration:none;\" target=\"_blank\" rel=\"noopener\">Una publicaci\u00f3n compartida de Argentina 100% \ud83c\udde6\ud83c\uddf7 (@argentina100porcientotv)<\/a><\/p><\/div><\/blockquote> <script async src=\"\/\/www.instagram.com\/embed.js\"><\/script>\n\n\n\n<p>&#8211; S\u00ed, varios lo filmaron y los \u00abescracharon\u00bb en las redes. Estaba haciendo un programa&#8230; trajo un equipo de filmaci\u00f3n&#8230; ya estuvo en otras provincias&#8230;- coment\u00f3 Ludovico, el m\u00e1s PRO del grupete. Ten\u00eda los cachetes colorados de haber pasado la tarde en la nieve, como muchos. &#8211; Por suerte este s\u00e1bado fue ordenado&#8230; a las cinco de la tarde todo el mundo empez\u00f3 a bajar, y detr\u00e1s, las m\u00e1quinas empezaron a limpiar aprovechando hasta el \u00faltimo rayito de sol.<\/p>\n\n\n\n<p><strong>&#8211; S\u00e9 que hubo mucho fragote entre prestadores y gobierno&#8230;-<\/strong>&nbsp;coment\u00f3 Juli\u00e1n, con cautela.<\/p>\n\n\n\n<p><strong>&#8211; As\u00ed es&#8230;-&nbsp;<\/strong>dijo el Omar, y corri\u00f3 el plato unos cent\u00edmetros para disponerse a contar lo que sab\u00eda.<\/p>\n\n\n\n<p>&#8211; Concedamos algo. Vivimos de espaldas a la monta\u00f1a. Y ahora, como est\u00e1 de nieve desde abajo hasta el cielo, todos nos acordamos. El temporal que agarr\u00f3 a much\u00edsima gente arriba, por imprevisi\u00f3n, falta de coordinaci\u00f3n, errores compartidos entre todos los organismos que participan de las decisiones sobre la ruta 7, pero especialmente de Vialidad y Gendarmer\u00eda, pero tambi\u00e9n de los prestadores, fue el comienzo del infierno, con p\u00e9sima publicidad para la provincia. El problema es el siguiente: Los turistas que est\u00e1n en Mendoza y que tienen contratadas las excursiones que salen en su mayor\u00eda de la calle Las Heras, pagaron esas salidas a los mejor hace meses, con el \u00abpreviaje\u00bb, o contrataron antes. Y est\u00e1n activos ya a las siete de la ma\u00f1ana. Entonces, si el primer parte de transitabilidad que larga Vialidad y la decisi\u00f3n de Gendarmer\u00eda llegan despu\u00e9s de las 09:00 de la ma\u00f1ana, el d\u00eda est\u00e1 perdido. Sobre todo si cort\u00e1s la ruta. La semana pasada hubo un d\u00eda -el jueves- en que la tuvieron que abrir porque la presi\u00f3n que llegaba desde abajo era muy fuerte. Se pod\u00eda llegar bien arriba, pero no te dejaban subir desde Punta de Vacas. Y despu\u00e9s cuando abrieron, tardaron en liberar los autos. Las discusiones entre el Arturo Gonz\u00e1lez, que es el presidente de la C\u00e1mara de Turismo, y la gente del ministerio de Seguridad fueron fuertes. Los prestadores quer\u00edan un parte de transitabilidad a las seis de la ma\u00f1ana, y la ten\u00edan de su lado a la ministra de Turismo Nora Vicario. Los de Seguridad les dijeron clarito que no se pod\u00eda, porque antes Vialidad ten\u00eda que revisar la ruta, que lleva por lo menos dos horas, detectar los lugares del \u00abhielo negro\u00bb que se mete en el asfalto y no se ve y que genera grandes patinazos. Los empresarios putearon en grande porque cuando les cortan la subida, ellos tienen que suspender las excursiones y devolver la plata, pero a todo su personal que movilizaron desde las seis o siete de la ma\u00f1ana, les ten\u00edan que pagar. A esto, sumale que los que hab\u00edan quedado varados durante la semana en zonas de alta monta\u00f1a o incluso en Cacheuta, el viernes se quedaron hasta medio d\u00eda sin luz, encerrados y sin un carajo que hacer&#8230;- coment\u00f3 el Omar. El Ruso agreg\u00f3 algo m\u00e1s:<\/p>\n\n\n\n<figure class=\"wp-block-image is-resized is-style-rounded\"><img loading=\"lazy\" decoding=\"async\" src=\"https:\/\/www.mendozapost.com\/files\/image\/396\/396081\/62d2b5f6095f6_570_315!.jpg?s=23a6f300a1183d802d270881fbb33508&amp;d=1658047773\" alt=\"\" width=\"1211\" height=\"669\"\/><figcaption>Sopaipillas contra el fr\u00edo en la zona de monta\u00f1a.<\/figcaption><\/figure>\n\n\n\n<p>&#8211; \u00bfY los camioneros? Hab\u00eda que mover las filas de camiones y muchos choferes dejaron los enormes veh\u00edculos arriba y se evacuaron a Uspallata y el Gran Mendoza. Muchos son de Brasil y el temporal del otro fin de semana los hizo morirse de miedo. Una cosa es una nevada, y otra es un viento blanco que te lleva putas. Este s\u00e1bado en la monta\u00f1a hab\u00eda solcito, pero un rato antes hubo 19 grados bajo cero. Lo de los camiones sin chofer fue un despelote aparte. Justo B\u00e1scolo, que es el coordinador, termin\u00f3 haciendo una denuncia, pidiendo adem\u00e1s que Vialidad sea autorizada a remover los camiones varados aun en la curva de la Soberan\u00eda nacional desde el temporal. As\u00ed es que intervino un fiscal de Uspallata, autoriz\u00f3 la remoci\u00f3n, y ah\u00ed fueron polic\u00edas de la 23 para ayudar a mover los camiones. Un despelote aparte, eso&#8230;-. cont\u00f3.<\/p>\n\n\n\n<p>Ludovico pregunt\u00f3:<\/p>\n\n\n\n<p><strong>&#8211; Bueno, est\u00e1 bien&#8230; \u00bfY qu\u00e9 hacemos? \u00bfNos olvidamos de la monta\u00f1a? \u00bfLe damos la espalda? \u00bfNo la vendemos?<\/strong>&nbsp;El Omar dio una respuesta:<\/p>\n\n\n\n<p>&#8211; El turismo de Mendoza se est\u00e1 diversificando mucho. Es mentira que ac\u00e1 viene solamente el que puede pagar un vino bueno, ir a una bodega, o gastar un piso de diez lucas por cabeza y por comida en la gastronom\u00eda. Mendoza tiene un mont\u00f3n de hoteles de una y dos estrellas que est\u00e1n llenos de gente que vino gasolera, y morfa en un carrito, y tiene una excursi\u00f3n para ir a la monta\u00f1a. Lo que tenemos que hacer es aprender a vender la monta\u00f1a en invierno haya o no haya nieve. Eso es una incidencia&#8230;- dijo. -Y buscar la manera de que la ruta est\u00e9 despejada y la informaci\u00f3n cuanto antes&#8230; Est\u00e1 bien, a las seis de la ma\u00f1ana no se puede&#8230; \u00bfY a las ocho? Este s\u00e1bado vi m\u00e1quinas trabajando cerca de Vallecitos para retirar la nieve del asfalto.<\/p>\n\n\n\n<p>Juli\u00e1n, que hab\u00eda estado callado, dijo lo que pensaba.<\/p>\n\n\n\n<p><strong>&#8211; \u00bfSe acuerdan de Hijitus&#8230;?<\/strong><\/p>\n\n\n\n<p>&#8211; S\u00ed, claro&#8230;- recordaron sus amigos a coro.<\/p>\n\n\n\n<p>&#8211; En Trulal\u00e1 hab\u00eda un comisario, que era el \u00fanico poder del Estado, al que todo le sal\u00eda mal. Bueno&#8230; Esto fue \u00abTrulal\u00e1 en la monta\u00f1a\u00bb, por varias razones. Las hay de fondo&#8230; que el paso Cristo Redentor est\u00e9 cerrado en invierno, es como que cierren el canal de Panam\u00e1 a cada rato porque llueve, o no les anda la botonera del sistema de esclusas. Mendoza pierde en presente continuo una oportunidad log\u00edstica gigante, porque la ruta 7 es un desastre en invierno, y se atasca todas las temporadas, invierno y verano. Ahora hay 2889 camiones esperando pasar. Y respecto del turismo, y s\u00ed, es un embole para el que se mueve a la monta\u00f1a fumarse la fila de camiones. Esto no debe pasar en ning\u00fan centro invernal del mundo. Volviendo a lo central, est\u00e1 bien que la nieve ven\u00eda ausente o muy poca en los \u00faltimos a\u00f1os y que ahora se vino con todo. Pero Mendoza deber\u00eda tener unas m\u00e1quinas de puta madre, personal abundante, capacitado y equipado, para cualquier contingencia en alta monta\u00f1a. A ver&#8230; trataban como h\u00e9roes a los empleados de Vialidad que iba a ciegas y en la tormenta a asistir a los varados, cuando lo que debi\u00f3 haber en una provincia como Mendoza, es equipos de rescate en trineos de nieve, equipados hasta arriba con iluminaci\u00f3n suficiente, abrigo, comida, lo que haga falta. Lo mismo con la habilitaci\u00f3n de la ruta 7. Est\u00e1 bien que los prestadores tengan apuro, y que VN debe revisar la ruta. \u00bfPero no hay desarrollo tecnol\u00f3gico, drones, tecnolog\u00eda 3D, infrarrojos, google, lo que sea? \u00bfNadie trabaja de noche para que a las 7:00 la ruta sea una v\u00eda segura? \u00bfA nadie se le ocurre que debemos tener equipos y gente para eso pese al clima? Yo me imagino al prestador ac\u00e1, apurado, subiendo a la gente a los micros, y en la monta\u00f1a, un empleado p\u00fablico terminando el caf\u00e9 con tortita, y viendo si se sube a la camioneta o no a mirar la ruta&#8230; &#8211; dijo el due\u00f1o de casa, mientras repart\u00eda una vuelta de Cabernet Franc. El Omar insisti\u00f3:<\/p>\n\n\n\n<figure class=\"wp-block-image is-resized is-style-rounded\"><img loading=\"lazy\" decoding=\"async\" src=\"https:\/\/www.mendozapost.com\/files\/image\/395\/395855\/62d1acae6dd3f_570_425!.jpg?s=eabb1c799a70e50016616ed7273fef3b&amp;d=1658047850\" alt=\"\" width=\"1214\" height=\"906\"\/><figcaption>                                                                                 Nevada en Cacheuta, con cortes de energ\u00eda.<\/figcaption><\/figure>\n\n\n\n<p>&#8211; Si los prestadores insisten con que quieren el parte de transitabilidad m\u00e1s temprano, directamente les van a cerrar la monta\u00f1a. Y se los dijeron. Nadie quiere correr riesgos de comerse un terrible torment\u00f3n con viento blanco y desprendimientos de roca y hielo sobre la ruta, con cuatrocientos, mil, o dos mil turistas atrapados en distintos tramos de la ruta 7, porque no habr\u00eda como bajarlos a todos de manera r\u00e1pida y segura&#8230;- dijo. Ludovico cont\u00f3 algo.<\/p>\n\n\n\n<p>&#8211; Este s\u00e1bado, que hubo sol y nieve y la monta\u00f1a estuvo hermosa, hubo muchos funcionarios recorriendo. La ministra Nora Vicario y Mario Isgr\u00f3 fueron dos de ellos. Recorrieron mucho&#8230; cerca de Tupungato vieron gente en la nieve y fueron a ver. Eran dos pibas de la zona, Lourdes y Daniela, laburantes de bodegas. Hab\u00edan subido con unos manteles, nylon, un vino, y pizza. Se clavaron un picnic en la nieve. Hasta m\u00fasica llevaban. Miren&#8230; hay posteo:<\/p>\n\n\n\n<blockquote class=\"twitter-tweet\"><p lang=\"es\" dir=\"ltr\"><a href=\"https:\/\/twitter.com\/hashtag\/VENGAN?src=hash&amp;ref_src=twsrc%5Etfw\">#VENGAN<\/a><br>Recorriendo la provincia, encontr\u00e9 una postal maravillosa.\u00a1Lourdes y Daniela de picnic en la nieve!. Se organizaron para disfrutar la tarde y desconectar un rato con un vinito, pizza y m\u00fasica. Salud Capas!! \u2744\ud83c\udf77\u2764 <a href=\"https:\/\/twitter.com\/hashtag\/Tupungato?src=hash&amp;ref_src=twsrc%5Etfw\">#Tupungato<\/a> <a href=\"https:\/\/twitter.com\/hashtag\/Mendoza?src=hash&amp;ref_src=twsrc%5Etfw\">#Mendoza<\/a> <a href=\"https:\/\/t.co\/XcAGyXBb4P\">pic.twitter.com\/XcAGyXBb4P<\/a><\/p>&mdash; Nora Vicario (@noravicario) <a href=\"https:\/\/twitter.com\/noravicario\/status\/1548481532536360967?ref_src=twsrc%5Etfw\">July 17, 2022<\/a><\/blockquote> <script async src=\"https:\/\/platform.twitter.com\/widgets.js\" charset=\"utf-8\"><\/script>\n\n\n\n<p><strong>&#8211; No s\u00f3lo de la nieve vive el hombre&#8230;-&nbsp;<\/strong>mencion\u00f3 Juli\u00e1n, mientras montaba un vac\u00edo sobre una generosa porci\u00f3n de pan franc\u00e9s con mayonesa de ajo.<\/p>\n\n\n\n<p><strong>&#8211; \u00bfPor?<\/strong><\/p>\n\n\n\n<p>&#8211; El\u00a0<strong>Mat\u00edas Stevanato<\/strong>\u00a0la mand\u00f3 a la Reina de la Vendimia de Maip\u00fa al aeropuerto, con las pibas de su corte. Reciben a los turistas, que se sacan fotos encantados con las soberanas. Y los llenan hasta arriba de folletos tur\u00edsticos e informaci\u00f3n de Maip\u00fa. Claro, los turistas no entienden una papa&#8230; ven una reina que les sonr\u00ede cuando se bajan del avi\u00f3n y le mandan selfie&#8230; y se hacen un lugarcito para entre tanta monta\u00f1a y nieve, ir a Maip\u00fa:<\/p>\n\n\n\n<figure class=\"wp-block-image is-resized is-style-rounded\"><img loading=\"lazy\" decoding=\"async\" src=\"https:\/\/www.mendozapost.com\/files\/image\/396\/396299\/62d3c86972695_570_315!.jpg?s=14b56be271f88e1d5ea5df90016225bd&amp;d=1658047918\" alt=\"\" width=\"1217\" height=\"673\"\/><figcaption>Reinas a la caza de turistas para Maip\u00fa.<\/figcaption><\/figure>\n\n\n\n<figure class=\"wp-block-image is-resized is-style-rounded\"><img loading=\"lazy\" decoding=\"async\" src=\"https:\/\/www.mendozapost.com\/files\/image\/396\/396297\/62d3c85fd8f9b_570_315!.jpg?s=eb1a347195e9bbbe7288967ea42fb871&amp;d=1658047953\" alt=\"\" width=\"1222\" height=\"675\"\/><\/figure>\n\n\n\n<p><strong>&#8211; \u00a1Jajajajajajajaaaaaaaaaaaaa! \u00a1En serio! \u00a1Qu\u00e9 picarooooooo!-<\/strong>\u00a0festej\u00f3 el Omar. El Ruso hizo una advertencia por la semana que viene:<\/p>\n\n\n\n<p>&#8211; Vienen 7 d\u00edas muy heavy. Porque confluyen los turistas de todas las provincias. Arrancan Buenos Aires, la CABA, algunas del NEA y de la Patagonia. Ac\u00e1 ya hay 87 % de ocupaci\u00f3n y hay zonas de Mendoza con ocupaci\u00f3n plena. Los pron\u00f3sticos indican d\u00edas lindos en la monta\u00f1a, con algunas precipitaciones, y otra vez un finde pesado con la nieve&#8230; \u00bfc\u00f3mo van a hacer con tanta gente ac\u00e1? Adem\u00e1s est\u00e1n los mendocinos que no pudieron salir&#8230; y que con plata para la nafta, suben a tocar la nieve&#8230;- interrog\u00f3. El Omar sab\u00eda algo.<\/p>\n\n\n\n<p>&#8211; Habr\u00e1 un operativo de contenci\u00f3n muy fuerte. Lo primero es que aunque el centro de Penitentes no se licit\u00f3, van a habilitar las playas de estacionamiento. M\u00e1s centros de informaci\u00f3n, probablemente unos food trucks en ese mismo lugar, m\u00e1s polic\u00edas y gendarmes informando a la gente, y m\u00e1s esfuerzo en informar y mantener limpia la ruta.<\/p>\n\n\n\n<p><strong>&#8211; Che&#8230; eso hab\u00eda que hacerlo antes, todo, planificar con tiempo&#8230;<\/strong><\/p>\n\n\n\n<p>&#8211; \u00bfY qui\u00e9n se iba a esperar esta nevada?<\/p>\n\n\n\n<p>&#8211; \u00a1Jajajajajaaaaaaaaaaaa!<\/p>\n\n\n\n<p><strong>&#8211; \u00bfAlguien sabe por qu\u00e9 no se concesion\u00f3 Penitentes?&nbsp;<\/strong>Un crimen&#8230; hay 120.000 turistas y llegan m\u00e1s&#8230; El total de alojamiento de esa zona es de 1.100 camas que ahora est\u00e1n heladas&#8230;- dijo el gordo.<\/p>\n\n\n\n<p>&#8211; Porque ninguna de las dos propuestas alcanzaba a hacer mucho para este a\u00f1o. A una le faltaba de todo, y la otra no pod\u00eda dar servicios hasta agosto-setiembre. Antes, el proceso para poder dar seguridad jur\u00eddica fue largu\u00edsimo y con conflictos. Prefirieron no adjudicar, y esperar al fin del invierno para lanzar la convocatoria para concesionar por \u00abhasta\u00bb 50 a\u00f1os. Se los entrecomillo as\u00ed, con los dedos, porque ser\u00e1 por etapas para poder controlar&#8230;- dijo el Omar. El Ruso arrug\u00f3 la nariz.<\/p>\n\n\n\n<p><strong>&#8211; \u00bfQui\u00e9n va a venir a invertir un pesos, con la macroeconom\u00eda que hay?<\/strong>&nbsp;No sabemos ni cu\u00e1nto van a costar las cosas el lunes.<\/p>\n\n\n\n<p>&#8211; Yo vi en un restaurante de los buenos, el \u00abd\u00f3lar mozo\u00bb- cont\u00f3 el Omar.<\/p>\n\n\n\n<p><strong>&#8211; \u00bfC\u00f3mo es?<\/strong><\/p>\n\n\n\n<p>&#8211; Un turista fue a pagar la cuenta al mostrador con cien d\u00f3lares en la mano. Los mozos lo atajaron, juntaron unos pesos entre ellos, y se los compraron a 260 pesos. Y de ah\u00ed se habr\u00e1n ido corriendo a venderlos&#8230;<\/p>\n\n\n\n<p><strong>&#8211; \u00a1Jajajajajajajaaaaaaaa!<\/strong><\/p>\n\n\n\n<p>&#8230;<\/p>\n\n\n\n<p>Despu\u00e9s de tanta nieve y turismo, la cena fue llegando a su fin. Luego de un buen co\u00f1ac, los amigos partieron rumbo a los autos bajo la noche helada.<\/p>\n\n\n\n<p>&#8230;<\/p>\n\n\n\n<p><strong>&#8211; \u00bfViste que seleccionaron los proyectos&nbsp;<\/strong>del Consejo Econ\u00f3mico, Ambiental, Social?<\/p>\n\n\n\n<p>&#8211; S\u00ed, lo vi&#8230;<\/p>\n\n\n\n<p><strong>&#8211; \u00bfY?<\/strong><\/p>\n\n\n\n<p>&#8211; &#8230;<\/p>\n\n\n\n<p><strong>&#8211; \u00bfNo dec\u00eds nada?<\/strong><\/p>\n\n\n\n<p>&#8211; \u00bfQu\u00e9 te puedo decir? Ese consejo iba a sacar ideas del think tank m\u00e1s grande que pod\u00eda tener Mendoza, donde estaban todos, y algunas de las ideas huelen a calas. No s\u00e9 cu\u00e1l ser\u00e1 aplicable, o qu\u00e9 se entendi\u00f3 cuando hab\u00eda que armar programas para transformar Mendoza. Si esto fue as\u00ed, me imagino en qu\u00e9 vamos a gastar la de Portezuelo, si no se puede hacer la represa. Mir\u00e1&#8230; a ver&#8230; Un proyecto de transparencia en compras de alimentos por el Estado, otro de evaluaci\u00f3n social y ambiental de la obra p\u00fablica, otro m\u00e1s de hacer un inventario de gases de efecto invernadero, un circuito de senderos de monta\u00f1a, un proyecto de ley de sello de \u00abmujer rural&#8230;\u00bb Ah y el plan de obras de Irrigaci\u00f3n, que tiene cosas concretas&#8230;<\/p>\n\n\n\n<p><strong>&#8211; Che&#8230; hay un 40 % de pobreza&#8230;-<\/strong><\/p>\n\n\n\n<p>&#8211; Y qu\u00e9 quer\u00e9s que te diga. Las c\u00e1maras empresarias, que ten\u00edan solo dos banquitos en ese consejo, varias veces quisieron irse a la mierda&#8230; Se dieron cuenta enseguida que habr\u00eda mucha burocracia y que ser\u00eda muy dif\u00edcil compatibilizar ideas&#8230;<\/p>\n\n\n\n<p><strong>&#8211; Y bueno&#8230; Decime&#8230; \u00bfEn qu\u00e9 anda el peronismo?<\/strong><\/p>\n\n\n\n<p>&#8211; Me enter\u00e9 que est\u00e1n por hacer una encuesta grande, una fuerte, para ver qui\u00e9n est\u00e1 mejor para disputarle la gobernaci\u00f3n a Cambia Mendoza. Te digo una cosa, no abundan las ganas&#8230; Est\u00e1 muy dif\u00edcil todo. Es probable incluso que se pongan de acuerdo a fin de a\u00f1o por las autoridades partidarias, y que es dif\u00edcil que haya PASO para la candidatura a gobernador. \u00bfVos sab\u00e9s lo que es juntar la guita, armar los 18 departamentos?<\/p>\n\n\n\n<p><strong>&#8211; \u00bfY los de Cambia Mendoza?<\/strong><\/p>\n\n\n\n<p>&#8211; Est\u00e1n todos guardados esperando la se\u00f1al de largada. Viendo si Alfredo Cornejo es candidato a gobernador o no. No es su plan A. Pero es el de Rody&#8230;<\/p>\n\n\n\n<p>&#8211; Sab\u00e9s qu\u00e9 pasa&#8230; los radicales tienen que cuidarse y elegir bien las candidaturas&#8230; No sea cosa que una crisis se termine llevando puesto todo, oficialismo y oposici\u00f3n, y aparezcan cisnes negros y nos sorprendan&#8230;<\/p>\n\n\n\n<p><strong>&#8211; \u00bfC\u00f3mo la nieve en la monta\u00f1a?<\/strong><\/p>\n\n\n\n<p>&#8211; \u00a1Exacto!<\/p>\n\n\n\n<p><strong>&#8211; \u00a1Jajajajajajaaaaaaaaaa!<\/strong><\/p>\n\n\n\n<p>&#8230;<\/p>\n\n\n\n<p>Y as\u00ed, entre risas, chanzas, y planes de ir a ver la nieve, los amigos desaparecieron en el sentido estricto de la palabra.<\/p>\n\n\n\n<p>&#8230;<\/p>\n\n\n\n<p><strong>Mendoza Post<\/strong><\/p>\n","protected":false},"excerpt":{"rendered":"<p>El manto blanco sobre el piedemonte mendocino se recortaba puro, pero a la vez obsceno y soberbio contra el horizonte y se distingu\u00eda con claridad desde la ventana del quincho. Juli\u00e1n lo miraba, percibiendo a los miles de turistas metidos en la monta\u00f1a, disfrutando el paisaje in\u00e9dito de sol y nieve que el s\u00e1bado nos<a class=\"read-more\" href=\"https:\/\/elfederalmendoza.com.ar\/index.php\/2022\/07\/17\/quincho-explotados-en-la-montana-y-dolar-mozo-los-estrenos-del-invierno\/\"> [&hellip;]<\/a><\/p>\n","protected":false},"author":2,"featured_media":18371,"comment_status":"open","ping_status":"open","sticky":false,"template":"","format":"standard","meta":{"footnotes":""},"categories":[1],"tags":[],"class_list":["post-18370","post","type-post","status-publish","format-standard","has-post-thumbnail","hentry","category-mza"],"rttpg_featured_image_url":{"full":["https:\/\/elfederalmendoza.com.ar\/wp-content\/uploads\/2022\/07\/nieve.jpeg",1280,720,false],"landscape":["https:\/\/elfederalmendoza.com.ar\/wp-content\/uploads\/2022\/07\/nieve.jpeg",1280,720,false],"portraits":["https:\/\/elfederalmendoza.com.ar\/wp-content\/uploads\/2022\/07\/nieve.jpeg",1280,720,false],"thumbnail":["https:\/\/elfederalmendoza.com.ar\/wp-content\/uploads\/2022\/07\/nieve-150x150.jpeg",150,150,true],"medium":["https:\/\/elfederalmendoza.com.ar\/wp-content\/uploads\/2022\/07\/nieve-300x169.jpeg",300,169,true],"large":["https:\/\/elfederalmendoza.com.ar\/wp-content\/uploads\/2022\/07\/nieve-1024x576.jpeg",640,360,true],"1536x1536":["https:\/\/elfederalmendoza.com.ar\/wp-content\/uploads\/2022\/07\/nieve.jpeg",1280,720,false],"2048x2048":["https:\/\/elfederalmendoza.com.ar\/wp-content\/uploads\/2022\/07\/nieve.jpeg",1280,720,false],"ultp_layout_landscape_large":["https:\/\/elfederalmendoza.com.ar\/wp-content\/uploads\/2022\/07\/nieve-1200x720.jpeg",1200,720,true],"ultp_layout_landscape":["https:\/\/elfederalmendoza.com.ar\/wp-content\/uploads\/2022\/07\/nieve-870x570.jpeg",870,570,true],"ultp_layout_portrait":["https:\/\/elfederalmendoza.com.ar\/wp-content\/uploads\/2022\/07\/nieve-600x720.jpeg",600,720,true],"ultp_layout_square":["https:\/\/elfederalmendoza.com.ar\/wp-content\/uploads\/2022\/07\/nieve-600x600.jpeg",600,600,true],"rpwe-thumbnail":["https:\/\/elfederalmendoza.com.ar\/wp-content\/uploads\/2022\/07\/nieve-45x45.jpeg",45,45,true],"advps-thumb-one":["https:\/\/elfederalmendoza.com.ar\/wp-content\/uploads\/2022\/07\/nieve-1200x420.jpeg",1200,420,true]},"rttpg_author":{"display_name":"Redacci\u00f3n El Federal","author_link":"https:\/\/elfederalmendoza.com.ar\/index.php\/author\/angelflores\/"},"rttpg_comment":0,"rttpg_category":"<a href=\"https:\/\/elfederalmendoza.com.ar\/index.php\/category\/mza\/\" rel=\"category tag\">Mendoza<\/a>","rttpg_excerpt":"El manto blanco sobre el piedemonte mendocino se recortaba puro, pero a la vez obsceno y soberbio contra el horizonte y se distingu\u00eda con claridad desde la ventana del quincho. Juli\u00e1n lo miraba, percibiendo a los miles de turistas metidos en la monta\u00f1a, disfrutando el paisaje in\u00e9dito de sol y nieve que el s\u00e1bado nos&hellip;","_links":{"self":[{"href":"https:\/\/elfederalmendoza.com.ar\/index.php\/wp-json\/wp\/v2\/posts\/18370","targetHints":{"allow":["GET"]}}],"collection":[{"href":"https:\/\/elfederalmendoza.com.ar\/index.php\/wp-json\/wp\/v2\/posts"}],"about":[{"href":"https:\/\/elfederalmendoza.com.ar\/index.php\/wp-json\/wp\/v2\/types\/post"}],"author":[{"embeddable":true,"href":"https:\/\/elfederalmendoza.com.ar\/index.php\/wp-json\/wp\/v2\/users\/2"}],"replies":[{"embeddable":true,"href":"https:\/\/elfederalmendoza.com.ar\/index.php\/wp-json\/wp\/v2\/comments?post=18370"}],"version-history":[{"count":1,"href":"https:\/\/elfederalmendoza.com.ar\/index.php\/wp-json\/wp\/v2\/posts\/18370\/revisions"}],"predecessor-version":[{"id":18372,"href":"https:\/\/elfederalmendoza.com.ar\/index.php\/wp-json\/wp\/v2\/posts\/18370\/revisions\/18372"}],"wp:featuredmedia":[{"embeddable":true,"href":"https:\/\/elfederalmendoza.com.ar\/index.php\/wp-json\/wp\/v2\/media\/18371"}],"wp:attachment":[{"href":"https:\/\/elfederalmendoza.com.ar\/index.php\/wp-json\/wp\/v2\/media?parent=18370"}],"wp:term":[{"taxonomy":"category","embeddable":true,"href":"https:\/\/elfederalmendoza.com.ar\/index.php\/wp-json\/wp\/v2\/categories?post=18370"},{"taxonomy":"post_tag","embeddable":true,"href":"https:\/\/elfederalmendoza.com.ar\/index.php\/wp-json\/wp\/v2\/tags?post=18370"}],"curies":[{"name":"wp","href":"https:\/\/api.w.org\/{rel}","templated":true}]}}