{"id":18373,"date":"2022-07-18T12:34:02","date_gmt":"2022-07-18T15:34:02","guid":{"rendered":"https:\/\/elfederalmendoza.com\/?p=18373"},"modified":"2022-07-18T12:34:04","modified_gmt":"2022-07-18T15:34:04","slug":"dolor-por-la-arquitecta-que-fue-estrangulada-en-la-quinta-seccion","status":"publish","type":"post","link":"https:\/\/elfederalmendoza.com.ar\/index.php\/2022\/07\/18\/dolor-por-la-arquitecta-que-fue-estrangulada-en-la-quinta-seccion\/","title":{"rendered":"Dolor por la arquitecta que fue estrangulada en la Quinta Secci\u00f3n"},"content":{"rendered":"\n<p>El misterio de la muerte de la arquitecta y artista pl\u00e1stica\u00a0<strong>Mar\u00eda P\u00eda Persia\u00a0<\/strong>en su casa de la Quinta Secci\u00f3n de la Ciudad de Mendoza, genera gran repercusi\u00f3n.\u00a0<strong>Se sabe que fue estrangulada pero no hay detenidos<\/strong>\u00a0y se manejan varias hip\u00f3tesis de su muerte. Persia era oriunda de Buenos Aires y muy conocida en el ambiente, con una vida social importante. Por eso, r\u00e1pidamente las muestras de dolor no tardaron en reflejarse en las redes sociales.<\/p>\n\n\n\n<p>Como por ejemplo la periodista y ex candidata a senadora provincial por el Partido Federal Laura Carbonari public\u00f3 en su cuenta de Facebook una despedida emotiva.&nbsp; Tambi\u00e9n, dialog\u00f3 con Ricardo Montacuto en&nbsp;<strong><em>Te digo lo que pienso&nbsp;<\/em><\/strong>por Radio Nihuil. \u00abMar\u00eda P\u00eda estaba remodelando su casa para estar en Airbnb\u00bb, cont\u00f3. La comunicadora social, amiga de la arquitecta asesinada la describi\u00f3 como una persona demasiado confiada: \u00abSus colegas le dec\u00edan que tuviera cuidado. Era una persona demasiado bondadosa\u00bb.&nbsp;<\/p>\n\n\n\n<figure class=\"wp-block-image is-resized\"><img loading=\"lazy\" decoding=\"async\" src=\"https:\/\/www.mendozapost.com\/files\/image\/396\/396627\/62d56d6f59792_570_380!.jpg?s=648cc8b1b6813ff3f8c72fc3481b93d9&amp;d=1658154354\" alt=\"\" width=\"1211\" height=\"807\"\/><figcaption>Persia a la derecha junto a Carbonari, el intendente de Godoy Cruz y el subsecretario de Deportes.<\/figcaption><\/figure>\n\n\n\n<p>Carbonari dijo que la mujer era una profesional muy conocida, incluso internacionalmente. \u00abAcababa de hacer una muestra en el Malba y otra en Alemania.&nbsp;<strong>Los arquitectos colegas presumen que ella ten\u00eda dinero en su casa para pagarle a los obreros<\/strong>\u00ab.&nbsp;<\/p>\n\n\n\n<p>\u00abEn Buenos Aires hab\u00eda trabajado con Mar\u00eda Eugenia Vidal. Hab\u00eda venido a Mendoza para ayudarnos con Carlos Iannizzotto para el armado de nuestro espacio pol\u00edtico; se enamor\u00f3 de Mendoza y se qued\u00f3 aqu\u00ed\u00bb, resalt\u00f3.&nbsp;<\/p>\n\n\n\n<p>\u00abLa urgencia es poner bajo las rejas al homicida, porque esa persona hoy mismo podr\u00eda asesinar a otra persona. Al que tenga informaci\u00f3n que la aporte a la fiscal\u00eda\u00bb, pidi\u00f3 la periodista.<\/p>\n\n\n\n<p>\u00abPia Persia , no ser\u00e1 f\u00e1cil despedirte&#8230; Chau, P\u00eda, amiga del alma, estuviste ah\u00ed siempre cuando te necesit\u00e9, me acompa\u00f1aste en momentos muy importantes de mi vida, sin tu ayuda no habr\u00eda podido. No puedo creer que ya no est\u00e9s\u00bb, comenz\u00f3 Carbonari su despedida.<\/p>\n\n\n\n<p>\u00abVoy a extra\u00f1ar tu acento porte\u00f1o, tu buen humor, tu fiel compa\u00f1erismo, tu profundo conocimiento del arte, tu talento, tus charlas,&nbsp;<strong>tu amor infinito por Mendoza&nbsp;<\/strong>que nunca dejabas de expresar. Me duele despedirte, me duele decirle a tus hijos y a tu familia cu\u00e1nto lo siento y cu\u00e1nto los acompa\u00f1o en este momento. Me defendiste como nadie en la campa\u00f1a, pusiste en valor cada actividad por peque\u00f1a que fuera\u00bb, a\u00f1adi\u00f3.<\/p>\n\n\n\n<figure class=\"wp-block-image is-resized\"><img loading=\"lazy\" decoding=\"async\" src=\"https:\/\/www.mendozapost.com\/files\/image\/396\/396629\/62d56f152e11c_570_321!.jpg?s=d9b7ecfcc61a5d054beaf689f9ebb68e&amp;d=1658154776\" alt=\"\" width=\"1213\" height=\"683\"\/><\/figure>\n\n\n\n<p>Finalmente, coment\u00f3 que \u00abre\u00edmos, so\u00f1amos, plasmamos, caminamos juntas. Estoy paralizada por c\u00f3mo te arrancaron de esta dimensi\u00f3n de la vida. Pero conoci\u00e9ndote ya estar\u00e1s preparando la manera de ayudarnos desde all\u00e1 arriba. Dios te ten\u00eda preparado algo muy grande, sino no entiendo nada. No alcanzaste a ver cuan importante era lo que hac\u00edas por Mendoza\u00bb.<\/p>\n\n\n\n<iframe loading=\"lazy\" src=\"https:\/\/www.facebook.com\/plugins\/post.php?href=https%3A%2F%2Fwww.facebook.com%2Flaura.carbonari.75%2Fposts%2Fpfbid055ro9LfpLdKy3E82XSrzxyuHGFgzijcKwpGJoByfXQ49o7kJmTUp7BWTbTE8wrfKl&#038;show_text=true&#038;width=500\" width=\"500\" height=\"767\" style=\"border:none;overflow:hidden\" scrolling=\"no\" frameborder=\"0\" allowfullscreen=\"true\" allow=\"autoplay; clipboard-write; encrypted-media; picture-in-picture; web-share\"><\/iframe>\n\n\n\n<p><strong>Mendoza Post<\/strong><\/p>\n","protected":false},"excerpt":{"rendered":"<p>El misterio de la muerte de la arquitecta y artista pl\u00e1stica\u00a0Mar\u00eda P\u00eda Persia\u00a0en su casa de la Quinta Secci\u00f3n de la Ciudad de Mendoza, genera gran repercusi\u00f3n.\u00a0Se sabe que fue estrangulada pero no hay detenidos\u00a0y se manejan varias hip\u00f3tesis de su muerte. Persia era oriunda de Buenos Aires y muy conocida en el ambiente, con<a class=\"read-more\" href=\"https:\/\/elfederalmendoza.com.ar\/index.php\/2022\/07\/18\/dolor-por-la-arquitecta-que-fue-estrangulada-en-la-quinta-seccion\/\"> [&hellip;]<\/a><\/p>\n","protected":false},"author":2,"featured_media":18374,"comment_status":"open","ping_status":"open","sticky":false,"template":"","format":"standard","meta":{"footnotes":""},"categories":[1],"tags":[],"class_list":["post-18373","post","type-post","status-publish","format-standard","has-post-thumbnail","hentry","category-mza"],"rttpg_featured_image_url":{"full":["https:\/\/elfederalmendoza.com.ar\/wp-content\/uploads\/2022\/07\/arqu.webp",1024,440,false],"landscape":["https:\/\/elfederalmendoza.com.ar\/wp-content\/uploads\/2022\/07\/arqu.webp",1024,440,false],"portraits":["https:\/\/elfederalmendoza.com.ar\/wp-content\/uploads\/2022\/07\/arqu.webp",1024,440,false],"thumbnail":["https:\/\/elfederalmendoza.com.ar\/wp-content\/uploads\/2022\/07\/arqu-150x150.webp",150,150,true],"medium":["https:\/\/elfederalmendoza.com.ar\/wp-content\/uploads\/2022\/07\/arqu-300x129.webp",300,129,true],"large":["https:\/\/elfederalmendoza.com.ar\/wp-content\/uploads\/2022\/07\/arqu.webp",640,275,false],"1536x1536":["https:\/\/elfederalmendoza.com.ar\/wp-content\/uploads\/2022\/07\/arqu.webp",1024,440,false],"2048x2048":["https:\/\/elfederalmendoza.com.ar\/wp-content\/uploads\/2022\/07\/arqu.webp",1024,440,false],"ultp_layout_landscape_large":["https:\/\/elfederalmendoza.com.ar\/wp-content\/uploads\/2022\/07\/arqu.webp",1024,440,false],"ultp_layout_landscape":["https:\/\/elfederalmendoza.com.ar\/wp-content\/uploads\/2022\/07\/arqu-870x440.webp",870,440,true],"ultp_layout_portrait":["https:\/\/elfederalmendoza.com.ar\/wp-content\/uploads\/2022\/07\/arqu-600x440.webp",600,440,true],"ultp_layout_square":["https:\/\/elfederalmendoza.com.ar\/wp-content\/uploads\/2022\/07\/arqu-600x440.webp",600,440,true],"rpwe-thumbnail":["https:\/\/elfederalmendoza.com.ar\/wp-content\/uploads\/2022\/07\/arqu-45x45.webp",45,45,true],"advps-thumb-one":["https:\/\/elfederalmendoza.com.ar\/wp-content\/uploads\/2022\/07\/arqu-1024x420.webp",1024,420,true]},"rttpg_author":{"display_name":"Redacci\u00f3n El Federal","author_link":"https:\/\/elfederalmendoza.com.ar\/index.php\/author\/angelflores\/"},"rttpg_comment":0,"rttpg_category":"<a href=\"https:\/\/elfederalmendoza.com.ar\/index.php\/category\/mza\/\" rel=\"category tag\">Mendoza<\/a>","rttpg_excerpt":"El misterio de la muerte de la arquitecta y artista pl\u00e1stica\u00a0Mar\u00eda P\u00eda Persia\u00a0en su casa de la Quinta Secci\u00f3n de la Ciudad de Mendoza, genera gran repercusi\u00f3n.\u00a0Se sabe que fue estrangulada pero no hay detenidos\u00a0y se manejan varias hip\u00f3tesis de su muerte. Persia era oriunda de Buenos Aires y muy conocida en el ambiente, con&hellip;","_links":{"self":[{"href":"https:\/\/elfederalmendoza.com.ar\/index.php\/wp-json\/wp\/v2\/posts\/18373","targetHints":{"allow":["GET"]}}],"collection":[{"href":"https:\/\/elfederalmendoza.com.ar\/index.php\/wp-json\/wp\/v2\/posts"}],"about":[{"href":"https:\/\/elfederalmendoza.com.ar\/index.php\/wp-json\/wp\/v2\/types\/post"}],"author":[{"embeddable":true,"href":"https:\/\/elfederalmendoza.com.ar\/index.php\/wp-json\/wp\/v2\/users\/2"}],"replies":[{"embeddable":true,"href":"https:\/\/elfederalmendoza.com.ar\/index.php\/wp-json\/wp\/v2\/comments?post=18373"}],"version-history":[{"count":1,"href":"https:\/\/elfederalmendoza.com.ar\/index.php\/wp-json\/wp\/v2\/posts\/18373\/revisions"}],"predecessor-version":[{"id":18375,"href":"https:\/\/elfederalmendoza.com.ar\/index.php\/wp-json\/wp\/v2\/posts\/18373\/revisions\/18375"}],"wp:featuredmedia":[{"embeddable":true,"href":"https:\/\/elfederalmendoza.com.ar\/index.php\/wp-json\/wp\/v2\/media\/18374"}],"wp:attachment":[{"href":"https:\/\/elfederalmendoza.com.ar\/index.php\/wp-json\/wp\/v2\/media?parent=18373"}],"wp:term":[{"taxonomy":"category","embeddable":true,"href":"https:\/\/elfederalmendoza.com.ar\/index.php\/wp-json\/wp\/v2\/categories?post=18373"},{"taxonomy":"post_tag","embeddable":true,"href":"https:\/\/elfederalmendoza.com.ar\/index.php\/wp-json\/wp\/v2\/tags?post=18373"}],"curies":[{"name":"wp","href":"https:\/\/api.w.org\/{rel}","templated":true}]}}