{"id":18387,"date":"2022-07-19T13:24:13","date_gmt":"2022-07-19T16:24:13","guid":{"rendered":"https:\/\/elfederalmendoza.com\/?p=18387"},"modified":"2022-07-19T13:24:15","modified_gmt":"2022-07-19T16:24:15","slug":"nacion-confirmo-que-no-habra-nuevos-cupos-para-planes-sociales","status":"publish","type":"post","link":"https:\/\/elfederalmendoza.com.ar\/index.php\/2022\/07\/19\/nacion-confirmo-que-no-habra-nuevos-cupos-para-planes-sociales\/","title":{"rendered":"Naci\u00f3n confirm\u00f3 que no habr\u00e1 nuevos cupos para planes sociales"},"content":{"rendered":"\n<p>El ministro de<strong>&nbsp;Desarrollo Social, Juan Zabaleta<\/strong>, se reuni\u00f3 con el jefe de Gabinete, Juan Manzur, con el objetivo de monitorear los programas sociales y ratific\u00f3 que&nbsp;<strong>no abrir\u00e1 nuevos cupos de beneficiarios<\/strong>, pese al reclamo de las organizaciones sociales.<\/p>\n\n\n\n<p>\u00abNosotros tomamos la decisi\u00f3n en febrero de no dar m\u00e1s altas en las inscripciones del Plan Potenciar Trabajo y convertir ese programa en proyectos productivos. Hay decisiones que tomo como ministro, no va a haber m\u00e1s altas del Plan Potenciar Trabajo y decidimos cuidar al beneficiario del plan\u00bb, enfatiz\u00f3 el funcionario nacional.<\/p>\n\n\n\n<p>En la misma l\u00ednea, sostuvo que el di\u00e1logo con las movilizaciones sociales \u00abnunca se rompi\u00f3\u00bb y cuestion\u00f3 los cortes de calles como m\u00e9todo de protesta.<\/p>\n\n\n\n<figure class=\"wp-block-image is-resized\"><img loading=\"lazy\" decoding=\"async\" src=\"https:\/\/www.mendozapost.com\/files\/image\/389\/389009\/62b4787f9ae2b_570_317!.jpg?s=2fc65ff47e0d2393d3a4cfcccd079f7b&amp;d=1655994498\" alt=\"\" width=\"1218\" height=\"677\"\/><figcaption>Zabaleta estuvo reunido con Manzur, jefe de Gabinete<\/figcaption><\/figure>\n\n\n\n<p>\u00abSiempre reflexiono con ellos de no jorobarle la vida a los argentinos, porque los que van en el Metrobus y los que circulan van a trabajar y a sus casas\u00bb, remarc\u00f3 Zabaleta.<\/p>\n\n\n\n<p><strong>Previo a una nueva movilizaci\u00f3n de organizaciones sociales vinculadas a la izquierda<\/strong>, que se concretar\u00e1 este mi\u00e9rcoles en el centro porte\u00f1o, el ex intendente de Hurlingham destac\u00f3 que por el momento no est\u00e1 previsto ning\u00fan encuentro con los referentes de Unidad Piquetera: \u00abPara ma\u00f1ana no han pedido ninguna reuni\u00f3n. Siempre que lo pidieron, los recibimos. Me he juntado \u00faltimamente m\u00e1s con dirigentes piqueteros que con mi propia familia\u00bb. \u00abNo es rebeli\u00f3n: hay manifestaciones, pedidos y reclamos en el marco de la democracia. A todos nos conviene y nos compromete que la Argentina se recupere\u00bb, a\u00f1adi\u00f3.<\/p>\n\n\n\n<figure class=\"wp-block-image is-resized\"><img loading=\"lazy\" decoding=\"async\" src=\"https:\/\/www.mendozapost.com\/files\/image\/385\/385309\/62a1f0145fd84_570_427!.jpg?s=e3b71311528e6ba432330dfa96b8da8e&amp;d=1655517198\" alt=\"\" width=\"1217\" height=\"912\"\/><\/figure>\n\n\n\n<p>Por su parte, Manzur afirm\u00f3 que son \u00abmuy respetuosos de todas las expresiones populares\u00bb y neg\u00f3 que el Gobierno pudiera llegar a cortar el v\u00ednculo con las organizaciones que salen a la calle: \u00abVamos a seguir abiertos al di\u00e1logo, acercando posiciones\u00bb.<\/p>\n\n\n\n<p>\u00abEn un momento complejo, sensible, se est\u00e1 llevando adelante una gran tarea. Vamos a seguir redoblando el esfuerzo\u00bb, afirm\u00f3 el tucumano.\u00a0<\/p>\n\n\n\n<p>Mendoza Post<\/p>\n","protected":false},"excerpt":{"rendered":"<p>El ministro de&nbsp;Desarrollo Social, Juan Zabaleta, se reuni\u00f3 con el jefe de Gabinete, Juan Manzur, con el objetivo de monitorear los programas sociales y ratific\u00f3 que&nbsp;no abrir\u00e1 nuevos cupos de beneficiarios, pese al reclamo de las organizaciones sociales. \u00abNosotros tomamos la decisi\u00f3n en febrero de no dar m\u00e1s altas en las inscripciones del Plan Potenciar<a class=\"read-more\" href=\"https:\/\/elfederalmendoza.com.ar\/index.php\/2022\/07\/19\/nacion-confirmo-que-no-habra-nuevos-cupos-para-planes-sociales\/\"> [&hellip;]<\/a><\/p>\n","protected":false},"author":2,"featured_media":18390,"comment_status":"open","ping_status":"open","sticky":false,"template":"","format":"standard","meta":{"footnotes":""},"categories":[5618],"tags":[],"class_list":["post-18387","post","type-post","status-publish","format-standard","has-post-thumbnail","hentry","category-arg"],"rttpg_featured_image_url":{"full":["https:\/\/elfederalmendoza.com.ar\/wp-content\/uploads\/2022\/07\/post.webp",1024,440,false],"landscape":["https:\/\/elfederalmendoza.com.ar\/wp-content\/uploads\/2022\/07\/post.webp",1024,440,false],"portraits":["https:\/\/elfederalmendoza.com.ar\/wp-content\/uploads\/2022\/07\/post.webp",1024,440,false],"thumbnail":["https:\/\/elfederalmendoza.com.ar\/wp-content\/uploads\/2022\/07\/post-150x150.webp",150,150,true],"medium":["https:\/\/elfederalmendoza.com.ar\/wp-content\/uploads\/2022\/07\/post-300x129.webp",300,129,true],"large":["https:\/\/elfederalmendoza.com.ar\/wp-content\/uploads\/2022\/07\/post.webp",640,275,false],"1536x1536":["https:\/\/elfederalmendoza.com.ar\/wp-content\/uploads\/2022\/07\/post.webp",1024,440,false],"2048x2048":["https:\/\/elfederalmendoza.com.ar\/wp-content\/uploads\/2022\/07\/post.webp",1024,440,false],"ultp_layout_landscape_large":["https:\/\/elfederalmendoza.com.ar\/wp-content\/uploads\/2022\/07\/post.webp",1024,440,false],"ultp_layout_landscape":["https:\/\/elfederalmendoza.com.ar\/wp-content\/uploads\/2022\/07\/post-870x440.webp",870,440,true],"ultp_layout_portrait":["https:\/\/elfederalmendoza.com.ar\/wp-content\/uploads\/2022\/07\/post-600x440.webp",600,440,true],"ultp_layout_square":["https:\/\/elfederalmendoza.com.ar\/wp-content\/uploads\/2022\/07\/post-600x440.webp",600,440,true],"rpwe-thumbnail":["https:\/\/elfederalmendoza.com.ar\/wp-content\/uploads\/2022\/07\/post-45x45.webp",45,45,true],"advps-thumb-one":["https:\/\/elfederalmendoza.com.ar\/wp-content\/uploads\/2022\/07\/post-1024x420.webp",1024,420,true]},"rttpg_author":{"display_name":"Redacci\u00f3n El Federal","author_link":"https:\/\/elfederalmendoza.com.ar\/index.php\/author\/angelflores\/"},"rttpg_comment":0,"rttpg_category":"<a href=\"https:\/\/elfederalmendoza.com.ar\/index.php\/category\/arg\/\" rel=\"category tag\">Argentina<\/a>","rttpg_excerpt":"El ministro de&nbsp;Desarrollo Social, Juan Zabaleta, se reuni\u00f3 con el jefe de Gabinete, Juan Manzur, con el objetivo de monitorear los programas sociales y ratific\u00f3 que&nbsp;no abrir\u00e1 nuevos cupos de beneficiarios, pese al reclamo de las organizaciones sociales. \u00abNosotros tomamos la decisi\u00f3n en febrero de no dar m\u00e1s altas en las inscripciones del Plan Potenciar&hellip;","_links":{"self":[{"href":"https:\/\/elfederalmendoza.com.ar\/index.php\/wp-json\/wp\/v2\/posts\/18387","targetHints":{"allow":["GET"]}}],"collection":[{"href":"https:\/\/elfederalmendoza.com.ar\/index.php\/wp-json\/wp\/v2\/posts"}],"about":[{"href":"https:\/\/elfederalmendoza.com.ar\/index.php\/wp-json\/wp\/v2\/types\/post"}],"author":[{"embeddable":true,"href":"https:\/\/elfederalmendoza.com.ar\/index.php\/wp-json\/wp\/v2\/users\/2"}],"replies":[{"embeddable":true,"href":"https:\/\/elfederalmendoza.com.ar\/index.php\/wp-json\/wp\/v2\/comments?post=18387"}],"version-history":[{"count":2,"href":"https:\/\/elfederalmendoza.com.ar\/index.php\/wp-json\/wp\/v2\/posts\/18387\/revisions"}],"predecessor-version":[{"id":18391,"href":"https:\/\/elfederalmendoza.com.ar\/index.php\/wp-json\/wp\/v2\/posts\/18387\/revisions\/18391"}],"wp:featuredmedia":[{"embeddable":true,"href":"https:\/\/elfederalmendoza.com.ar\/index.php\/wp-json\/wp\/v2\/media\/18390"}],"wp:attachment":[{"href":"https:\/\/elfederalmendoza.com.ar\/index.php\/wp-json\/wp\/v2\/media?parent=18387"}],"wp:term":[{"taxonomy":"category","embeddable":true,"href":"https:\/\/elfederalmendoza.com.ar\/index.php\/wp-json\/wp\/v2\/categories?post=18387"},{"taxonomy":"post_tag","embeddable":true,"href":"https:\/\/elfederalmendoza.com.ar\/index.php\/wp-json\/wp\/v2\/tags?post=18387"}],"curies":[{"name":"wp","href":"https:\/\/api.w.org\/{rel}","templated":true}]}}