{"id":18392,"date":"2022-07-19T13:40:26","date_gmt":"2022-07-19T16:40:26","guid":{"rendered":"https:\/\/elfederalmendoza.com\/?p=18392"},"modified":"2022-07-19T13:40:28","modified_gmt":"2022-07-19T16:40:28","slug":"alertan-que-podria-faltar-el-agua-en-el-gran-mendoza","status":"publish","type":"post","link":"https:\/\/elfederalmendoza.com.ar\/index.php\/2022\/07\/19\/alertan-que-podria-faltar-el-agua-en-el-gran-mendoza\/","title":{"rendered":"Alertan que podr\u00eda faltar el agua en el Gran Mendoza"},"content":{"rendered":"\n<p>El Ministerio de Planificaci\u00f3n e Infraestructura P\u00fablica comunic\u00f3 que este&nbsp;<strong>martes 19 de julio<\/strong>&nbsp;realizar\u00e1 maniobras de&nbsp;<strong>apertura de las compuertas<\/strong>&nbsp;del descargador de fondo de la presa de&nbsp;<strong>Potrerillos<\/strong>. Las tareas est\u00e1n asociadas al Plan de Mantenimiento de Presa, y son realizadas por la empresa CEMPSSA a partir de las 8.<\/p>\n\n\n\n<p>Estas maniobras pueden afectar la producci\u00f3n de los establecimientos potabilizadores de&nbsp;<strong>Aguas Mendocinas<\/strong>. Se estima que p<strong>odr\u00eda ocasionar inconvenientes en el servicio de agua potable en varios sectores del Gran Mendoza<\/strong>, los cuales se manifestar\u00edan a partir del mediod\u00eda del martes y&nbsp;<strong>podr\u00edan extenderse hasta el miercoles 20<\/strong>, alertaron.<\/p>\n\n\n\n<p>Al mismo tiempo,&nbsp;<strong>solicitaron a la poblaci\u00f3n hacer uso responsable y solidario del agua potable<\/strong>.&nbsp;<\/p>\n\n\n\n<figure class=\"wp-block-image size-large is-resized\"><img loading=\"lazy\" decoding=\"async\" src=\"https:\/\/elfederalmendoza.com\/wp-content\/uploads\/2022\/07\/DIQUE-1024x680.jpg\" alt=\"\" class=\"wp-image-18393\" width=\"1218\" height=\"808\" srcset=\"https:\/\/elfederalmendoza.com.ar\/wp-content\/uploads\/2022\/07\/DIQUE-1024x680.jpg 1024w, https:\/\/elfederalmendoza.com.ar\/wp-content\/uploads\/2022\/07\/DIQUE-300x199.jpg 300w, https:\/\/elfederalmendoza.com.ar\/wp-content\/uploads\/2022\/07\/DIQUE-768x510.jpg 768w, https:\/\/elfederalmendoza.com.ar\/wp-content\/uploads\/2022\/07\/DIQUE-1536x1020.jpg 1536w, https:\/\/elfederalmendoza.com.ar\/wp-content\/uploads\/2022\/07\/DIQUE-2048x1360.jpg 2048w\" sizes=\"auto, (max-width: 1218px) 100vw, 1218px\" \/><figcaption><strong>Dique potrerillos<\/strong><\/figcaption><\/figure>\n\n\n\n<p><strong>Qu\u00e9 cuidados hay que tener<\/strong><\/p>\n\n\n\n<p>-Realizar consumo restringido de agua potable, para resguardar la reserva domiciliaria.<\/p>\n\n\n\n<p>-Mantener una peque\u00f1a reserva de agua envasada en el hogar y renovarla peri\u00f3dicamente.<\/p>\n\n\n\n<p>-Comunicar la novedad a los integrantes de la familia, para que todos est\u00e9n comprometidos y sepan qu\u00e9 hacer.<\/p>\n\n\n\n<p>-Suspender el riego del jard\u00edn y el uso del lavarropas autom\u00e1tico.<\/p>\n\n\n\n<p>-Controlar al m\u00e1ximo las descargas del inodoro.<\/p>\n\n\n\n<figure class=\"wp-block-image size-full is-resized\"><img loading=\"lazy\" decoding=\"async\" src=\"https:\/\/elfederalmendoza.com\/wp-content\/uploads\/2022\/07\/agua.jpg\" alt=\"\" class=\"wp-image-18394\" width=\"1211\" height=\"807\" srcset=\"https:\/\/elfederalmendoza.com.ar\/wp-content\/uploads\/2022\/07\/agua.jpg 1023w, https:\/\/elfederalmendoza.com.ar\/wp-content\/uploads\/2022\/07\/agua-300x200.jpg 300w, https:\/\/elfederalmendoza.com.ar\/wp-content\/uploads\/2022\/07\/agua-768x512.jpg 768w\" sizes=\"auto, (max-width: 1211px) 100vw, 1211px\" \/><figcaption><strong>Aguas Mendocinas indic\u00f3 que podr\u00eda haber problemas con el agua el martes y mi\u00e9rcoles<\/strong><\/figcaption><\/figure>\n\n\n\n<p>-Regular la intensidad del chorro de agua de la canilla (no abrirla al m\u00e1ximo).<\/p>\n\n\n\n<p>-Recordar que est\u00e1 prohibido regar calles pavimentadas y que no se deben lavar veredas y autos con manguera o hidrolavadora.<\/p>\n\n\n\n<p><strong>Mendoza Post<\/strong><\/p>\n","protected":false},"excerpt":{"rendered":"<p>El Ministerio de Planificaci\u00f3n e Infraestructura P\u00fablica comunic\u00f3 que este&nbsp;martes 19 de julio&nbsp;realizar\u00e1 maniobras de&nbsp;apertura de las compuertas&nbsp;del descargador de fondo de la presa de&nbsp;Potrerillos. Las tareas est\u00e1n asociadas al Plan de Mantenimiento de Presa, y son realizadas por la empresa CEMPSSA a partir de las 8. Estas maniobras pueden afectar la producci\u00f3n de los<a class=\"read-more\" href=\"https:\/\/elfederalmendoza.com.ar\/index.php\/2022\/07\/19\/alertan-que-podria-faltar-el-agua-en-el-gran-mendoza\/\"> [&hellip;]<\/a><\/p>\n","protected":false},"author":2,"featured_media":18396,"comment_status":"open","ping_status":"open","sticky":false,"template":"","format":"standard","meta":{"footnotes":""},"categories":[1],"tags":[],"class_list":["post-18392","post","type-post","status-publish","format-standard","has-post-thumbnail","hentry","category-mza"],"rttpg_featured_image_url":{"full":["https:\/\/elfederalmendoza.com.ar\/wp-content\/uploads\/2022\/07\/agua-tibia-ayunas.jpg",2560,1440,false],"landscape":["https:\/\/elfederalmendoza.com.ar\/wp-content\/uploads\/2022\/07\/agua-tibia-ayunas.jpg",2560,1440,false],"portraits":["https:\/\/elfederalmendoza.com.ar\/wp-content\/uploads\/2022\/07\/agua-tibia-ayunas.jpg",2560,1440,false],"thumbnail":["https:\/\/elfederalmendoza.com.ar\/wp-content\/uploads\/2022\/07\/agua-tibia-ayunas-150x150.jpg",150,150,true],"medium":["https:\/\/elfederalmendoza.com.ar\/wp-content\/uploads\/2022\/07\/agua-tibia-ayunas-300x169.jpg",300,169,true],"large":["https:\/\/elfederalmendoza.com.ar\/wp-content\/uploads\/2022\/07\/agua-tibia-ayunas-1024x576.jpg",640,360,true],"1536x1536":["https:\/\/elfederalmendoza.com.ar\/wp-content\/uploads\/2022\/07\/agua-tibia-ayunas-1536x864.jpg",1536,864,true],"2048x2048":["https:\/\/elfederalmendoza.com.ar\/wp-content\/uploads\/2022\/07\/agua-tibia-ayunas-2048x1152.jpg",2048,1152,true],"ultp_layout_landscape_large":["https:\/\/elfederalmendoza.com.ar\/wp-content\/uploads\/2022\/07\/agua-tibia-ayunas-1200x800.jpg",1200,800,true],"ultp_layout_landscape":["https:\/\/elfederalmendoza.com.ar\/wp-content\/uploads\/2022\/07\/agua-tibia-ayunas-870x570.jpg",870,570,true],"ultp_layout_portrait":["https:\/\/elfederalmendoza.com.ar\/wp-content\/uploads\/2022\/07\/agua-tibia-ayunas-600x900.jpg",600,900,true],"ultp_layout_square":["https:\/\/elfederalmendoza.com.ar\/wp-content\/uploads\/2022\/07\/agua-tibia-ayunas-600x600.jpg",600,600,true],"rpwe-thumbnail":["https:\/\/elfederalmendoza.com.ar\/wp-content\/uploads\/2022\/07\/agua-tibia-ayunas-45x45.jpg",45,45,true],"advps-thumb-one":["https:\/\/elfederalmendoza.com.ar\/wp-content\/uploads\/2022\/07\/agua-tibia-ayunas-1200x420.jpg",1200,420,true]},"rttpg_author":{"display_name":"Redacci\u00f3n El Federal","author_link":"https:\/\/elfederalmendoza.com.ar\/index.php\/author\/angelflores\/"},"rttpg_comment":0,"rttpg_category":"<a href=\"https:\/\/elfederalmendoza.com.ar\/index.php\/category\/mza\/\" rel=\"category tag\">Mendoza<\/a>","rttpg_excerpt":"El Ministerio de Planificaci\u00f3n e Infraestructura P\u00fablica comunic\u00f3 que este&nbsp;martes 19 de julio&nbsp;realizar\u00e1 maniobras de&nbsp;apertura de las compuertas&nbsp;del descargador de fondo de la presa de&nbsp;Potrerillos. Las tareas est\u00e1n asociadas al Plan de Mantenimiento de Presa, y son realizadas por la empresa CEMPSSA a partir de las 8. Estas maniobras pueden afectar la producci\u00f3n de los&hellip;","_links":{"self":[{"href":"https:\/\/elfederalmendoza.com.ar\/index.php\/wp-json\/wp\/v2\/posts\/18392","targetHints":{"allow":["GET"]}}],"collection":[{"href":"https:\/\/elfederalmendoza.com.ar\/index.php\/wp-json\/wp\/v2\/posts"}],"about":[{"href":"https:\/\/elfederalmendoza.com.ar\/index.php\/wp-json\/wp\/v2\/types\/post"}],"author":[{"embeddable":true,"href":"https:\/\/elfederalmendoza.com.ar\/index.php\/wp-json\/wp\/v2\/users\/2"}],"replies":[{"embeddable":true,"href":"https:\/\/elfederalmendoza.com.ar\/index.php\/wp-json\/wp\/v2\/comments?post=18392"}],"version-history":[{"count":1,"href":"https:\/\/elfederalmendoza.com.ar\/index.php\/wp-json\/wp\/v2\/posts\/18392\/revisions"}],"predecessor-version":[{"id":18397,"href":"https:\/\/elfederalmendoza.com.ar\/index.php\/wp-json\/wp\/v2\/posts\/18392\/revisions\/18397"}],"wp:featuredmedia":[{"embeddable":true,"href":"https:\/\/elfederalmendoza.com.ar\/index.php\/wp-json\/wp\/v2\/media\/18396"}],"wp:attachment":[{"href":"https:\/\/elfederalmendoza.com.ar\/index.php\/wp-json\/wp\/v2\/media?parent=18392"}],"wp:term":[{"taxonomy":"category","embeddable":true,"href":"https:\/\/elfederalmendoza.com.ar\/index.php\/wp-json\/wp\/v2\/categories?post=18392"},{"taxonomy":"post_tag","embeddable":true,"href":"https:\/\/elfederalmendoza.com.ar\/index.php\/wp-json\/wp\/v2\/tags?post=18392"}],"curies":[{"name":"wp","href":"https:\/\/api.w.org\/{rel}","templated":true}]}}