{"id":18453,"date":"2022-07-23T15:13:53","date_gmt":"2022-07-23T18:13:53","guid":{"rendered":"https:\/\/elfederalmendoza.com\/?p=18453"},"modified":"2022-07-23T15:13:55","modified_gmt":"2022-07-23T18:13:55","slug":"seguridad-se-reune-con-supermercados-de-mendoza-ante-posibles-disturbios","status":"publish","type":"post","link":"https:\/\/elfederalmendoza.com.ar\/index.php\/2022\/07\/23\/seguridad-se-reune-con-supermercados-de-mendoza-ante-posibles-disturbios\/","title":{"rendered":"Seguridad se re\u00fane con supermercados de Mendoza ante posibles disturbios"},"content":{"rendered":"\n<p>\u00a0Esta semana, el\u00a0<strong>Ministerio de Seguridad de Mendoza<\/strong>\u00a0y empresarios del rubro de los\u00a0<strong>supermercados<\/strong>\u00a0y\u00a0<strong>comercios<\/strong>\u00a0de la provincia mantendr\u00e1n una reuni\u00f3n a fin de tomar medidas preventivas ante posibles disturbios e intentos de saqueos. La medida se da en el marco de la profunda crisis econ\u00f3mica que atraviesa el pa\u00eds y en particular, sobre los dichos del referente social,\u00a0<strong>Juan Grabois<\/strong>, que carg\u00f3 contra el Presidente y dijo durante la marcha piquetera del mi\u00e9rcoles que \u00abprefiere hablar ahora y no lamentarse cuando empiecen los saqueos\u00bb.<\/p>\n\n\n\n<p>El dato fue confirmado \u00a0por el\u00a0<strong>subsecretario de Relaciones Institucionales del Ministerio de Seguridad, N\u00e9stor Majul.<\/strong><\/p>\n\n\n\n<p>\u00abSi, estamos confirmando el lugar. Es una reuni\u00f3n para analizar situaciones de posibles conflictos. Lo hacemos permanentemente\u00bb, se refiri\u00f3 en cuanto al encuentro que llevar\u00e1n a cabo con los empresarios.<\/p>\n\n\n\n<figure class=\"wp-block-image is-resized\"><img loading=\"lazy\" decoding=\"async\" src=\"https:\/\/www.mendozapost.com\/files\/image\/338\/338577\/61bbf6dc45e19_570_297!.jpg?s=726a5da6b2732437483868665dd7d923&amp;d=1658580232\" alt=\"\" width=\"1210\" height=\"630\"\/><figcaption>El Gobierno de Mendoza previene ante posibles estallidos sociales.<\/figcaption><\/figure>\n\n\n\n<p>Ante la consulta sobre si internamente manejan un dato que puso en alerta al sector y a la cartera de Seguridad, dijo que no hab\u00eda nada concreto. Por lo tanto, el encuentro se llevar\u00e1 a cabo a efectos preventivos.<\/p>\n\n\n\n<figure class=\"wp-block-image is-resized\"><img loading=\"lazy\" decoding=\"async\" src=\"https:\/\/www.mendozapost.com\/files\/image\/394\/394443\/62cca0fe1321d_570_376!.jpg?s=9988b4ccab8377979094809e46ec5b3d&amp;d=1658580271\" alt=\"\" width=\"1220\" height=\"716\"\/><figcaption>                                                        Juan Grabois hizo pol\u00e9micas declaraciones deslizando la posibilidad de que se produzcan saqueos en el pa\u00eds ante la crisis econ\u00f3mica.<\/figcaption><\/figure>\n\n\n\n<p>\u00abPara el Frente Patria Grande est\u00e1 claro que es el sector concentrado de la econom\u00eda y sus espacios pol\u00edticos afines quienes promovieron la deuda externa, y ahora el aumento desenfrenado de precios y la corrida cambiaria. Estos son los n\u00facleos que desestabilizan nuestro pa\u00eds econ\u00f3mica, social y pol\u00edticamente. Al interior del Frente de Todos la discusi\u00f3n central es c\u00f3mo enfrentar estos intentos desestabilizadores al mismo tiempo que generar pol\u00edticas que den un piso de dignidad para el sector de las personas m\u00e1s desfavorecidas, que claramente es el sector de las trabajadoras y trabajadores de la econom\u00eda popular. La discusi\u00f3n por el Salario B\u00e1sico Universal se da en este sentido\u00bb, defini\u00f3 el militante Gast\u00f3n Donato.<\/p>\n\n\n\n<p><strong>Mendoza Post<\/strong><\/p>\n","protected":false},"excerpt":{"rendered":"<p>\u00a0Esta semana, el\u00a0Ministerio de Seguridad de Mendoza\u00a0y empresarios del rubro de los\u00a0supermercados\u00a0y\u00a0comercios\u00a0de la provincia mantendr\u00e1n una reuni\u00f3n a fin de tomar medidas preventivas ante posibles disturbios e intentos de saqueos. La medida se da en el marco de la profunda crisis econ\u00f3mica que atraviesa el pa\u00eds y en particular, sobre los dichos del referente social,\u00a0Juan<a class=\"read-more\" href=\"https:\/\/elfederalmendoza.com.ar\/index.php\/2022\/07\/23\/seguridad-se-reune-con-supermercados-de-mendoza-ante-posibles-disturbios\/\"> [&hellip;]<\/a><\/p>\n","protected":false},"author":2,"featured_media":18454,"comment_status":"open","ping_status":"open","sticky":false,"template":"","format":"standard","meta":{"footnotes":""},"categories":[1],"tags":[],"class_list":["post-18453","post","type-post","status-publish","format-standard","has-post-thumbnail","hentry","category-mza"],"rttpg_featured_image_url":{"full":["https:\/\/elfederalmendoza.com.ar\/wp-content\/uploads\/2022\/07\/atomo.webp",1024,440,false],"landscape":["https:\/\/elfederalmendoza.com.ar\/wp-content\/uploads\/2022\/07\/atomo.webp",1024,440,false],"portraits":["https:\/\/elfederalmendoza.com.ar\/wp-content\/uploads\/2022\/07\/atomo.webp",1024,440,false],"thumbnail":["https:\/\/elfederalmendoza.com.ar\/wp-content\/uploads\/2022\/07\/atomo-150x150.webp",150,150,true],"medium":["https:\/\/elfederalmendoza.com.ar\/wp-content\/uploads\/2022\/07\/atomo-300x129.webp",300,129,true],"large":["https:\/\/elfederalmendoza.com.ar\/wp-content\/uploads\/2022\/07\/atomo.webp",640,275,false],"1536x1536":["https:\/\/elfederalmendoza.com.ar\/wp-content\/uploads\/2022\/07\/atomo.webp",1024,440,false],"2048x2048":["https:\/\/elfederalmendoza.com.ar\/wp-content\/uploads\/2022\/07\/atomo.webp",1024,440,false],"ultp_layout_landscape_large":["https:\/\/elfederalmendoza.com.ar\/wp-content\/uploads\/2022\/07\/atomo.webp",1024,440,false],"ultp_layout_landscape":["https:\/\/elfederalmendoza.com.ar\/wp-content\/uploads\/2022\/07\/atomo-870x440.webp",870,440,true],"ultp_layout_portrait":["https:\/\/elfederalmendoza.com.ar\/wp-content\/uploads\/2022\/07\/atomo-600x440.webp",600,440,true],"ultp_layout_square":["https:\/\/elfederalmendoza.com.ar\/wp-content\/uploads\/2022\/07\/atomo-600x440.webp",600,440,true],"rpwe-thumbnail":["https:\/\/elfederalmendoza.com.ar\/wp-content\/uploads\/2022\/07\/atomo-45x45.webp",45,45,true],"advps-thumb-one":["https:\/\/elfederalmendoza.com.ar\/wp-content\/uploads\/2022\/07\/atomo-1024x420.webp",1024,420,true]},"rttpg_author":{"display_name":"Redacci\u00f3n El Federal","author_link":"https:\/\/elfederalmendoza.com.ar\/index.php\/author\/angelflores\/"},"rttpg_comment":0,"rttpg_category":"<a href=\"https:\/\/elfederalmendoza.com.ar\/index.php\/category\/mza\/\" rel=\"category tag\">Mendoza<\/a>","rttpg_excerpt":"\u00a0Esta semana, el\u00a0Ministerio de Seguridad de Mendoza\u00a0y empresarios del rubro de los\u00a0supermercados\u00a0y\u00a0comercios\u00a0de la provincia mantendr\u00e1n una reuni\u00f3n a fin de tomar medidas preventivas ante posibles disturbios e intentos de saqueos. La medida se da en el marco de la profunda crisis econ\u00f3mica que atraviesa el pa\u00eds y en particular, sobre los dichos del referente social,\u00a0Juan&hellip;","_links":{"self":[{"href":"https:\/\/elfederalmendoza.com.ar\/index.php\/wp-json\/wp\/v2\/posts\/18453","targetHints":{"allow":["GET"]}}],"collection":[{"href":"https:\/\/elfederalmendoza.com.ar\/index.php\/wp-json\/wp\/v2\/posts"}],"about":[{"href":"https:\/\/elfederalmendoza.com.ar\/index.php\/wp-json\/wp\/v2\/types\/post"}],"author":[{"embeddable":true,"href":"https:\/\/elfederalmendoza.com.ar\/index.php\/wp-json\/wp\/v2\/users\/2"}],"replies":[{"embeddable":true,"href":"https:\/\/elfederalmendoza.com.ar\/index.php\/wp-json\/wp\/v2\/comments?post=18453"}],"version-history":[{"count":2,"href":"https:\/\/elfederalmendoza.com.ar\/index.php\/wp-json\/wp\/v2\/posts\/18453\/revisions"}],"predecessor-version":[{"id":18456,"href":"https:\/\/elfederalmendoza.com.ar\/index.php\/wp-json\/wp\/v2\/posts\/18453\/revisions\/18456"}],"wp:featuredmedia":[{"embeddable":true,"href":"https:\/\/elfederalmendoza.com.ar\/index.php\/wp-json\/wp\/v2\/media\/18454"}],"wp:attachment":[{"href":"https:\/\/elfederalmendoza.com.ar\/index.php\/wp-json\/wp\/v2\/media?parent=18453"}],"wp:term":[{"taxonomy":"category","embeddable":true,"href":"https:\/\/elfederalmendoza.com.ar\/index.php\/wp-json\/wp\/v2\/categories?post=18453"},{"taxonomy":"post_tag","embeddable":true,"href":"https:\/\/elfederalmendoza.com.ar\/index.php\/wp-json\/wp\/v2\/tags?post=18453"}],"curies":[{"name":"wp","href":"https:\/\/api.w.org\/{rel}","templated":true}]}}