{"id":18622,"date":"2022-08-02T20:24:23","date_gmt":"2022-08-02T23:24:23","guid":{"rendered":"https:\/\/elfederalmendoza.com\/?p=18622"},"modified":"2022-08-02T20:25:13","modified_gmt":"2022-08-02T23:25:13","slug":"piden-ayuda-para-poder-velar-a-la-joven-asesinada-en-rivadavia","status":"publish","type":"post","link":"https:\/\/elfederalmendoza.com.ar\/index.php\/2022\/08\/02\/piden-ayuda-para-poder-velar-a-la-joven-asesinada-en-rivadavia\/","title":{"rendered":"Piden ayuda para poder velar a la joven asesinada en Rivadavia"},"content":{"rendered":"\n<p>\u00a0La familia de\u00a0<strong>Karen R\u00edos<\/strong>\u00a0realiza una colecta para poder pagar el sepelio de la joven de 20 a\u00f1os asesinada en Rivadavia.\u00a0<strong>A trav\u00e9s de la Red de Acompa\u00f1amiento Feminista-Zona Este<\/strong>\u00a0se viriliz\u00f3 el pedido en Facebook y se comparte un n\u00famero de\u00a0<strong>CBU<\/strong>\u00a0para que los dispuestos a colaborar puedan realizar el dep\u00f3sito que les sea posible.<\/p>\n\n\n\n<p>En la imagen compartida en las redes sociales se puede ver una imagen de Karen acompa\u00f1ada de los datos para la donaci\u00f3n los cuales est\u00e1n a nombre de&nbsp;<strong>Sebasti\u00e1n Nicol\u00e1s Cavas<\/strong>.<\/p>\n\n\n\n<p>El caso de Karen conmocion\u00f3 a todo\u00a0<strong>Rivadavia<\/strong>\u00a0por la crudeza del hecho. La joven se encontraba acostada cuando\u00a0<strong>Hugo Sosa<\/strong>\u00a0lleg\u00f3 a la vivienda y la acuchill\u00f3 pensando que se trataba de<strong>\u00a0Melisa R\u00edos<\/strong>, hermana de la v\u00edctima y ex pareja del atacante.\u00a0<\/p>\n\n\n\n<p>Melisa recibi\u00f3 varias amenazas por parte de Sosa, las cuales fueron denunciadas, pero no obtuvieron respuesta de la polic\u00eda.<\/p>\n\n\n\n<figure class=\"wp-block-image is-resized\"><img loading=\"lazy\" decoding=\"async\" src=\"https:\/\/www.mendozapost.com\/files\/image\/400\/400997\/62e97c972333a_570_538!.jpg?s=387f6f19c87345e44ccb261a848ad30b&amp;d=1659468955\" alt=\"\" width=\"1217\" height=\"1149\"\/><\/figure>\n\n\n\n<p>Informaci\u00f3n para aportar a la colecta de la familia de Karen R\u00edos. (Foto: Facebook)<\/p>\n\n\n\n<figure class=\"wp-block-image is-resized\"><img loading=\"lazy\" decoding=\"async\" src=\"https:\/\/www.mendozapost.com\/files\/image\/401\/401001\/62e97d630ce10_570_765!.jpg?s=48ac5599d4996d2792a5d0343fe327c6&amp;d=1659469159\" alt=\"\" width=\"1214\" height=\"1629\"\/><\/figure>\n\n\n\n<p>La joven fue asesinada mientras dorm\u00eda en su casa. (Foto: Facebook)<\/p>\n\n\n\n<p><strong>Mendoza Post<\/strong><\/p>\n","protected":false},"excerpt":{"rendered":"<p>\u00a0La familia de\u00a0Karen R\u00edos\u00a0realiza una colecta para poder pagar el sepelio de la joven de 20 a\u00f1os asesinada en Rivadavia.\u00a0A trav\u00e9s de la Red de Acompa\u00f1amiento Feminista-Zona Este\u00a0se viriliz\u00f3 el pedido en Facebook y se comparte un n\u00famero de\u00a0CBU\u00a0para que los dispuestos a colaborar puedan realizar el dep\u00f3sito que les sea posible. En la imagen<a class=\"read-more\" href=\"https:\/\/elfederalmendoza.com.ar\/index.php\/2022\/08\/02\/piden-ayuda-para-poder-velar-a-la-joven-asesinada-en-rivadavia\/\"> [&hellip;]<\/a><\/p>\n","protected":false},"author":2,"featured_media":18623,"comment_status":"open","ping_status":"open","sticky":false,"template":"","format":"standard","meta":{"footnotes":""},"categories":[5622],"tags":[],"class_list":["post-18622","post","type-post","status-publish","format-standard","has-post-thumbnail","hentry","category-policiales"],"rttpg_featured_image_url":{"full":["https:\/\/elfederalmendoza.com.ar\/wp-content\/uploads\/2022\/08\/karen.webp",1024,440,false],"landscape":["https:\/\/elfederalmendoza.com.ar\/wp-content\/uploads\/2022\/08\/karen.webp",1024,440,false],"portraits":["https:\/\/elfederalmendoza.com.ar\/wp-content\/uploads\/2022\/08\/karen.webp",1024,440,false],"thumbnail":["https:\/\/elfederalmendoza.com.ar\/wp-content\/uploads\/2022\/08\/karen-150x150.webp",150,150,true],"medium":["https:\/\/elfederalmendoza.com.ar\/wp-content\/uploads\/2022\/08\/karen-300x129.webp",300,129,true],"large":["https:\/\/elfederalmendoza.com.ar\/wp-content\/uploads\/2022\/08\/karen.webp",640,275,false],"1536x1536":["https:\/\/elfederalmendoza.com.ar\/wp-content\/uploads\/2022\/08\/karen.webp",1024,440,false],"2048x2048":["https:\/\/elfederalmendoza.com.ar\/wp-content\/uploads\/2022\/08\/karen.webp",1024,440,false],"ultp_layout_landscape_large":["https:\/\/elfederalmendoza.com.ar\/wp-content\/uploads\/2022\/08\/karen.webp",1024,440,false],"ultp_layout_landscape":["https:\/\/elfederalmendoza.com.ar\/wp-content\/uploads\/2022\/08\/karen-870x440.webp",870,440,true],"ultp_layout_portrait":["https:\/\/elfederalmendoza.com.ar\/wp-content\/uploads\/2022\/08\/karen-600x440.webp",600,440,true],"ultp_layout_square":["https:\/\/elfederalmendoza.com.ar\/wp-content\/uploads\/2022\/08\/karen-600x440.webp",600,440,true],"rpwe-thumbnail":["https:\/\/elfederalmendoza.com.ar\/wp-content\/uploads\/2022\/08\/karen-45x45.webp",45,45,true],"advps-thumb-one":["https:\/\/elfederalmendoza.com.ar\/wp-content\/uploads\/2022\/08\/karen-1024x420.webp",1024,420,true]},"rttpg_author":{"display_name":"Redacci\u00f3n El Federal","author_link":"https:\/\/elfederalmendoza.com.ar\/index.php\/author\/angelflores\/"},"rttpg_comment":0,"rttpg_category":"<a href=\"https:\/\/elfederalmendoza.com.ar\/index.php\/category\/policiales\/\" rel=\"category tag\">Policiales<\/a>","rttpg_excerpt":"\u00a0La familia de\u00a0Karen R\u00edos\u00a0realiza una colecta para poder pagar el sepelio de la joven de 20 a\u00f1os asesinada en Rivadavia.\u00a0A trav\u00e9s de la Red de Acompa\u00f1amiento Feminista-Zona Este\u00a0se viriliz\u00f3 el pedido en Facebook y se comparte un n\u00famero de\u00a0CBU\u00a0para que los dispuestos a colaborar puedan realizar el dep\u00f3sito que les sea posible. En la imagen&hellip;","_links":{"self":[{"href":"https:\/\/elfederalmendoza.com.ar\/index.php\/wp-json\/wp\/v2\/posts\/18622","targetHints":{"allow":["GET"]}}],"collection":[{"href":"https:\/\/elfederalmendoza.com.ar\/index.php\/wp-json\/wp\/v2\/posts"}],"about":[{"href":"https:\/\/elfederalmendoza.com.ar\/index.php\/wp-json\/wp\/v2\/types\/post"}],"author":[{"embeddable":true,"href":"https:\/\/elfederalmendoza.com.ar\/index.php\/wp-json\/wp\/v2\/users\/2"}],"replies":[{"embeddable":true,"href":"https:\/\/elfederalmendoza.com.ar\/index.php\/wp-json\/wp\/v2\/comments?post=18622"}],"version-history":[{"count":1,"href":"https:\/\/elfederalmendoza.com.ar\/index.php\/wp-json\/wp\/v2\/posts\/18622\/revisions"}],"predecessor-version":[{"id":18624,"href":"https:\/\/elfederalmendoza.com.ar\/index.php\/wp-json\/wp\/v2\/posts\/18622\/revisions\/18624"}],"wp:featuredmedia":[{"embeddable":true,"href":"https:\/\/elfederalmendoza.com.ar\/index.php\/wp-json\/wp\/v2\/media\/18623"}],"wp:attachment":[{"href":"https:\/\/elfederalmendoza.com.ar\/index.php\/wp-json\/wp\/v2\/media?parent=18622"}],"wp:term":[{"taxonomy":"category","embeddable":true,"href":"https:\/\/elfederalmendoza.com.ar\/index.php\/wp-json\/wp\/v2\/categories?post=18622"},{"taxonomy":"post_tag","embeddable":true,"href":"https:\/\/elfederalmendoza.com.ar\/index.php\/wp-json\/wp\/v2\/tags?post=18622"}],"curies":[{"name":"wp","href":"https:\/\/api.w.org\/{rel}","templated":true}]}}