{"id":18719,"date":"2022-08-08T11:29:47","date_gmt":"2022-08-08T14:29:47","guid":{"rendered":"https:\/\/elfederalmendoza.com\/?p=18719"},"modified":"2022-08-08T11:29:49","modified_gmt":"2022-08-08T14:29:49","slug":"el-gobierno-afirma-que-la-adhesion-al-paro-docente-es-menor-al-36","status":"publish","type":"post","link":"https:\/\/elfederalmendoza.com.ar\/index.php\/2022\/08\/08\/el-gobierno-afirma-que-la-adhesion-al-paro-docente-es-menor-al-36\/","title":{"rendered":"El Gobierno afirma que la adhesi\u00f3n al paro docente es menor al 36%"},"content":{"rendered":"\n<p>La\u00a0<strong>Direcci\u00f3n General de Escuelas (DGE)<\/strong>\u00a0inform\u00f3 que, de acuerdo a un corte de informaci\u00f3n que realiz\u00f3 este lunes a las 10, la adhesi\u00f3n al primer d\u00eda del\u00a0<strong>paro docente por 72 horas\u00a0<\/strong>convocado por el Sindicato Unido de Trabajadores de la Educaci\u00f3n (SUTE) al que adhiere SADOP (que nuclea a los privados), en<strong>\u00a0menor al 36%.<\/strong><\/p>\n\n\n\n<p>El gobierno escolar indic\u00f3 que seg\u00fan la carga de planillas de asistencia de docentes que est\u00e1n realizando las escuelas a trav\u00e9s del GEM, se ha registrado un&nbsp;<strong>64,04% de presentismo.<\/strong><\/p>\n\n\n\n<p>Con estos datos, la<strong>\u00a0DGE contradice el n\u00famero que comunic\u00f3 el gremio, que asegura un acatamiento del 75%<\/strong>\u00a0para el nivel primario y del 65% para el secundario. La medida de fuerza se llevar\u00e1 adelante hasta el pr\u00f3ximo mi\u00e9rcoles.\u00a0<\/p>\n\n\n\n<figure class=\"wp-block-image is-resized\"><img loading=\"lazy\" decoding=\"async\" src=\"https:\/\/www.mendozapost.com\/files\/image\/403\/403059\/62f117742f051_570_406!.png?s=bfb92472581b55af21a79118862d079d&amp;d=1659967351\" alt=\"\" width=\"1207\" height=\"860\"\/><figcaption>La captura de pantalla del GEM.<\/figcaption><\/figure>\n\n\n\n<p>La carga realizada en el GEM es hecha por los directivos de las escuelas de la provincia, de acuerdo a la presencia efectiva del personal docente.<\/p>\n\n\n\n<p>La asistencia de alumnos ha sido dis\u00edmil en los colegios, por lo que el Gobierno de Mendoza volvi\u00f3 a convocar a las familias a enviar a sus hijos e hijas a las escuelas ya que est\u00e1 garantizado el servicio educativo.<\/p>\n\n\n\n<blockquote class=\"twitter-tweet\"><p lang=\"es\" dir=\"ltr\">\ud83d\udc49 Carina Sedano, <a href=\"https:\/\/twitter.com\/carisedano?ref_src=twsrc%5Etfw\">@carisedano<\/a> , en esta primera jornada de paro de trabajadores y trabajadoras de la Educaci\u00f3n de Mendoza.<a href=\"https:\/\/twitter.com\/hashtag\/YoParo?src=hash&amp;ref_src=twsrc%5Etfw\">#YoParo<\/a><a href=\"https:\/\/twitter.com\/hashtag\/NoAlDecretazo?src=hash&amp;ref_src=twsrc%5Etfw\">#NoAlDecretazo<\/a><a href=\"https:\/\/twitter.com\/gustavocorrea77?ref_src=twsrc%5Etfw\">@gustavocorrea77<\/a> <a href=\"https:\/\/t.co\/ZcCTBjUHLA\">pic.twitter.com\/ZcCTBjUHLA<\/a><\/p>&mdash; SUTE (@sutemendoza) <a href=\"https:\/\/twitter.com\/sutemendoza\/status\/1556638859550752768?ref_src=twsrc%5Etfw\">August 8, 2022<\/a><\/blockquote> <script async src=\"https:\/\/platform.twitter.com\/widgets.js\" charset=\"utf-8\"><\/script>\n\n\n\n<figure class=\"wp-block-image is-resized\"><img loading=\"lazy\" decoding=\"async\" src=\"https:\/\/www.mendozapost.com\/files\/image\/313\/313716\/60f828844143f_570_320!.jpg?s=fc9cde5ef56a73947fe1358e71715271&amp;d=1640706225\" alt=\"\" width=\"1212\" height=\"680\"\/><\/figure>\n\n\n\n<p><strong>Mendoza Post<\/strong><\/p>\n","protected":false},"excerpt":{"rendered":"<p>La\u00a0Direcci\u00f3n General de Escuelas (DGE)\u00a0inform\u00f3 que, de acuerdo a un corte de informaci\u00f3n que realiz\u00f3 este lunes a las 10, la adhesi\u00f3n al primer d\u00eda del\u00a0paro docente por 72 horas\u00a0convocado por el Sindicato Unido de Trabajadores de la Educaci\u00f3n (SUTE) al que adhiere SADOP (que nuclea a los privados), en\u00a0menor al 36%. El gobierno escolar<a class=\"read-more\" href=\"https:\/\/elfederalmendoza.com.ar\/index.php\/2022\/08\/08\/el-gobierno-afirma-que-la-adhesion-al-paro-docente-es-menor-al-36\/\"> [&hellip;]<\/a><\/p>\n","protected":false},"author":2,"featured_media":18720,"comment_status":"open","ping_status":"open","sticky":false,"template":"","format":"standard","meta":{"footnotes":""},"categories":[1],"tags":[],"class_list":["post-18719","post","type-post","status-publish","format-standard","has-post-thumbnail","hentry","category-mza"],"rttpg_featured_image_url":{"full":["https:\/\/elfederalmendoza.com.ar\/wp-content\/uploads\/2022\/08\/marchas.webp",1200,630,false],"landscape":["https:\/\/elfederalmendoza.com.ar\/wp-content\/uploads\/2022\/08\/marchas.webp",1200,630,false],"portraits":["https:\/\/elfederalmendoza.com.ar\/wp-content\/uploads\/2022\/08\/marchas.webp",1200,630,false],"thumbnail":["https:\/\/elfederalmendoza.com.ar\/wp-content\/uploads\/2022\/08\/marchas-150x150.webp",150,150,true],"medium":["https:\/\/elfederalmendoza.com.ar\/wp-content\/uploads\/2022\/08\/marchas-300x158.webp",300,158,true],"large":["https:\/\/elfederalmendoza.com.ar\/wp-content\/uploads\/2022\/08\/marchas-1024x538.webp",640,336,true],"1536x1536":["https:\/\/elfederalmendoza.com.ar\/wp-content\/uploads\/2022\/08\/marchas.webp",1200,630,false],"2048x2048":["https:\/\/elfederalmendoza.com.ar\/wp-content\/uploads\/2022\/08\/marchas.webp",1200,630,false],"ultp_layout_landscape_large":["https:\/\/elfederalmendoza.com.ar\/wp-content\/uploads\/2022\/08\/marchas.webp",1200,630,false],"ultp_layout_landscape":["https:\/\/elfederalmendoza.com.ar\/wp-content\/uploads\/2022\/08\/marchas-870x570.webp",870,570,true],"ultp_layout_portrait":["https:\/\/elfederalmendoza.com.ar\/wp-content\/uploads\/2022\/08\/marchas-600x630.webp",600,630,true],"ultp_layout_square":["https:\/\/elfederalmendoza.com.ar\/wp-content\/uploads\/2022\/08\/marchas-600x600.webp",600,600,true],"rpwe-thumbnail":["https:\/\/elfederalmendoza.com.ar\/wp-content\/uploads\/2022\/08\/marchas-45x45.webp",45,45,true],"advps-thumb-one":["https:\/\/elfederalmendoza.com.ar\/wp-content\/uploads\/2022\/08\/marchas-1200x420.webp",1200,420,true]},"rttpg_author":{"display_name":"Redacci\u00f3n El Federal","author_link":"https:\/\/elfederalmendoza.com.ar\/index.php\/author\/angelflores\/"},"rttpg_comment":0,"rttpg_category":"<a href=\"https:\/\/elfederalmendoza.com.ar\/index.php\/category\/mza\/\" rel=\"category tag\">Mendoza<\/a>","rttpg_excerpt":"La\u00a0Direcci\u00f3n General de Escuelas (DGE)\u00a0inform\u00f3 que, de acuerdo a un corte de informaci\u00f3n que realiz\u00f3 este lunes a las 10, la adhesi\u00f3n al primer d\u00eda del\u00a0paro docente por 72 horas\u00a0convocado por el Sindicato Unido de Trabajadores de la Educaci\u00f3n (SUTE) al que adhiere SADOP (que nuclea a los privados), en\u00a0menor al 36%. El gobierno escolar&hellip;","_links":{"self":[{"href":"https:\/\/elfederalmendoza.com.ar\/index.php\/wp-json\/wp\/v2\/posts\/18719","targetHints":{"allow":["GET"]}}],"collection":[{"href":"https:\/\/elfederalmendoza.com.ar\/index.php\/wp-json\/wp\/v2\/posts"}],"about":[{"href":"https:\/\/elfederalmendoza.com.ar\/index.php\/wp-json\/wp\/v2\/types\/post"}],"author":[{"embeddable":true,"href":"https:\/\/elfederalmendoza.com.ar\/index.php\/wp-json\/wp\/v2\/users\/2"}],"replies":[{"embeddable":true,"href":"https:\/\/elfederalmendoza.com.ar\/index.php\/wp-json\/wp\/v2\/comments?post=18719"}],"version-history":[{"count":1,"href":"https:\/\/elfederalmendoza.com.ar\/index.php\/wp-json\/wp\/v2\/posts\/18719\/revisions"}],"predecessor-version":[{"id":18721,"href":"https:\/\/elfederalmendoza.com.ar\/index.php\/wp-json\/wp\/v2\/posts\/18719\/revisions\/18721"}],"wp:featuredmedia":[{"embeddable":true,"href":"https:\/\/elfederalmendoza.com.ar\/index.php\/wp-json\/wp\/v2\/media\/18720"}],"wp:attachment":[{"href":"https:\/\/elfederalmendoza.com.ar\/index.php\/wp-json\/wp\/v2\/media?parent=18719"}],"wp:term":[{"taxonomy":"category","embeddable":true,"href":"https:\/\/elfederalmendoza.com.ar\/index.php\/wp-json\/wp\/v2\/categories?post=18719"},{"taxonomy":"post_tag","embeddable":true,"href":"https:\/\/elfederalmendoza.com.ar\/index.php\/wp-json\/wp\/v2\/tags?post=18719"}],"curies":[{"name":"wp","href":"https:\/\/api.w.org\/{rel}","templated":true}]}}