{"id":1873,"date":"2020-05-10T00:32:18","date_gmt":"2020-05-10T03:32:18","guid":{"rendered":"https:\/\/elfederalmendoza.com\/?p=1873"},"modified":"2020-05-10T00:32:18","modified_gmt":"2020-05-10T03:32:18","slug":"otra-jornada-sin-casos-positivos-de-coronavirus-en-mendoza","status":"publish","type":"post","link":"https:\/\/elfederalmendoza.com.ar\/index.php\/2020\/05\/10\/otra-jornada-sin-casos-positivos-de-coronavirus-en-mendoza\/","title":{"rendered":"Otra jornada sin casos positivos de coronavirus en Mendoza"},"content":{"rendered":"<div class=\"media\">\n<div class=\"image\">\n<div id=\"vplfgp_galleryembed\" class=\"gallery\">\n<div class=\"image\">Seg\u00fan datos oficiales del ministerio de Salud, Mendoza tuvo otra jornada sin casos positivos de coronavirus. La Red de Laboratorios inform\u00f3 que hoy se procesaron 27 determinaciones de las cuales todas dieron negativas de covid-19.<\/div>\n<\/div>\n<\/div>\n<\/div>\n<div id=\"vsmcontent\" class=\"content vsmcontent\">\n<p><b>Esta ma\u00f1ana, el ministerio de Salud de Mendoza dio a conocer que las muestras del personal de salud y de los adultos mayores del <\/b>geri\u00e1trico santa Ines , <b>dieron negativas.<\/b><\/p>\n<p>Luego de realizar las\u00a0<strong>53 determinaciones<\/strong>\u00a0a albergados y personal de salud\u00a0<strong>de un geri\u00e1trico de la Ciudad de Mendoza<\/strong>, todas las muestras\u00a0<strong>han sido negativas:\u00a0<\/strong>39 al personal de salud y 14 a adultos mayores con contacto estrecho con\u00a0paciente positivo de COVID;19<\/p>\n<p><strong>Mendoza cuenta hasta el momento con 81 casos confirmados<\/strong>. Son 40 casos importados -gente que ha llegado de otros pa\u00edses-, 38 de ellos por contacto estrecho con alguien que vino de otro pa\u00eds o dio positivo de COVID-19 y 3 en investigaci\u00f3n epidemiol\u00f3gica.<\/p>\n<p>Asimismo, la provincia tiene\u00a0<strong>43 personas recuperadas y 9 fallecimientos por COVID-19<\/strong>.<\/p>\n<p>Es importante recordar que el Ministerio de Salud de Mendoza informa sobre todos los pacientes que ingresan al sistema sanitario p\u00fablico y privado de la provincia. En el caso en que un mendocino da positivo en otras jurisdicciones nacionales -por estar estudiando en otra provincia, por vivir en otro lugar sin registrar el cambio de domicilio o por estar realizando un trabajo temporario-, no ser\u00e1 registrado como caso confirmado en Mendoza.<\/p>\n<p>Es importante destacar que mantener los casos limitados a aquellos que vienen del extranjero ser\u00e1 posible en la medida que respetemos estrictamente el aislamiento social.<\/p>\n<\/div>\n<div class=\"share-buttons small\"><\/div>\n","protected":false},"excerpt":{"rendered":"<p>Seg\u00fan datos oficiales del ministerio de Salud, Mendoza tuvo otra jornada sin casos positivos de coronavirus. La Red de Laboratorios inform\u00f3 que hoy se procesaron 27 determinaciones de las cuales todas dieron negativas de covid-19. Esta ma\u00f1ana, el ministerio de Salud de Mendoza dio a conocer que las muestras del personal de salud y de<a class=\"read-more\" href=\"https:\/\/elfederalmendoza.com.ar\/index.php\/2020\/05\/10\/otra-jornada-sin-casos-positivos-de-coronavirus-en-mendoza\/\"> [&hellip;]<\/a><\/p>\n","protected":false},"author":2,"featured_media":1874,"comment_status":"open","ping_status":"open","sticky":false,"template":"","format":"image","meta":{"footnotes":""},"categories":[1],"tags":[202,11],"class_list":["post-1873","post","type-post","status-publish","format-image","has-post-thumbnail","hentry","category-mza","tag-coronavirus","tag-mendoza","post_format-post-format-image"],"rttpg_featured_image_url":{"full":["https:\/\/elfederalmendoza.com.ar\/wp-content\/uploads\/2020\/05\/5e98bc5f717c6_896_607-1.jpg",896,607,false],"landscape":["https:\/\/elfederalmendoza.com.ar\/wp-content\/uploads\/2020\/05\/5e98bc5f717c6_896_607-1.jpg",896,607,false],"portraits":["https:\/\/elfederalmendoza.com.ar\/wp-content\/uploads\/2020\/05\/5e98bc5f717c6_896_607-1.jpg",896,607,false],"thumbnail":["https:\/\/elfederalmendoza.com.ar\/wp-content\/uploads\/2020\/05\/5e98bc5f717c6_896_607-1-150x150.jpg",150,150,true],"medium":["https:\/\/elfederalmendoza.com.ar\/wp-content\/uploads\/2020\/05\/5e98bc5f717c6_896_607-1-300x203.jpg",300,203,true],"large":["https:\/\/elfederalmendoza.com.ar\/wp-content\/uploads\/2020\/05\/5e98bc5f717c6_896_607-1.jpg",640,434,false],"1536x1536":["https:\/\/elfederalmendoza.com.ar\/wp-content\/uploads\/2020\/05\/5e98bc5f717c6_896_607-1.jpg",896,607,false],"2048x2048":["https:\/\/elfederalmendoza.com.ar\/wp-content\/uploads\/2020\/05\/5e98bc5f717c6_896_607-1.jpg",896,607,false],"ultp_layout_landscape_large":["https:\/\/elfederalmendoza.com.ar\/wp-content\/uploads\/2020\/05\/5e98bc5f717c6_896_607-1.jpg",896,607,false],"ultp_layout_landscape":["https:\/\/elfederalmendoza.com.ar\/wp-content\/uploads\/2020\/05\/5e98bc5f717c6_896_607-1.jpg",841,570,false],"ultp_layout_portrait":["https:\/\/elfederalmendoza.com.ar\/wp-content\/uploads\/2020\/05\/5e98bc5f717c6_896_607-1.jpg",600,406,false],"ultp_layout_square":["https:\/\/elfederalmendoza.com.ar\/wp-content\/uploads\/2020\/05\/5e98bc5f717c6_896_607-1.jpg",600,406,false],"rpwe-thumbnail":["https:\/\/elfederalmendoza.com.ar\/wp-content\/uploads\/2020\/05\/5e98bc5f717c6_896_607-1-45x45.jpg",45,45,true],"advps-thumb-one":["https:\/\/elfederalmendoza.com.ar\/wp-content\/uploads\/2020\/05\/5e98bc5f717c6_896_607-1-896x420.jpg",896,420,true]},"rttpg_author":{"display_name":"Redacci\u00f3n El Federal","author_link":"https:\/\/elfederalmendoza.com.ar\/index.php\/author\/angelflores\/"},"rttpg_comment":0,"rttpg_category":"<a href=\"https:\/\/elfederalmendoza.com.ar\/index.php\/category\/mza\/\" rel=\"category tag\">Mendoza<\/a>","rttpg_excerpt":"Seg\u00fan datos oficiales del ministerio de Salud, Mendoza tuvo otra jornada sin casos positivos de coronavirus. La Red de Laboratorios inform\u00f3 que hoy se procesaron 27 determinaciones de las cuales todas dieron negativas de covid-19. Esta ma\u00f1ana, el ministerio de Salud de Mendoza dio a conocer que las muestras del personal de salud y de&hellip;","_links":{"self":[{"href":"https:\/\/elfederalmendoza.com.ar\/index.php\/wp-json\/wp\/v2\/posts\/1873","targetHints":{"allow":["GET"]}}],"collection":[{"href":"https:\/\/elfederalmendoza.com.ar\/index.php\/wp-json\/wp\/v2\/posts"}],"about":[{"href":"https:\/\/elfederalmendoza.com.ar\/index.php\/wp-json\/wp\/v2\/types\/post"}],"author":[{"embeddable":true,"href":"https:\/\/elfederalmendoza.com.ar\/index.php\/wp-json\/wp\/v2\/users\/2"}],"replies":[{"embeddable":true,"href":"https:\/\/elfederalmendoza.com.ar\/index.php\/wp-json\/wp\/v2\/comments?post=1873"}],"version-history":[{"count":1,"href":"https:\/\/elfederalmendoza.com.ar\/index.php\/wp-json\/wp\/v2\/posts\/1873\/revisions"}],"predecessor-version":[{"id":1875,"href":"https:\/\/elfederalmendoza.com.ar\/index.php\/wp-json\/wp\/v2\/posts\/1873\/revisions\/1875"}],"wp:featuredmedia":[{"embeddable":true,"href":"https:\/\/elfederalmendoza.com.ar\/index.php\/wp-json\/wp\/v2\/media\/1874"}],"wp:attachment":[{"href":"https:\/\/elfederalmendoza.com.ar\/index.php\/wp-json\/wp\/v2\/media?parent=1873"}],"wp:term":[{"taxonomy":"category","embeddable":true,"href":"https:\/\/elfederalmendoza.com.ar\/index.php\/wp-json\/wp\/v2\/categories?post=1873"},{"taxonomy":"post_tag","embeddable":true,"href":"https:\/\/elfederalmendoza.com.ar\/index.php\/wp-json\/wp\/v2\/tags?post=1873"}],"curies":[{"name":"wp","href":"https:\/\/api.w.org\/{rel}","templated":true}]}}