{"id":18766,"date":"2022-08-12T19:00:58","date_gmt":"2022-08-12T22:00:58","guid":{"rendered":"https:\/\/elfederalmendoza.com\/?p=18766"},"modified":"2022-08-12T19:31:26","modified_gmt":"2022-08-12T22:31:26","slug":"el-gobierno-cerro-acuerdo-con-otros-cuatro-gremios","status":"publish","type":"post","link":"https:\/\/elfederalmendoza.com.ar\/index.php\/2022\/08\/12\/el-gobierno-cerro-acuerdo-con-otros-cuatro-gremios\/","title":{"rendered":"El Gobierno cerr\u00f3 acuerdo con otros cuatro gremios"},"content":{"rendered":"\n<p>Con el anuncio de un acuerdo con otros cuatro gremios, el Gobierno de Mendoza cerr\u00f3 esta semana diez<strong>&nbsp;negociaciones paritarias<\/strong>.<\/p>\n\n\n\n<p>El Ejecutivo acerc\u00f3 a la mesa de negociaci\u00f3n salarial distintas propuestas que fueron analizadas por los gremios que representan a las y los trabajadores p\u00fablicos de la provincia.<\/p>\n\n\n\n<p>Estas alternativas significaron una mejora en los ingresos en el marco de contexto inflacionario nacional que los afecta sensiblemente. Con esta premisa, el cuerpo paritario central se reuni\u00f3 con las entidades sindicales que mantuvieron abierto el di\u00e1logo y se acercaron propuestas y posiciones.<\/p>\n\n\n\n<figure class=\"wp-block-image is-resized\"><img loading=\"lazy\" decoding=\"async\" src=\"https:\/\/www.mendozapost.com\/files\/image\/404\/404553\/62f6c2e49411b_570_380!.jpg?s=0671b0c50cac751be52aa1fa629e11d0&amp;d=1660338919\" alt=\"\" width=\"1212\" height=\"808\"\/><\/figure>\n\n\n\n<p>Este viernes el Gobierno sum\u00f3 cuatro acuerdos con los gremios.<\/p>\n\n\n\n<p>Se logr\u00f3 firmar acuerdos con\u00a0<strong>Asociaci\u00f3n Mendocina de Profesionales de la Salud (Ampros)<\/strong>; Contadur\u00eda General de la Provincia;\u00a0<strong>Fiscal\u00eda de Estado<\/strong>; Tesorer\u00eda General de la Provincia;<strong>\u00a0Honorable Tribunal de Cuentas<\/strong>; Direcci\u00f3n Provincial de Vialidad (DPV);\u00a0<strong>\u00a0Subsecretar\u00eda de Trabajo y Empleo<\/strong>; Parques y Paseos; Ecoparque; y F<strong>uncionarios judiciales.<\/strong><\/p>\n\n\n\n<figure class=\"wp-block-image size-full is-resized\"><img loading=\"lazy\" decoding=\"async\" src=\"https:\/\/elfederalmendoza.com\/wp-content\/uploads\/2022\/08\/post-2.jpg\" alt=\"\" class=\"wp-image-18780\" width=\"1213\" height=\"1617\" srcset=\"https:\/\/elfederalmendoza.com.ar\/wp-content\/uploads\/2022\/08\/post-2.jpg 360w, https:\/\/elfederalmendoza.com.ar\/wp-content\/uploads\/2022\/08\/post-2-225x300.jpg 225w\" sizes=\"auto, (max-width: 1213px) 100vw, 1213px\" \/><\/figure>\n\n\n\n<p>Convocatoria<\/p>\n\n\n\n<p>El Gobierno de Mendoza convoc\u00f3 a los representantes gremiales para revisar el incremento salarial que se acord\u00f3 en estos \u00faltimos d\u00edas, tal como se comprometi\u00f3 en los decretos paritarios firmados. De esta manera, se activa la cl\u00e1usula de compromiso tras conocerse el alto \u00edndice inflacionario que azota al pa\u00eds y que alcanz\u00f3 el 7,4% durante julio.<\/p>\n\n\n\n<p>La medida alcanza tanto a los gremios que aceptaron la propuesta como a aquellos que rechazaron la oferta y recibieron el aumento por decreto.<\/p>\n\n\n\n<p>La inflaci\u00f3n, que no logra controlar el Gobierno nacional, impacta no solo en el bolsillo de los mendocinos sino tambi\u00e9n en el funcionamiento del Estado provincial. Por ello, desde el Ejecutivo solicitan a los representantes gremiales sensatez a la hora de llegar a un acuerdo durante los pr\u00f3ximos d\u00edas, que resulte equilibrado para ambas partes y que no comprometa las cuentas p\u00fablicas provinciales.<\/p>\n\n\n\n<p><strong>Mendoza Post<\/strong><\/p>\n","protected":false},"excerpt":{"rendered":"<p>Con el anuncio de un acuerdo con otros cuatro gremios, el Gobierno de Mendoza cerr\u00f3 esta semana diez&nbsp;negociaciones paritarias. El Ejecutivo acerc\u00f3 a la mesa de negociaci\u00f3n salarial distintas propuestas que fueron analizadas por los gremios que representan a las y los trabajadores p\u00fablicos de la provincia. Estas alternativas significaron una mejora en los ingresos<a class=\"read-more\" href=\"https:\/\/elfederalmendoza.com.ar\/index.php\/2022\/08\/12\/el-gobierno-cerro-acuerdo-con-otros-cuatro-gremios\/\"> [&hellip;]<\/a><\/p>\n","protected":false},"author":2,"featured_media":18778,"comment_status":"open","ping_status":"open","sticky":false,"template":"","format":"standard","meta":{"footnotes":""},"categories":[1],"tags":[],"class_list":["post-18766","post","type-post","status-publish","format-standard","has-post-thumbnail","hentry","category-mza"],"rttpg_featured_image_url":{"full":["https:\/\/elfederalmendoza.com.ar\/wp-content\/uploads\/2022\/08\/es.jpg",1023,682,false],"landscape":["https:\/\/elfederalmendoza.com.ar\/wp-content\/uploads\/2022\/08\/es.jpg",1023,682,false],"portraits":["https:\/\/elfederalmendoza.com.ar\/wp-content\/uploads\/2022\/08\/es.jpg",1023,682,false],"thumbnail":["https:\/\/elfederalmendoza.com.ar\/wp-content\/uploads\/2022\/08\/es-150x150.jpg",150,150,true],"medium":["https:\/\/elfederalmendoza.com.ar\/wp-content\/uploads\/2022\/08\/es-300x200.jpg",300,200,true],"large":["https:\/\/elfederalmendoza.com.ar\/wp-content\/uploads\/2022\/08\/es.jpg",640,427,false],"1536x1536":["https:\/\/elfederalmendoza.com.ar\/wp-content\/uploads\/2022\/08\/es.jpg",1023,682,false],"2048x2048":["https:\/\/elfederalmendoza.com.ar\/wp-content\/uploads\/2022\/08\/es.jpg",1023,682,false],"ultp_layout_landscape_large":["https:\/\/elfederalmendoza.com.ar\/wp-content\/uploads\/2022\/08\/es.jpg",1023,682,false],"ultp_layout_landscape":["https:\/\/elfederalmendoza.com.ar\/wp-content\/uploads\/2022\/08\/es-870x570.jpg",870,570,true],"ultp_layout_portrait":["https:\/\/elfederalmendoza.com.ar\/wp-content\/uploads\/2022\/08\/es-600x682.jpg",600,682,true],"ultp_layout_square":["https:\/\/elfederalmendoza.com.ar\/wp-content\/uploads\/2022\/08\/es-600x600.jpg",600,600,true],"rpwe-thumbnail":["https:\/\/elfederalmendoza.com.ar\/wp-content\/uploads\/2022\/08\/es-45x45.jpg",45,45,true],"advps-thumb-one":["https:\/\/elfederalmendoza.com.ar\/wp-content\/uploads\/2022\/08\/es-1023x420.jpg",1023,420,true]},"rttpg_author":{"display_name":"Redacci\u00f3n El Federal","author_link":"https:\/\/elfederalmendoza.com.ar\/index.php\/author\/angelflores\/"},"rttpg_comment":0,"rttpg_category":"<a href=\"https:\/\/elfederalmendoza.com.ar\/index.php\/category\/mza\/\" rel=\"category tag\">Mendoza<\/a>","rttpg_excerpt":"Con el anuncio de un acuerdo con otros cuatro gremios, el Gobierno de Mendoza cerr\u00f3 esta semana diez&nbsp;negociaciones paritarias. El Ejecutivo acerc\u00f3 a la mesa de negociaci\u00f3n salarial distintas propuestas que fueron analizadas por los gremios que representan a las y los trabajadores p\u00fablicos de la provincia. Estas alternativas significaron una mejora en los ingresos&hellip;","_links":{"self":[{"href":"https:\/\/elfederalmendoza.com.ar\/index.php\/wp-json\/wp\/v2\/posts\/18766","targetHints":{"allow":["GET"]}}],"collection":[{"href":"https:\/\/elfederalmendoza.com.ar\/index.php\/wp-json\/wp\/v2\/posts"}],"about":[{"href":"https:\/\/elfederalmendoza.com.ar\/index.php\/wp-json\/wp\/v2\/types\/post"}],"author":[{"embeddable":true,"href":"https:\/\/elfederalmendoza.com.ar\/index.php\/wp-json\/wp\/v2\/users\/2"}],"replies":[{"embeddable":true,"href":"https:\/\/elfederalmendoza.com.ar\/index.php\/wp-json\/wp\/v2\/comments?post=18766"}],"version-history":[{"count":2,"href":"https:\/\/elfederalmendoza.com.ar\/index.php\/wp-json\/wp\/v2\/posts\/18766\/revisions"}],"predecessor-version":[{"id":18781,"href":"https:\/\/elfederalmendoza.com.ar\/index.php\/wp-json\/wp\/v2\/posts\/18766\/revisions\/18781"}],"wp:featuredmedia":[{"embeddable":true,"href":"https:\/\/elfederalmendoza.com.ar\/index.php\/wp-json\/wp\/v2\/media\/18778"}],"wp:attachment":[{"href":"https:\/\/elfederalmendoza.com.ar\/index.php\/wp-json\/wp\/v2\/media?parent=18766"}],"wp:term":[{"taxonomy":"category","embeddable":true,"href":"https:\/\/elfederalmendoza.com.ar\/index.php\/wp-json\/wp\/v2\/categories?post=18766"},{"taxonomy":"post_tag","embeddable":true,"href":"https:\/\/elfederalmendoza.com.ar\/index.php\/wp-json\/wp\/v2\/tags?post=18766"}],"curies":[{"name":"wp","href":"https:\/\/api.w.org\/{rel}","templated":true}]}}