{"id":1885,"date":"2020-05-27T19:50:06","date_gmt":"2020-05-27T22:50:06","guid":{"rendered":"https:\/\/elfederalmendoza.com\/?p=1885"},"modified":"2020-05-27T19:50:06","modified_gmt":"2020-05-27T22:50:06","slug":"suarez-envia-a-la-legislatura-dos-proyectos-de-ley-para-preservar-el-piedemonte","status":"publish","type":"post","link":"https:\/\/elfederalmendoza.com.ar\/index.php\/2020\/05\/27\/suarez-envia-a-la-legislatura-dos-proyectos-de-ley-para-preservar-el-piedemonte\/","title":{"rendered":"Suarez env\u00eda a la Legislatura dos proyectos de ley para preservar el piedemonte"},"content":{"rendered":"<div class=\"media\">\n<div class=\"image\">\n<div id=\"vplfgp_galleryembed\" class=\"gallery\">\n<div class=\"image\"><b>El Gobernador, Rodolfo Su\u00e1rez, envi\u00f3 a la Legislatura dos proyectos de ley que buscar\u00e1n regularizar y proteger al piedemonte del \u00c1rea Metropolitana, como lo anunci\u00f3 p\u00fablicamente el 1 de mayo en su primer discurso de gesti\u00f3n ante la Asamblea Legislativa.<\/b><\/div>\n<\/div>\n<\/div>\n<\/div>\n<div id=\"vsmcontent\" class=\"content vsmcontent\">\n<p class=\"orange\">Esta iniciativa, denominada \u00abLey de pautas de manejo y disposiciones espec\u00edficas para la planificaci\u00f3n integrada y sostenible de la Precordillera y Piedemonte del \u00c1rea Metropolitana de Mendoza (AMM)\u00bb, fue generada desde la Secretar\u00eda de Ambiente y Ordenamiento Territorial, a trav\u00e9s de la Agencia Provincial de Ordenamiento Territorial con el aporte de los cuatro municipios del \u00c1rea Metropolitana que integran territorio en el \u00e1rea (Las Heras, Capital, Godoy Cruz y Luj\u00e1n) y en base al estudio \u00abEvaluaci\u00f3n de Amenazas del Piedemonte del \u00c1rea Metropolitana\u00bb, elaborado por el Instituto Nacional del Agua.<\/p>\n<p>El proyecto de ley se viene trabajando desde hace m\u00e1s dos a\u00f1os con el aporte de los equipos t\u00e9cnicos de los cuatro municipios que integran el piedemonte y de organismos como la Direcci\u00f3n de Hidr\u00e1ulica, EPAS, EPRE e incluso el Departamento General de Irrigaci\u00f3n, entre otros, decididos a asumir la responsabilidad de actualizar la legislaci\u00f3n sobre el piedemonte como unidad ambiental y a dar soluciones operativas a quienes ya lo habitan y a futuro.<\/p>\n<p>A su vez, se han realizado reuniones con las uniones vecinales, a trav\u00e9s de la Unidad de Evaluaciones Ambientales y la Agencia Provincial de Ordenamiento Territorial, en el lugar para informar la situaci\u00f3n y que se puedan cumplir las exigencias ambientales seg\u00fan la normativa vigente, como tambi\u00e9n paralizar emprendimientos que contin\u00faan realizando desmontes.<\/p>\n<p><strong>Final de una problem\u00e1tica hist\u00f3rica<\/strong><\/p>\n<p>La problem\u00e1tica de la ocupaci\u00f3n irregular del piedemonte del \u00c1rea Metropolitana de Mendoza ha venido siendo un tema cr\u00edtico que, ante el incumplimiento de las normas o la carencia de controles espec\u00edficos, se fue agravando con los a\u00f1os. Si bien exist\u00eda cierta legislaci\u00f3n, se aplicaba parcialmente. Adem\u00e1s, se vio la necesidad de contar con estudios actualizados para tener un diagn\u00f3stico integral m\u00e1s certero, entre otras razones, para conocer los peligros que representaba el incremento de la ocupaci\u00f3n en ciertas zonas pedemontanas.<\/p>\n<p>Por esta raz\u00f3n, desde 2016, el Gobierno de Mendoza determin\u00f3 que las evaluaciones ambientales de todos los nuevos proyectos a partir de entonces deber\u00edan ser aprobadas por la Secretar\u00eda de Ambiente y Ordenamiento Territorial de la provincia. De esta forma, se decidi\u00f3 encarar un estudio de cuencas del piedemonte, el cual retom\u00f3 todos los antecedentes del piedemonte. Adem\u00e1s, a trav\u00e9s de la Agencia de Cambio Clim\u00e1tico y con fondos del BID, esta iniciativa sirvi\u00f3 para evaluar la situaci\u00f3n aluvional y realizar una planificaci\u00f3n del territorio en funci\u00f3n de lo detectado.<\/p>\n<p><span class=\"highlight\">El trabajo t\u00e9cnico arroj\u00f3 como principales conclusiones:<\/span><\/p>\n<ul>\n<li>La existencia de un estado de vulnerabilidad ambiental considerable -teniendo en cuenta que la ocupaci\u00f3n del territorio de manera no planificada y fuera de los t\u00e9rminos establecidos en la legislaci\u00f3n- genera procesos que afectan negativamente al ambiente y a la poblaci\u00f3n. Todo esto manifiesto en la ocupaci\u00f3n de cauces y zonas con alto peligro aluvional.<\/li>\n<li>La dif\u00edcil situaci\u00f3n en las habilitaciones de infraestructura, como el acceso al agua y el tratamiento de efluentes cloacales que provoca la contaminaci\u00f3n provocada por los pozos en las napas subterr\u00e1neas.<\/li>\n<li>\u00abDeclaraci\u00f3n de Emergencia Ambiental\u00bb del \u00e1rea del piedemonte.<\/li>\n<\/ul>\n<p>De esta forma, como medida inmediata, la Secretar\u00eda de Ambiente en febrero del 2019 -a trav\u00e9s del Decreto 219\/19- decidi\u00f3 no otorgar factibilidad a nuevos emprendimientos hasta completar el estudio. Con esto, la Provincia gener\u00f3 las herramientas t\u00e9cnicas -inexistentes hasta el momento- para frenar una situaci\u00f3n que desde hace d\u00e9cadas estaba produciendo impactos negativos en el ambiente.<\/p>\n<p>A partir de la promulgaci\u00f3n del Decreto 219 y el trabajo articulado entre la Secretar\u00eda de Ambiente, organismos del Estado y los cuatro municipios involucrados, se busca actualizar la legislaci\u00f3n del piedemonte y del procedimiento de evaluaci\u00f3n ambiental, control y planificaci\u00f3n del piedemonte.<\/p>\n<p>Hoy -a un a\u00f1o de declarado en Decreto 219- se presentar\u00e1 el proyecto de ley para tener una normativa \u00fanica del piedemonte. Asimismo, en febrero de 2020 -m\u00e1s all\u00e1 de la caducidad del decreto-, la Secretar\u00eda de Ambiente reanud\u00f3 los procedimientos de evaluaci\u00f3n ambiental para los interesados que necesiten presentar sus estudios.<\/p>\n<p><strong>Sobre el nuevo proyecto de ley<\/strong><\/p>\n<p>El proyecto que el Poder Ejecutivo cursar\u00e1 a la Legislatura se basa en los siguientes lineamientos:<\/p>\n<ul>\n<li>Definir criterios m\u00ednimos obligatorios de ocupaci\u00f3n para todo el piedemonte a partir de los cuales los municipios podr\u00e1n actualizar sus c\u00f3digos o zonificaciones. Si los municipios tuvieran criterios m\u00e1s restrictivos en sus normas, estas ser\u00e1n prioritarias. Los municipios que a\u00fan no tienen su Plan Municipal deber\u00e1n incorporarlos a \u00e9l.<\/li>\n<li>Determinar medidas y procedimientos para planificar el desarrollo de zonas a\u00fan no ocupadas y cumplimentar exigencias ambientales en \u00e1reas ya urbanizadas, considerando el criterio de peligro aluvional.<\/li>\n<li>Establecer \u00e1reas de protecci\u00f3n ambiental con acceso p\u00fablico para garantizar el uso y disfrute por parte de todos los ciudadanos.<\/li>\n<\/ul>\n<p>Esta normativa busca unificar y actualizar los criterios para definir d\u00f3nde y c\u00f3mo construir a trav\u00e9s de una ley nueva que especifique en qu\u00e9 zonas no se podr\u00e1 construir por amenaza aluvional como cauces y laderas inestables. Existe un l\u00edmite geogr\u00e1fico definido como la cota 1.150 m s.n.m. hacia el oeste, a partir de la cual queda prohibida la localizaci\u00f3n de barrios, excepto usos de esparcimiento o desarrollo de turismo de bajo impacto, investigaci\u00f3n e interpretaci\u00f3n ambiental, por ejemplo. El proyecto de ley tambi\u00e9n prev\u00e9 -siguiendo el criterio de amenaza aluvional- \u00e1reas de categorizaci\u00f3n intermedia a las cuales define como ocupables para desarrollo urbano con criterios de bajo impacto. Las zonas de menos riesgos, de igual forma, deben respetar los llamados \u00abcriterios m\u00ednimos\u00bb para loteos en el piedemonte, con par\u00e1metros para dimensiones de parcelas, pendientes, etc.<\/p>\n<p>En los casos donde haya construcciones previas, se requerir\u00e1n los estudios ambientales correspondientes y se evaluar\u00e1n de manera participativa con la poblaci\u00f3n local y los organismos pertinentes las obras necesarias para mitigar amenazas aluvionales e impactos ambientales negativos. Tambi\u00e9n se evaluar\u00e1 el camino a seguir con la infraestructura de servicios de agua y saneamiento, electricidad o gas.<\/p>\n<p>Los t\u00e9cnicos consideran que el piedemonte debe ser abordado de manera interjurisdiccional y gestionado como una sola unidad ambiental. En la nueva ley, el \u00e1rea es mayor a las de las leyes vigentes en la actualidad e incluye todas las cuencas. El pol\u00edgono de superficie comprende 76.699 hect\u00e1reas o 766 km2.<\/p>\n<p>\u00abEl objetivo de la ley, que servir\u00e1 de base a un futuro Plan Especial de Piedemonte, no es de car\u00e1cter punitivo sino preventivo. Se busca la ordenada y segura ocupaci\u00f3n del piedemonte, algo que hist\u00f3ricamente el Estado no logr\u00f3 regular o controlar y, por lo tanto, el problema tiene amenazas de distinto grado, principalmente aluvionales. La Agencia Provincial de Ordenamiento Territorial ha calculado que actualmente hay cerca de 5 mil familias viviendo en el \u00e1rea, algunas afectadas por amenazas aluvionales por habitar en cauces o laderas inestables\u00bb, manifest\u00f3 el secretario de Ambiente y Ordenamiento Territorial, Humberto Mingorance.<\/p>\n<p>\u00abSe sabe que en la regi\u00f3n se esperan tormentas de inusual magnitud cada 200 a\u00f1os -seg\u00fan estad\u00edsticas cient\u00edficas-, por eso la poblaci\u00f3n muchas veces no puede dimensionar el alcance del problema y sus consecuencias, no solo en el mismo piedemonte sino tambi\u00e9n en toda la zona al este del mismo, es decir, toda el \u00e1rea metropolitana de Mendoza\u00bb, asegur\u00f3 Mingorance.<\/p>\n<p><strong>Los beneficios de la actualizaci\u00f3n legislativa<\/strong><\/p>\n<p>La actualizaci\u00f3n normativa para la ocupaci\u00f3n del piedemonte contiene claras zonificaciones que determinan a futuro qu\u00e9 lugares se pueden ocupar, con qu\u00e9 usos y cu\u00e1les son las \u00e1reas vedadas por razones de seguridad para la poblaci\u00f3n. Define claramente zonas con cauces aluvionales, consideradas de alta y muy alta amenaza y, por lo tanto, impedir\u00e1 la construcci\u00f3n de viviendas. En zonas de media y baja amenaza se podr\u00e1 construir bajo ciertas condiciones que cumplan con el desarrollo urbano de bajo impacto.<\/p>\n<p>Esta nueva normativa ayudar\u00e1 a prevenir y minimizar el riesgo que corre la poblaci\u00f3n del lugar y el impacto ambiental, tanto en el mismo piedemonte como en el \u00c1rea Metropolitana. Es importante comprender que, adem\u00e1s de ser una legislaci\u00f3n \u00fatil para el ser humano, tambi\u00e9n se busca preservar y contribuir al manejo de \u00e1reas importantes para el cuidado de la biodiversidad.<\/p>\n<p>Durante el proceso de elaboraci\u00f3n de la normativa, el Gobierno efectu\u00f3 contactos sistem\u00e1ticos con los vecinos del lugar -uniones vecinales- a fin de analizar las distintas situaciones y asesorarlos para que puedan iniciar procesos de regularizaci\u00f3n. Ha habido rondas de reuniones en conjunto con los municipios que han resultado muy productivas porque han logrado quitar resquemores o despejar la incertidumbre de numerosos pobladores ante una problem\u00e1tica tan sensible como la seguridad de las personas y la necesidad de vivienda. Tambi\u00e9n se notific\u00f3 a los propietarios de terrenos en zonas muy riesgosas -que alimentan el mercado inmobiliario informal-, especialmente en casos en que se observaron tareas de desmonte o movimientos de terrenos previos al loteo.<\/p>\n<p>Por otra parte, se previene a la poblaci\u00f3n, ya que se han detectado emprendimientos inmobiliarios informales que anuncian ventas, con ofertas que no tienen la formalidad correspondiente. Por lo tanto, se recomienda a los interesados en terrenos en esas zonas acudir a empresas o particulares que cuenten con las debidas habilitaciones y tambi\u00e9n en la necesidad de ir a conocer el lugar antes de cerrar cualquier operaci\u00f3n.<\/p>\n<p><strong>La creaci\u00f3n de una nueva \u00c1rea Natural Protegida<\/strong><\/p>\n<p>Esta iniciativa surge como complementario al proyecto de ley del piedemonte &#8211; presentado recientemente a la Legislatura Provincial- para conformar juntos una ley de planificaci\u00f3n integrada y sostenible de la precordillera y piedemonte del \u00c1rea Metropolitana de Mendoza. Esto se debe a que el piedemonte es considerada un \u00e1rea con condiciones ambientales de suma importancia para la conservaci\u00f3n de los ecosistemas. Por ello se propone la creaci\u00f3n de un \u00c1rea Natural Protegida (ANP) -en una porci\u00f3n de la misma dentro de los departamentos de Las Heras, Ciudad de Mendoza, Godoy Cruz y Luj\u00e1n-, en el marco de la Ley Provincial 6045, bajo el nombre \u00ab\u00c1rea Natural Protegida Precordillera y Piedemonte del \u00c1rea Metropolitana de Mendoza\u00bb.<\/p>\n<p>\u00abEste proyecto propone que la categor\u00eda de manejo del \u00e1rea, conforme la Ley de \u00c1reas Naturales Protegidas, sea de \u2018Reserva de Paisaje Protegido&#8217;, la cual permite usos recreativos, de esparcimiento y turismo, con la intenci\u00f3n de mantener la calidad del paisaje sin que el mismo sea alterado por la actividad a realizarse mediante pr\u00e1cticas de ordenamiento adecuadas. La autoridad de aplicaci\u00f3n -como lo establece la Ley 6045- ser\u00e1 la Direcci\u00f3n de Recursos Naturales Renovables, dependiente de la Secretar\u00eda de Ambiente y Ordenamiento Territorial\u00bb, explic\u00f3 el secretario de Ambiente y Ordenamiento Territorial, Humberto Mingorance.<\/p>\n<p><strong>Con respecto al dominio se propone, dentro de los t\u00e9rminos de la Ley 6045<\/strong><\/p>\n<ul>\n<li>Declarar de utilidad p\u00fablica sujeta a expropiaci\u00f3n a un sector del piedemonte, de manera de garantizar la protecci\u00f3n de los recursos naturales y poder controlar por parte del Estado las actividades humanas que all\u00ed se realicen, reservando el \u00e1rea para el disfrute de todos los ciudadanos y el uso p\u00fablico.<\/li>\n<li>En un sector de la precordillera, aplicar restricci\u00f3n al dominio, de manera de reservar los usos del suelo existentes a los objetivos propuestos para el \u00e1rea, bajo control por parte del Estado.<\/li>\n<\/ul>\n<p><strong>Objetivos espec\u00edficos de este proyecto de ANP<\/strong><\/p>\n<ol>\n<li>Proteger la flora nativa y su funci\u00f3n ecosist\u00e9mica como reguladora de escorrent\u00eda, de manera de asegurar el normal funcionamiento de las cuencas aluvionales presentes en el \u00e1rea.<\/li>\n<li>Preservar los cauces aluvionales existentes dentro de las cuencas presentes en el \u00e1rea protegida.<\/li>\n<li>Asegurar la conectividad entre paisajes, ecosistemas y h\u00e1bitats naturales y modificados, contribuyendo al mantenimiento de la biodiversidad y los procesos ecol\u00f3gicos.<\/li>\n<li>Conservar muestras de los distintos tipos de comunidad natural, su paisaje y forma fisiogr\u00e1fica.<\/li>\n<li>Mantener los valores de conservaci\u00f3n de los paisajes y las funciones ecosist\u00e9micas que presta el \u00e1rea protegida mediante pr\u00e1cticas de ordenamiento adecuadas.<\/li>\n<li>Promover el desarrollo de actividades recreativas, deportivas y tur\u00edsticas sostenibles que se realicen sobre la base de buenas pr\u00e1cticas ambientales.<\/li>\n<li>Promover la investigaci\u00f3n cient\u00edfica para el conocimiento acabado de los recursos naturales comprendidos en el \u00e1rea natural protegida.<\/li>\n<\/ol>\n<p>De esta forma, se propusieron dos proyectos de ley pensados de manera integral para dar una soluci\u00f3n a una problem\u00e1tica hist\u00f3rica. Por un lado, la \u00abLey de Pautas de Manejo y Disposiciones Espec\u00edficas para la Planificaci\u00f3n Integrada y Sostenible de la Precordillera y Piedemonte del \u00c1rea Metropolitana de Mendoza\u00bb (AMM), que establece criterios m\u00ednimos para el desarrollo y una cota concreta a la expansi\u00f3n urbana, adem\u00e1s de la protecci\u00f3n de cauces y zonas peligrosas. Por otro lado, la \u00abcreaci\u00f3n del \u00c1rea Natural Protegida Precordillera y Piedemonte del \u00c1rea Metropolitana de Mendoza\u00bb.<\/p>\n<p>Los proyectos resultan complementarios dado que la creaci\u00f3n del ANP no considera la superficie total del piedemonte del AMM, quedando fuera de ella aquellas zonas cercanas a la ciudad que podr\u00e1n urbanizarse sujeta a las pautas de manejo y disposiciones espec\u00edficas.<\/p>\n<p>Ambos proyectos de ley buscan, en conjunto, sentar las bases para planificar de manera integrada, acordando \u00e1reas prioritarias para protecci\u00f3n y uso recreativo y tur\u00edstico, y otras para desarrollo urbano adaptado a las caracter\u00edsticas naturales del piedemonte, raz\u00f3n por la cual el Poder Ejecutivo considera de suma importancia que ambas sean de pronto tratamiento y aprobaci\u00f3n.<\/p>\n<\/div>\n","protected":false},"excerpt":{"rendered":"<p>El Gobernador, Rodolfo Su\u00e1rez, envi\u00f3 a la Legislatura dos proyectos de ley que buscar\u00e1n regularizar y proteger al piedemonte del \u00c1rea Metropolitana, como lo anunci\u00f3 p\u00fablicamente el 1 de mayo en su primer discurso de gesti\u00f3n ante la Asamblea Legislativa. Esta iniciativa, denominada \u00abLey de pautas de manejo y disposiciones espec\u00edficas para la planificaci\u00f3n integrada<a class=\"read-more\" href=\"https:\/\/elfederalmendoza.com.ar\/index.php\/2020\/05\/27\/suarez-envia-a-la-legislatura-dos-proyectos-de-ley-para-preservar-el-piedemonte\/\"> [&hellip;]<\/a><\/p>\n","protected":false},"author":2,"featured_media":1886,"comment_status":"open","ping_status":"open","sticky":false,"template":"","format":"image","meta":{"footnotes":""},"categories":[1],"tags":[11,60],"class_list":["post-1885","post","type-post","status-publish","format-image","has-post-thumbnail","hentry","category-mza","tag-mendoza","tag-rodolfo-suarez","post_format-post-format-image"],"rttpg_featured_image_url":{"full":["https:\/\/elfederalmendoza.com.ar\/wp-content\/uploads\/2020\/05\/5ecede724421f_896_607.jpg",896,607,false],"landscape":["https:\/\/elfederalmendoza.com.ar\/wp-content\/uploads\/2020\/05\/5ecede724421f_896_607.jpg",896,607,false],"portraits":["https:\/\/elfederalmendoza.com.ar\/wp-content\/uploads\/2020\/05\/5ecede724421f_896_607.jpg",896,607,false],"thumbnail":["https:\/\/elfederalmendoza.com.ar\/wp-content\/uploads\/2020\/05\/5ecede724421f_896_607-150x150.jpg",150,150,true],"medium":["https:\/\/elfederalmendoza.com.ar\/wp-content\/uploads\/2020\/05\/5ecede724421f_896_607-300x203.jpg",300,203,true],"large":["https:\/\/elfederalmendoza.com.ar\/wp-content\/uploads\/2020\/05\/5ecede724421f_896_607.jpg",640,434,false],"1536x1536":["https:\/\/elfederalmendoza.com.ar\/wp-content\/uploads\/2020\/05\/5ecede724421f_896_607.jpg",896,607,false],"2048x2048":["https:\/\/elfederalmendoza.com.ar\/wp-content\/uploads\/2020\/05\/5ecede724421f_896_607.jpg",896,607,false],"ultp_layout_landscape_large":["https:\/\/elfederalmendoza.com.ar\/wp-content\/uploads\/2020\/05\/5ecede724421f_896_607.jpg",896,607,false],"ultp_layout_landscape":["https:\/\/elfederalmendoza.com.ar\/wp-content\/uploads\/2020\/05\/5ecede724421f_896_607.jpg",841,570,false],"ultp_layout_portrait":["https:\/\/elfederalmendoza.com.ar\/wp-content\/uploads\/2020\/05\/5ecede724421f_896_607.jpg",600,406,false],"ultp_layout_square":["https:\/\/elfederalmendoza.com.ar\/wp-content\/uploads\/2020\/05\/5ecede724421f_896_607.jpg",600,406,false],"rpwe-thumbnail":["https:\/\/elfederalmendoza.com.ar\/wp-content\/uploads\/2020\/05\/5ecede724421f_896_607-45x45.jpg",45,45,true],"advps-thumb-one":["https:\/\/elfederalmendoza.com.ar\/wp-content\/uploads\/2020\/05\/5ecede724421f_896_607-896x420.jpg",896,420,true]},"rttpg_author":{"display_name":"Redacci\u00f3n El Federal","author_link":"https:\/\/elfederalmendoza.com.ar\/index.php\/author\/angelflores\/"},"rttpg_comment":0,"rttpg_category":"<a href=\"https:\/\/elfederalmendoza.com.ar\/index.php\/category\/mza\/\" rel=\"category tag\">Mendoza<\/a>","rttpg_excerpt":"El Gobernador, Rodolfo Su\u00e1rez, envi\u00f3 a la Legislatura dos proyectos de ley que buscar\u00e1n regularizar y proteger al piedemonte del \u00c1rea Metropolitana, como lo anunci\u00f3 p\u00fablicamente el 1 de mayo en su primer discurso de gesti\u00f3n ante la Asamblea Legislativa. Esta iniciativa, denominada \u00abLey de pautas de manejo y disposiciones espec\u00edficas para la planificaci\u00f3n integrada&hellip;","_links":{"self":[{"href":"https:\/\/elfederalmendoza.com.ar\/index.php\/wp-json\/wp\/v2\/posts\/1885","targetHints":{"allow":["GET"]}}],"collection":[{"href":"https:\/\/elfederalmendoza.com.ar\/index.php\/wp-json\/wp\/v2\/posts"}],"about":[{"href":"https:\/\/elfederalmendoza.com.ar\/index.php\/wp-json\/wp\/v2\/types\/post"}],"author":[{"embeddable":true,"href":"https:\/\/elfederalmendoza.com.ar\/index.php\/wp-json\/wp\/v2\/users\/2"}],"replies":[{"embeddable":true,"href":"https:\/\/elfederalmendoza.com.ar\/index.php\/wp-json\/wp\/v2\/comments?post=1885"}],"version-history":[{"count":1,"href":"https:\/\/elfederalmendoza.com.ar\/index.php\/wp-json\/wp\/v2\/posts\/1885\/revisions"}],"predecessor-version":[{"id":1887,"href":"https:\/\/elfederalmendoza.com.ar\/index.php\/wp-json\/wp\/v2\/posts\/1885\/revisions\/1887"}],"wp:featuredmedia":[{"embeddable":true,"href":"https:\/\/elfederalmendoza.com.ar\/index.php\/wp-json\/wp\/v2\/media\/1886"}],"wp:attachment":[{"href":"https:\/\/elfederalmendoza.com.ar\/index.php\/wp-json\/wp\/v2\/media?parent=1885"}],"wp:term":[{"taxonomy":"category","embeddable":true,"href":"https:\/\/elfederalmendoza.com.ar\/index.php\/wp-json\/wp\/v2\/categories?post=1885"},{"taxonomy":"post_tag","embeddable":true,"href":"https:\/\/elfederalmendoza.com.ar\/index.php\/wp-json\/wp\/v2\/tags?post=1885"}],"curies":[{"name":"wp","href":"https:\/\/api.w.org\/{rel}","templated":true}]}}