{"id":1894,"date":"2020-05-29T11:25:18","date_gmt":"2020-05-29T14:25:18","guid":{"rendered":"https:\/\/elfederalmendoza.com\/?p=1894"},"modified":"2020-05-29T11:25:18","modified_gmt":"2020-05-29T14:25:18","slug":"fernandez-sagasti-mendoza-viene-mal-hace-bastante-tiempo-no-desde-la-pandemia","status":"publish","type":"post","link":"https:\/\/elfederalmendoza.com.ar\/index.php\/2020\/05\/29\/fernandez-sagasti-mendoza-viene-mal-hace-bastante-tiempo-no-desde-la-pandemia\/","title":{"rendered":"Fern\u00e1ndez Sagasti: \u00abMendoza viene mal hace bastante tiempo, no desde la pandemia\u00bb"},"content":{"rendered":"<div class=\"media\">\n<div class=\"image\">\n<div id=\"vplfgp_galleryembed\" class=\"gallery\">\n<div class=\"image\">En medio de la delicada situaci\u00f3n econ\u00f3mica y financiera que atraviesa Mendoza, la senadora nacional del Frente de Todos, <b>Anabel Fern\u00e1ndez Sagasti<\/b>, afirm\u00f3 que la provincia\u00a0<b>\u00abviene mal desde hace bastante tiempo\u00bb<\/b>\u00a0y resalt\u00f3 que el gran endeudamiento la ten\u00eda en una situaci\u00f3n de fragilidad \u00aby ahora con la pandemia eso se fue a pique\u00bb.<\/div>\n<\/div>\n<\/div>\n<\/div>\n<div id=\"vsmcontent\" class=\"content vsmcontent\">\n<p class=\"blue\">En comunicaci\u00f3n con el programa \u00ab<b>Nada Simple<\/b>\u00ab, de\u00a0<span class=\"highlight\">Radio Andina<\/span>, la legisladora kirchnerista manifest\u00f3 que \u00abla provincia de Mendoza viene mal hace bastante tiempo\u00bb. \u00abEn los \u00faltimos cuatro a\u00f1os el Producto Bruto Geogr\u00e1fico (PBG) de la provincia baj\u00f3 6 puntos, la recaudaci\u00f3n viene cayendo desde 2017, no desde la pandemia\u00bb, resalt\u00f3.<\/p>\n<p>Por otro lado, sostuvo que \u00abel tema de la deuda desde el peronismo hemos denunciado el gran endeudamiento que se hizo en d\u00f3lares con un perfil muy duro a partir del 2020 que hac\u00eda que la fragilidad fuera muy grande y ahora con la pandemia eso se fue a pique\u00bb.<\/p>\n<p><b>Fern\u00e1ndez Sagasti subray\u00f3 que \u00ablo que tenemos que hacer los mendocinos y se lo he propuesto al Gobernador es diagramar la Mendoza del futuro<\/b>\u00a0y esa Mendoza tiene que ser con nuevas ideas y nuevas estructuras organizacionales del Estado. No vamos a solucionar los problemas con viejas ideas y viejas estructuras, eso no sirve\u00bb.<\/p>\n<p>En este sentido, hizo hincapi\u00e9 en que \u00abprimero tenemos que saber qu\u00e9 tenemos, qu\u00e9 queremos, organizarnos y luego salir a vender al mundo todo lo grandioso que somos. Creo que los mendocinos no nos damos cuenta de las riquezas que tenemos y de lo grande que podemos ser y creo que esta pandemia es una oportunidad para ponernos de acuerdo en los consensos y salgamos todos juntos a empezar a crecer y no seguir con esta decadencia\u00bb.<\/p>\n<p>Por otra parte, destac\u00f3 la conversacion<a href=\"https:\/\/www.sitioandino.com.ar\/n\/324189-productores-y-empresarios-del-valle-de-uco-se-reunieron-por-videoconferencia-con-representantes-del-banco-nacion\/\" target=\"_blank\" rel=\"noopener noreferrer\">\u00a0<\/a>que tuvo este jueves con referentes del Banco y productores y empresarios del Valle de Uco por videoconferencia. \u00abTuvimos la iniciativa con Marcelo Costa, que es parte del directorio del Banco Naci\u00f3n, para empezar a acercar el Banco Naci\u00f3n a quienes producen el trabajo real de Mendoza y en esta situaci\u00f3n excepcional de la pandemia tratar de acercar el agente financiero de la provincia a los productores, comerciantes y pymes\u00bb, indic\u00f3.<\/p>\n<p>Remarc\u00f3 que \u00abtratamos de explicar todas las l\u00edneas que tiene el Banco Naci\u00f3n y luego escuchamos a quienes producen y est\u00e1n sobreviviendo en este momento excepcional\u00bb.<\/p>\n<\/div>\n","protected":false},"excerpt":{"rendered":"<p>En medio de la delicada situaci\u00f3n econ\u00f3mica y financiera que atraviesa Mendoza, la senadora nacional del Frente de Todos, Anabel Fern\u00e1ndez Sagasti, afirm\u00f3 que la provincia\u00a0\u00abviene mal desde hace bastante tiempo\u00bb\u00a0y resalt\u00f3 que el gran endeudamiento la ten\u00eda en una situaci\u00f3n de fragilidad \u00aby ahora con la pandemia eso se fue a pique\u00bb. En comunicaci\u00f3n<a class=\"read-more\" href=\"https:\/\/elfederalmendoza.com.ar\/index.php\/2020\/05\/29\/fernandez-sagasti-mendoza-viene-mal-hace-bastante-tiempo-no-desde-la-pandemia\/\"> [&hellip;]<\/a><\/p>\n","protected":false},"author":2,"featured_media":1895,"comment_status":"open","ping_status":"open","sticky":false,"template":"","format":"image","meta":{"footnotes":""},"categories":[1],"tags":[11],"class_list":["post-1894","post","type-post","status-publish","format-image","has-post-thumbnail","hentry","category-mza","tag-mendoza","post_format-post-format-image"],"rttpg_featured_image_url":{"full":["https:\/\/elfederalmendoza.com.ar\/wp-content\/uploads\/2020\/05\/5df7965e5638a_896_607.jpg",896,607,false],"landscape":["https:\/\/elfederalmendoza.com.ar\/wp-content\/uploads\/2020\/05\/5df7965e5638a_896_607.jpg",896,607,false],"portraits":["https:\/\/elfederalmendoza.com.ar\/wp-content\/uploads\/2020\/05\/5df7965e5638a_896_607.jpg",896,607,false],"thumbnail":["https:\/\/elfederalmendoza.com.ar\/wp-content\/uploads\/2020\/05\/5df7965e5638a_896_607-150x150.jpg",150,150,true],"medium":["https:\/\/elfederalmendoza.com.ar\/wp-content\/uploads\/2020\/05\/5df7965e5638a_896_607-300x203.jpg",300,203,true],"large":["https:\/\/elfederalmendoza.com.ar\/wp-content\/uploads\/2020\/05\/5df7965e5638a_896_607.jpg",640,434,false],"1536x1536":["https:\/\/elfederalmendoza.com.ar\/wp-content\/uploads\/2020\/05\/5df7965e5638a_896_607.jpg",896,607,false],"2048x2048":["https:\/\/elfederalmendoza.com.ar\/wp-content\/uploads\/2020\/05\/5df7965e5638a_896_607.jpg",896,607,false],"ultp_layout_landscape_large":["https:\/\/elfederalmendoza.com.ar\/wp-content\/uploads\/2020\/05\/5df7965e5638a_896_607.jpg",896,607,false],"ultp_layout_landscape":["https:\/\/elfederalmendoza.com.ar\/wp-content\/uploads\/2020\/05\/5df7965e5638a_896_607.jpg",841,570,false],"ultp_layout_portrait":["https:\/\/elfederalmendoza.com.ar\/wp-content\/uploads\/2020\/05\/5df7965e5638a_896_607.jpg",600,406,false],"ultp_layout_square":["https:\/\/elfederalmendoza.com.ar\/wp-content\/uploads\/2020\/05\/5df7965e5638a_896_607.jpg",600,406,false],"rpwe-thumbnail":["https:\/\/elfederalmendoza.com.ar\/wp-content\/uploads\/2020\/05\/5df7965e5638a_896_607-45x45.jpg",45,45,true],"advps-thumb-one":["https:\/\/elfederalmendoza.com.ar\/wp-content\/uploads\/2020\/05\/5df7965e5638a_896_607-896x420.jpg",896,420,true]},"rttpg_author":{"display_name":"Redacci\u00f3n El Federal","author_link":"https:\/\/elfederalmendoza.com.ar\/index.php\/author\/angelflores\/"},"rttpg_comment":0,"rttpg_category":"<a href=\"https:\/\/elfederalmendoza.com.ar\/index.php\/category\/mza\/\" rel=\"category tag\">Mendoza<\/a>","rttpg_excerpt":"En medio de la delicada situaci\u00f3n econ\u00f3mica y financiera que atraviesa Mendoza, la senadora nacional del Frente de Todos, Anabel Fern\u00e1ndez Sagasti, afirm\u00f3 que la provincia\u00a0\u00abviene mal desde hace bastante tiempo\u00bb\u00a0y resalt\u00f3 que el gran endeudamiento la ten\u00eda en una situaci\u00f3n de fragilidad \u00aby ahora con la pandemia eso se fue a pique\u00bb. En comunicaci\u00f3n&hellip;","_links":{"self":[{"href":"https:\/\/elfederalmendoza.com.ar\/index.php\/wp-json\/wp\/v2\/posts\/1894","targetHints":{"allow":["GET"]}}],"collection":[{"href":"https:\/\/elfederalmendoza.com.ar\/index.php\/wp-json\/wp\/v2\/posts"}],"about":[{"href":"https:\/\/elfederalmendoza.com.ar\/index.php\/wp-json\/wp\/v2\/types\/post"}],"author":[{"embeddable":true,"href":"https:\/\/elfederalmendoza.com.ar\/index.php\/wp-json\/wp\/v2\/users\/2"}],"replies":[{"embeddable":true,"href":"https:\/\/elfederalmendoza.com.ar\/index.php\/wp-json\/wp\/v2\/comments?post=1894"}],"version-history":[{"count":1,"href":"https:\/\/elfederalmendoza.com.ar\/index.php\/wp-json\/wp\/v2\/posts\/1894\/revisions"}],"predecessor-version":[{"id":1896,"href":"https:\/\/elfederalmendoza.com.ar\/index.php\/wp-json\/wp\/v2\/posts\/1894\/revisions\/1896"}],"wp:featuredmedia":[{"embeddable":true,"href":"https:\/\/elfederalmendoza.com.ar\/index.php\/wp-json\/wp\/v2\/media\/1895"}],"wp:attachment":[{"href":"https:\/\/elfederalmendoza.com.ar\/index.php\/wp-json\/wp\/v2\/media?parent=1894"}],"wp:term":[{"taxonomy":"category","embeddable":true,"href":"https:\/\/elfederalmendoza.com.ar\/index.php\/wp-json\/wp\/v2\/categories?post=1894"},{"taxonomy":"post_tag","embeddable":true,"href":"https:\/\/elfederalmendoza.com.ar\/index.php\/wp-json\/wp\/v2\/tags?post=1894"}],"curies":[{"name":"wp","href":"https:\/\/api.w.org\/{rel}","templated":true}]}}