{"id":18971,"date":"2022-08-30T23:57:00","date_gmt":"2022-08-31T02:57:00","guid":{"rendered":"https:\/\/elfederalmendoza.com\/?p=18971"},"modified":"2022-08-31T00:00:21","modified_gmt":"2022-08-31T03:00:21","slug":"buscan-a-una-adolescente-de-16-anos-y-piden-ayuda-para-dar-con-su-paradero","status":"publish","type":"post","link":"https:\/\/elfederalmendoza.com.ar\/index.php\/2022\/08\/30\/buscan-a-una-adolescente-de-16-anos-y-piden-ayuda-para-dar-con-su-paradero\/","title":{"rendered":"Buscan a una adolescente de 16 a\u00f1os y piden ayuda para dar con su paradero"},"content":{"rendered":"\n<p>Las faltas reiteradas de una&nbsp;<strong>adolescente<\/strong>&nbsp;a un&nbsp;<strong>colegio<\/strong>&nbsp;de&nbsp;<strong>Guaymall\u00e9n<\/strong>&nbsp;motiv\u00f3 a la directora del establecimiento a poner la denuncia de paradero. En el caso intervino la&nbsp;<strong>Unidad Fiscal de Homicidios y Violencia Institucional&nbsp;<\/strong>ya que las autoridades fueron a los domicilios registrados de la menor y no encontraron a nadie.<\/p>\n\n\n\n<p>Por tal motivo, el Ministerio P\u00fablico Fiscal autoriz\u00f3 la difusi\u00f3n de la foto y caracter\u00edsticas de&nbsp;<strong>Aixa Betsab\u00e9 Dulcinea Su\u00e1rez de 16 a\u00f1os,&nbsp;<\/strong>que dej\u00f3 de asistir al&nbsp;<strong>colegio Tom\u00e1s Alva Edison<\/strong>&nbsp;el pasado 6 de mayo. Desde esa fecha no hay novedades de la menor. Tampoco su celular presenta actividad, por lo cual gener\u00f3 m\u00e1s preocupaci\u00f3n. Las autoridades del MPF no dieron detalles sobre los familiares de la adolescente.<\/p>\n\n\n\n<p>Aixa mide aproximadamente 1.65 mts ; es contextura media a grande; pelo colorado rojizo largo lacio, usa lentes para lectura y ojos claros.<\/p>\n\n\n\n<figure class=\"wp-block-image is-resized\"><img loading=\"lazy\" decoding=\"async\" src=\"https:\/\/www.mendozapost.com\/files\/image\/410\/410467\/630eb83ea43cc_570_611!.jpg?s=eda4fa12f7a8ac541c295cfb7e6c7779&amp;d=1661910706\" alt=\"\" width=\"1129\" height=\"1210\"\/><figcaption>Aixa S\u00fa\u00e1rez tiene 16 a\u00f1os.<\/figcaption><\/figure>\n\n\n\n<p>Cualquier dato o informaci\u00f3n, deber\u00e1 ser comunicada de forma inmediata al 911 o a la Unidad Fiscal de Homicidios y Violencia Institucional ubicada en la sede del MPF en el Polo Judicial, Plantamura y San Felipe, Ciudad, Tel\u00e9fono 3487534.\u00a0<\/p>\n\n\n\n<figure class=\"wp-block-image is-resized\"><img loading=\"lazy\" decoding=\"async\" src=\"https:\/\/www.mendozapost.com\/files\/image\/410\/410475\/630ebf27d05b6_570_317!.jpg?s=10e3e0229dfd209b3590923d050a1379&amp;d=1661910826\" alt=\"\" width=\"1131\" height=\"629\"\/><\/figure>\n\n\n\n<p>La chica dej\u00f3 de ir al colegio el 6 de mayo.<\/p>\n\n\n\n<p><strong>Mendoza Post<\/strong><\/p>\n","protected":false},"excerpt":{"rendered":"<p>Las faltas reiteradas de una&nbsp;adolescente&nbsp;a un&nbsp;colegio&nbsp;de&nbsp;Guaymall\u00e9n&nbsp;motiv\u00f3 a la directora del establecimiento a poner la denuncia de paradero. En el caso intervino la&nbsp;Unidad Fiscal de Homicidios y Violencia Institucional&nbsp;ya que las autoridades fueron a los domicilios registrados de la menor y no encontraron a nadie. Por tal motivo, el Ministerio P\u00fablico Fiscal autoriz\u00f3 la difusi\u00f3n de<a class=\"read-more\" href=\"https:\/\/elfederalmendoza.com.ar\/index.php\/2022\/08\/30\/buscan-a-una-adolescente-de-16-anos-y-piden-ayuda-para-dar-con-su-paradero\/\"> [&hellip;]<\/a><\/p>\n","protected":false},"author":2,"featured_media":18972,"comment_status":"open","ping_status":"open","sticky":false,"template":"","format":"standard","meta":{"footnotes":""},"categories":[1],"tags":[],"class_list":["post-18971","post","type-post","status-publish","format-standard","has-post-thumbnail","hentry","category-mza"],"rttpg_featured_image_url":{"full":["https:\/\/elfederalmendoza.com.ar\/wp-content\/uploads\/2022\/08\/perdida.webp",1024,440,false],"landscape":["https:\/\/elfederalmendoza.com.ar\/wp-content\/uploads\/2022\/08\/perdida.webp",1024,440,false],"portraits":["https:\/\/elfederalmendoza.com.ar\/wp-content\/uploads\/2022\/08\/perdida.webp",1024,440,false],"thumbnail":["https:\/\/elfederalmendoza.com.ar\/wp-content\/uploads\/2022\/08\/perdida-150x150.webp",150,150,true],"medium":["https:\/\/elfederalmendoza.com.ar\/wp-content\/uploads\/2022\/08\/perdida-300x129.webp",300,129,true],"large":["https:\/\/elfederalmendoza.com.ar\/wp-content\/uploads\/2022\/08\/perdida.webp",640,275,false],"1536x1536":["https:\/\/elfederalmendoza.com.ar\/wp-content\/uploads\/2022\/08\/perdida.webp",1024,440,false],"2048x2048":["https:\/\/elfederalmendoza.com.ar\/wp-content\/uploads\/2022\/08\/perdida.webp",1024,440,false],"ultp_layout_landscape_large":["https:\/\/elfederalmendoza.com.ar\/wp-content\/uploads\/2022\/08\/perdida.webp",1024,440,false],"ultp_layout_landscape":["https:\/\/elfederalmendoza.com.ar\/wp-content\/uploads\/2022\/08\/perdida-870x440.webp",870,440,true],"ultp_layout_portrait":["https:\/\/elfederalmendoza.com.ar\/wp-content\/uploads\/2022\/08\/perdida-600x440.webp",600,440,true],"ultp_layout_square":["https:\/\/elfederalmendoza.com.ar\/wp-content\/uploads\/2022\/08\/perdida-600x440.webp",600,440,true],"rpwe-thumbnail":["https:\/\/elfederalmendoza.com.ar\/wp-content\/uploads\/2022\/08\/perdida-45x45.webp",45,45,true],"advps-thumb-one":["https:\/\/elfederalmendoza.com.ar\/wp-content\/uploads\/2022\/08\/perdida-1024x420.webp",1024,420,true]},"rttpg_author":{"display_name":"Redacci\u00f3n El Federal","author_link":"https:\/\/elfederalmendoza.com.ar\/index.php\/author\/angelflores\/"},"rttpg_comment":0,"rttpg_category":"<a href=\"https:\/\/elfederalmendoza.com.ar\/index.php\/category\/mza\/\" rel=\"category tag\">Mendoza<\/a>","rttpg_excerpt":"Las faltas reiteradas de una&nbsp;adolescente&nbsp;a un&nbsp;colegio&nbsp;de&nbsp;Guaymall\u00e9n&nbsp;motiv\u00f3 a la directora del establecimiento a poner la denuncia de paradero. En el caso intervino la&nbsp;Unidad Fiscal de Homicidios y Violencia Institucional&nbsp;ya que las autoridades fueron a los domicilios registrados de la menor y no encontraron a nadie. Por tal motivo, el Ministerio P\u00fablico Fiscal autoriz\u00f3 la difusi\u00f3n de&hellip;","_links":{"self":[{"href":"https:\/\/elfederalmendoza.com.ar\/index.php\/wp-json\/wp\/v2\/posts\/18971","targetHints":{"allow":["GET"]}}],"collection":[{"href":"https:\/\/elfederalmendoza.com.ar\/index.php\/wp-json\/wp\/v2\/posts"}],"about":[{"href":"https:\/\/elfederalmendoza.com.ar\/index.php\/wp-json\/wp\/v2\/types\/post"}],"author":[{"embeddable":true,"href":"https:\/\/elfederalmendoza.com.ar\/index.php\/wp-json\/wp\/v2\/users\/2"}],"replies":[{"embeddable":true,"href":"https:\/\/elfederalmendoza.com.ar\/index.php\/wp-json\/wp\/v2\/comments?post=18971"}],"version-history":[{"count":1,"href":"https:\/\/elfederalmendoza.com.ar\/index.php\/wp-json\/wp\/v2\/posts\/18971\/revisions"}],"predecessor-version":[{"id":18973,"href":"https:\/\/elfederalmendoza.com.ar\/index.php\/wp-json\/wp\/v2\/posts\/18971\/revisions\/18973"}],"wp:featuredmedia":[{"embeddable":true,"href":"https:\/\/elfederalmendoza.com.ar\/index.php\/wp-json\/wp\/v2\/media\/18972"}],"wp:attachment":[{"href":"https:\/\/elfederalmendoza.com.ar\/index.php\/wp-json\/wp\/v2\/media?parent=18971"}],"wp:term":[{"taxonomy":"category","embeddable":true,"href":"https:\/\/elfederalmendoza.com.ar\/index.php\/wp-json\/wp\/v2\/categories?post=18971"},{"taxonomy":"post_tag","embeddable":true,"href":"https:\/\/elfederalmendoza.com.ar\/index.php\/wp-json\/wp\/v2\/tags?post=18971"}],"curies":[{"name":"wp","href":"https:\/\/api.w.org\/{rel}","templated":true}]}}