{"id":19262,"date":"2022-12-07T12:07:10","date_gmt":"2022-12-07T15:07:10","guid":{"rendered":"https:\/\/elfederalmendoza.com\/?p=19262"},"modified":"2022-12-07T12:07:11","modified_gmt":"2022-12-07T15:07:11","slug":"el-detenido-que-encontraron-muerto-en-una-comisaria-de-san-martin-estaba-desnucado-y-no-murio-ahorcado","status":"publish","type":"post","link":"https:\/\/elfederalmendoza.com.ar\/index.php\/2022\/12\/07\/el-detenido-que-encontraron-muerto-en-una-comisaria-de-san-martin-estaba-desnucado-y-no-murio-ahorcado\/","title":{"rendered":"El detenido que encontraron muerto en una comisar\u00eda de San Mart\u00edn estaba desnucado y no muri\u00f3 ahorcado"},"content":{"rendered":"\n<p>El\u00a0<strong>detenido que encontraron muerto de una comisar\u00eda de Tres Porte\u00f1as<\/strong>, San Mart\u00edn, colgando de los barrotes de una ventana con su remera enroscada en su cuello, no habr\u00eda fallecido por estrangulamiento, sino que la causa de muerte ser\u00eda que se desnuc\u00f3, seg\u00fan inform\u00f3 Mendoza Post.<\/p>\n\n\n\n<p>Una alta fuente de la investigaci\u00f3n le dijo al POST que, seg\u00fan el informe preliminar del Cuerpo M\u00e9dico Forense,<strong>&nbsp;Juan Godoy falleci\u00f3 como consecuencia de un golpe en la nuca<\/strong>. Ese golpe podr\u00eda haber sido producto de la mec\u00e1nica del suicidio, que es la primera hip\u00f3tesis que tienen la Fiscal\u00eda de San Mart\u00edn sobre el fallecimiento del aprehendido en la comisar\u00eda N\u00b0 39 de Tres Porte\u00f1as.<\/p>\n\n\n\n<p>Sin embargo,<strong>&nbsp;este informe preliminar del forense<\/strong>&nbsp;genera que los&nbsp;<strong>investigadores<\/strong>&nbsp;deban realizar<strong>&nbsp;m\u00e1s preguntas a los efectivos&nbsp;<\/strong>que estaban de guardia en la seccional.<\/p>\n\n\n\n<figure class=\"wp-block-image is-resized\"><img loading=\"lazy\" decoding=\"async\" src=\"https:\/\/www.mendozapost.com\/files\/image\/440\/440501\/63906ad43fa4b_570_229!.jpg?s=62d517fd48032ce6c707663dc5b92708&amp;d=1670408919\" alt=\"\" width=\"970\" height=\"390\"\/><figcaption class=\"wp-element-caption\">Comisar\u00eda N\u00b0 39 de Tres Porte\u00f1as, San Mart\u00edn.<\/figcaption><\/figure>\n\n\n\n<p>Godoy lleg\u00f3 a la comisar\u00eda despu\u00e9s de las 4 de la madrugada, luego de dos llamados de su ex pareja porque le estaba pateando la puerta para ingresar al domicilio. \u00c9l ten\u00eda una prohibici\u00f3n de acercamiento dictada por el Juzgado de Familia N\u00b0 1, detall\u00f3 una fuente judicial, y estaba notificado. Es decir, hab\u00eda recibido el documento en el cual un magistrado le ordenaba que no se acercara a la su ex esposa ni a la casa de ella. Adem\u00e1s, lo hab\u00eda denunciado el pasado 25 de noviembre porque hab\u00eda violado la perimetral y por lesiones.<\/p>\n\n\n\n<p>La mujer hab\u00eda ido a la comisar\u00eda este lunes por la ma\u00f1ana para denunciar la desobediencia judicial de su ex. Alrededor de las 3.30 de la madrugada del martes, ella llam\u00f3 al 911 para dar aviso que Godoy estaba pate\u00e1ndole la puerta de su casa, violando la prohibici\u00f3n de acercamiento y en estado de ebriedad.<\/p>\n\n\n\n<figure class=\"wp-block-image is-resized\"><img loading=\"lazy\" decoding=\"async\" src=\"https:\/\/www.mendozapost.com\/files\/image\/153\/153001\/5a7185699840e_570_392!.jpg?s=56cb3065c27bd4521bb3b9221fda2d76&amp;d=1643217513\" alt=\"\" width=\"954\" height=\"656\"\/><figcaption class=\"wp-element-caption\">El fiscal Oscar S\u00edvori tiene a su cargo la investigaci\u00f3n.<\/figcaption><\/figure>\n\n\n\n<p>Un m\u00f3vil fue hasta el lugar, pero Godoy ya no estaba, por lo cual los polic\u00edas se fueron. A las 4, la mujer volvi\u00f3 a llamar porque el hombre estaba de nuevo en la puerta de su casa. Los efectivos volvieron a trasladarse hasta la vivienda y no estaba. Comenzaron a buscarlo y&nbsp;<strong>lo encontraron en un inmueble abandonado escondido en el pozo s\u00e9ptico<\/strong>. Lo llevaron hasta la comisar\u00eda y lo higienizaron, debido a que ten\u00eda materia fecal en su cuerpo. Lo dejaron en el calabozo.<\/p>\n\n\n\n<p>Alrededor de las 5 de la madrugada, cuando los polic\u00edas fueron a la celda para tomarle los datos, lo encontraron colgando de los barrotes con su remera atada al cuello. La fuente cont\u00f3 que Godoy \u00abse par\u00f3 sobre la cama, luego at\u00f3 la prenda en su cuello y salt\u00f3 desde la cama. Al parecer, la muerte la caus\u00f3 el golpe en la nuca y no habr\u00eda sido estrangulamiento\u00bb.\u00a0\u00a0<\/p>\n\n\n\n<p>Por Leonardo Otamendi<\/p>\n","protected":false},"excerpt":{"rendered":"<p>El\u00a0detenido que encontraron muerto de una comisar\u00eda de Tres Porte\u00f1as, San Mart\u00edn, colgando de los barrotes de una ventana con su remera enroscada en su cuello, no habr\u00eda fallecido por estrangulamiento, sino que la causa de muerte ser\u00eda que se desnuc\u00f3, seg\u00fan inform\u00f3 Mendoza Post. Una alta fuente de la investigaci\u00f3n le dijo al POST<a class=\"read-more\" href=\"https:\/\/elfederalmendoza.com.ar\/index.php\/2022\/12\/07\/el-detenido-que-encontraron-muerto-en-una-comisaria-de-san-martin-estaba-desnucado-y-no-murio-ahorcado\/\"> [&hellip;]<\/a><\/p>\n","protected":false},"author":2,"featured_media":19263,"comment_status":"open","ping_status":"open","sticky":false,"template":"","format":"standard","meta":{"footnotes":""},"categories":[1],"tags":[],"class_list":["post-19262","post","type-post","status-publish","format-standard","has-post-thumbnail","hentry","category-mza"],"rttpg_featured_image_url":{"full":["https:\/\/elfederalmendoza.com.ar\/wp-content\/uploads\/2022\/12\/desnucado.jpg",1225,555,false],"landscape":["https:\/\/elfederalmendoza.com.ar\/wp-content\/uploads\/2022\/12\/desnucado.jpg",1225,555,false],"portraits":["https:\/\/elfederalmendoza.com.ar\/wp-content\/uploads\/2022\/12\/desnucado.jpg",1225,555,false],"thumbnail":["https:\/\/elfederalmendoza.com.ar\/wp-content\/uploads\/2022\/12\/desnucado-150x150.jpg",150,150,true],"medium":["https:\/\/elfederalmendoza.com.ar\/wp-content\/uploads\/2022\/12\/desnucado-300x136.jpg",300,136,true],"large":["https:\/\/elfederalmendoza.com.ar\/wp-content\/uploads\/2022\/12\/desnucado-1024x464.jpg",640,290,true],"1536x1536":["https:\/\/elfederalmendoza.com.ar\/wp-content\/uploads\/2022\/12\/desnucado.jpg",1225,555,false],"2048x2048":["https:\/\/elfederalmendoza.com.ar\/wp-content\/uploads\/2022\/12\/desnucado.jpg",1225,555,false],"ultp_layout_landscape_large":["https:\/\/elfederalmendoza.com.ar\/wp-content\/uploads\/2022\/12\/desnucado-1200x555.jpg",1200,555,true],"ultp_layout_landscape":["https:\/\/elfederalmendoza.com.ar\/wp-content\/uploads\/2022\/12\/desnucado-870x555.jpg",870,555,true],"ultp_layout_portrait":["https:\/\/elfederalmendoza.com.ar\/wp-content\/uploads\/2022\/12\/desnucado-600x555.jpg",600,555,true],"ultp_layout_square":["https:\/\/elfederalmendoza.com.ar\/wp-content\/uploads\/2022\/12\/desnucado-600x555.jpg",600,555,true],"rpwe-thumbnail":["https:\/\/elfederalmendoza.com.ar\/wp-content\/uploads\/2022\/12\/desnucado-45x45.jpg",45,45,true],"advps-thumb-one":["https:\/\/elfederalmendoza.com.ar\/wp-content\/uploads\/2022\/12\/desnucado-1200x420.jpg",1200,420,true]},"rttpg_author":{"display_name":"Redacci\u00f3n El Federal","author_link":"https:\/\/elfederalmendoza.com.ar\/index.php\/author\/angelflores\/"},"rttpg_comment":0,"rttpg_category":"<a href=\"https:\/\/elfederalmendoza.com.ar\/index.php\/category\/mza\/\" rel=\"category tag\">Mendoza<\/a>","rttpg_excerpt":"El\u00a0detenido que encontraron muerto de una comisar\u00eda de Tres Porte\u00f1as, San Mart\u00edn, colgando de los barrotes de una ventana con su remera enroscada en su cuello, no habr\u00eda fallecido por estrangulamiento, sino que la causa de muerte ser\u00eda que se desnuc\u00f3, seg\u00fan inform\u00f3 Mendoza Post. Una alta fuente de la investigaci\u00f3n le dijo al POST&hellip;","_links":{"self":[{"href":"https:\/\/elfederalmendoza.com.ar\/index.php\/wp-json\/wp\/v2\/posts\/19262","targetHints":{"allow":["GET"]}}],"collection":[{"href":"https:\/\/elfederalmendoza.com.ar\/index.php\/wp-json\/wp\/v2\/posts"}],"about":[{"href":"https:\/\/elfederalmendoza.com.ar\/index.php\/wp-json\/wp\/v2\/types\/post"}],"author":[{"embeddable":true,"href":"https:\/\/elfederalmendoza.com.ar\/index.php\/wp-json\/wp\/v2\/users\/2"}],"replies":[{"embeddable":true,"href":"https:\/\/elfederalmendoza.com.ar\/index.php\/wp-json\/wp\/v2\/comments?post=19262"}],"version-history":[{"count":1,"href":"https:\/\/elfederalmendoza.com.ar\/index.php\/wp-json\/wp\/v2\/posts\/19262\/revisions"}],"predecessor-version":[{"id":19264,"href":"https:\/\/elfederalmendoza.com.ar\/index.php\/wp-json\/wp\/v2\/posts\/19262\/revisions\/19264"}],"wp:featuredmedia":[{"embeddable":true,"href":"https:\/\/elfederalmendoza.com.ar\/index.php\/wp-json\/wp\/v2\/media\/19263"}],"wp:attachment":[{"href":"https:\/\/elfederalmendoza.com.ar\/index.php\/wp-json\/wp\/v2\/media?parent=19262"}],"wp:term":[{"taxonomy":"category","embeddable":true,"href":"https:\/\/elfederalmendoza.com.ar\/index.php\/wp-json\/wp\/v2\/categories?post=19262"},{"taxonomy":"post_tag","embeddable":true,"href":"https:\/\/elfederalmendoza.com.ar\/index.php\/wp-json\/wp\/v2\/tags?post=19262"}],"curies":[{"name":"wp","href":"https:\/\/api.w.org\/{rel}","templated":true}]}}