{"id":19271,"date":"2022-12-08T15:31:34","date_gmt":"2022-12-08T18:31:34","guid":{"rendered":"https:\/\/elfederalmendoza.com\/?p=19271"},"modified":"2022-12-08T15:31:44","modified_gmt":"2022-12-08T18:31:44","slug":"pese-a-la-denuncia-por-abuso-sexual-el-sute-no-apartara-a-gustavo-correa","status":"publish","type":"post","link":"https:\/\/elfederalmendoza.com.ar\/index.php\/2022\/12\/08\/pese-a-la-denuncia-por-abuso-sexual-el-sute-no-apartara-a-gustavo-correa\/","title":{"rendered":"Pese a la denuncia por abuso sexual, el SUTE no apartar\u00e1 a Gustavo Correa"},"content":{"rendered":"\n<p>El<strong>&nbsp;Sindicato Unido de Trabajadores de la Educaci\u00f3n (SUTE) resolvi\u00f3 dejar en su cargo a Gustavo Correa<\/strong>&nbsp;despu\u00e9s de la denuncia e imputaci\u00f3n que \u00e9ste recibi\u00f3 por abuso sexual.&nbsp;<\/p>\n\n\n\n<p>El presunto hecho al que alude la denuncia habr\u00eda sucedido el viernes 25 de noviembre en la sede de la Uni\u00f3n Comercial e Industrial de Mendoza (UCIM).&nbsp;<strong>La denunciante acus\u00f3 haber sido golpeada y abusada por tres hombres<\/strong>, entre ellos Correa. Los otros dos son Alexis Palacio M\u00e9ndez y Marcos Do\u00f1a.<\/p>\n\n\n\n<p><strong>El colectivo Ni Una Menos hab\u00eda reclamado que correa fuese apartado de forma preventiva<\/strong>. Sin embargo, el SUTE decidi\u00f3 mantener a su n\u00famero dos y lo justific\u00f3 en un comunicado publicado en redes sociales. \u00abSe ha resuelto no separar de sus cargos a los compa\u00f1eros hasta que la Justicia se expida, como corresponde en un estado constitucional, democr\u00e1tico y social\u00bb, afirm\u00f3 el gremio.<\/p>\n\n\n\n<figure class=\"wp-block-image is-resized\"><img loading=\"lazy\" decoding=\"async\" src=\"https:\/\/www.mendozapost.com\/files\/image\/408\/408865\/6307bc8708100_570_376!.jpg?s=888b5566bf84fc251a8bcbe24de925e5&amp;d=1670514877\" alt=\"\" width=\"963\" height=\"635\"\/><figcaption class=\"wp-element-caption\">El SUTE dio a entender que no cree en la denuncia a Correa.<\/figcaption><\/figure>\n\n\n\n<p><strong>El comunicado est\u00e1 titulado \u00abestuvimos ah\u00ed\u00bb<\/strong>&nbsp;e incluye los nombres de 30 mujeres que participaron del reclamo hecho el 25 de noviembre. El escrito aclara que \u00abes determinaci\u00f3n de esta mesa creer en estas mujeres y no subestimar su palabra\u00bb.&nbsp;&nbsp;<\/p>\n\n\n\n<p>Tambi\u00e9n justifican la decisi\u00f3n en el protocolo interno, que especifica que la separaci\u00f3n de la persona debe ser a requerimiento de la v\u00edctima, la cual debe ser integrante del sindicato.<\/p>\n\n\n\n<p>\u00abLos compa\u00f1eros denunciados se han puesto a disposici\u00f3n de la Justicia, y&nbsp;<strong>su rol en el sindicato no perturba de manera alguna el proceso de investigaci\u00f3n del poder judicial<\/strong>. Tampoco comparten lugares de trabajo, vivienda y\/o militancia con la persona que realiza la acusaci\u00f3n\u00bb, a\u00f1ade el comunicado.<\/p>\n\n\n\n<figure class=\"wp-block-image is-resized\"><img loading=\"lazy\" decoding=\"async\" src=\"https:\/\/www.mendozapost.com\/files\/image\/397\/397765\/62d9cf1f78e6b_570_260!.jpg?s=eb6b691561ba02415cdb9e56cd622371&amp;d=1670514941\" alt=\"\" width=\"964\" height=\"440\"\/><figcaption class=\"wp-element-caption\">Gustavo Correa y Carina Sedano, la secretaria General del SUTE.<\/figcaption><\/figure>\n\n\n\n<p>Por \u00faltimo, enfatizan que&nbsp;<strong>no hay una sentencia judicial, algo que el estatuto del SUTE requiere para aplicar una inhabilitaci\u00f3n&nbsp;<\/strong>total o parcial.<\/p>\n\n\n\n<p>El comunicado\u00a0<strong>del SUTE<\/strong><\/p>\n\n\n\n<figure class=\"wp-block-image size-full is-resized\"><img loading=\"lazy\" decoding=\"async\" src=\"https:\/\/elfederalmendoza.com\/wp-content\/uploads\/2022\/12\/ESTUVIMOS-AHI.jpg\" alt=\"\" class=\"wp-image-19272\" width=\"959\" height=\"1165\" srcset=\"https:\/\/elfederalmendoza.com.ar\/wp-content\/uploads\/2022\/12\/ESTUVIMOS-AHI.jpg 527w, https:\/\/elfederalmendoza.com.ar\/wp-content\/uploads\/2022\/12\/ESTUVIMOS-AHI-247x300.jpg 247w\" sizes=\"auto, (max-width: 959px) 100vw, 959px\" \/><\/figure>\n","protected":false},"excerpt":{"rendered":"<p>El&nbsp;Sindicato Unido de Trabajadores de la Educaci\u00f3n (SUTE) resolvi\u00f3 dejar en su cargo a Gustavo Correa&nbsp;despu\u00e9s de la denuncia e imputaci\u00f3n que \u00e9ste recibi\u00f3 por abuso sexual.&nbsp; El presunto hecho al que alude la denuncia habr\u00eda sucedido el viernes 25 de noviembre en la sede de la Uni\u00f3n Comercial e Industrial de Mendoza (UCIM).&nbsp;La denunciante<a class=\"read-more\" href=\"https:\/\/elfederalmendoza.com.ar\/index.php\/2022\/12\/08\/pese-a-la-denuncia-por-abuso-sexual-el-sute-no-apartara-a-gustavo-correa\/\"> [&hellip;]<\/a><\/p>\n","protected":false},"author":2,"featured_media":19273,"comment_status":"open","ping_status":"open","sticky":false,"template":"","format":"standard","meta":{"footnotes":""},"categories":[1],"tags":[],"class_list":["post-19271","post","type-post","status-publish","format-standard","has-post-thumbnail","hentry","category-mza"],"rttpg_featured_image_url":{"full":["https:\/\/elfederalmendoza.com.ar\/wp-content\/uploads\/2022\/12\/correa.jpg",1108,627,false],"landscape":["https:\/\/elfederalmendoza.com.ar\/wp-content\/uploads\/2022\/12\/correa.jpg",1108,627,false],"portraits":["https:\/\/elfederalmendoza.com.ar\/wp-content\/uploads\/2022\/12\/correa.jpg",1108,627,false],"thumbnail":["https:\/\/elfederalmendoza.com.ar\/wp-content\/uploads\/2022\/12\/correa-150x150.jpg",150,150,true],"medium":["https:\/\/elfederalmendoza.com.ar\/wp-content\/uploads\/2022\/12\/correa-300x170.jpg",300,170,true],"large":["https:\/\/elfederalmendoza.com.ar\/wp-content\/uploads\/2022\/12\/correa-1024x579.jpg",640,362,true],"1536x1536":["https:\/\/elfederalmendoza.com.ar\/wp-content\/uploads\/2022\/12\/correa.jpg",1108,627,false],"2048x2048":["https:\/\/elfederalmendoza.com.ar\/wp-content\/uploads\/2022\/12\/correa.jpg",1108,627,false],"ultp_layout_landscape_large":["https:\/\/elfederalmendoza.com.ar\/wp-content\/uploads\/2022\/12\/correa.jpg",1108,627,false],"ultp_layout_landscape":["https:\/\/elfederalmendoza.com.ar\/wp-content\/uploads\/2022\/12\/correa-870x570.jpg",870,570,true],"ultp_layout_portrait":["https:\/\/elfederalmendoza.com.ar\/wp-content\/uploads\/2022\/12\/correa-600x627.jpg",600,627,true],"ultp_layout_square":["https:\/\/elfederalmendoza.com.ar\/wp-content\/uploads\/2022\/12\/correa-600x600.jpg",600,600,true],"rpwe-thumbnail":["https:\/\/elfederalmendoza.com.ar\/wp-content\/uploads\/2022\/12\/correa-45x45.jpg",45,45,true],"advps-thumb-one":["https:\/\/elfederalmendoza.com.ar\/wp-content\/uploads\/2022\/12\/correa-1108x420.jpg",1108,420,true]},"rttpg_author":{"display_name":"Redacci\u00f3n El Federal","author_link":"https:\/\/elfederalmendoza.com.ar\/index.php\/author\/angelflores\/"},"rttpg_comment":0,"rttpg_category":"<a href=\"https:\/\/elfederalmendoza.com.ar\/index.php\/category\/mza\/\" rel=\"category tag\">Mendoza<\/a>","rttpg_excerpt":"El&nbsp;Sindicato Unido de Trabajadores de la Educaci\u00f3n (SUTE) resolvi\u00f3 dejar en su cargo a Gustavo Correa&nbsp;despu\u00e9s de la denuncia e imputaci\u00f3n que \u00e9ste recibi\u00f3 por abuso sexual.&nbsp; El presunto hecho al que alude la denuncia habr\u00eda sucedido el viernes 25 de noviembre en la sede de la Uni\u00f3n Comercial e Industrial de Mendoza (UCIM).&nbsp;La denunciante&hellip;","_links":{"self":[{"href":"https:\/\/elfederalmendoza.com.ar\/index.php\/wp-json\/wp\/v2\/posts\/19271","targetHints":{"allow":["GET"]}}],"collection":[{"href":"https:\/\/elfederalmendoza.com.ar\/index.php\/wp-json\/wp\/v2\/posts"}],"about":[{"href":"https:\/\/elfederalmendoza.com.ar\/index.php\/wp-json\/wp\/v2\/types\/post"}],"author":[{"embeddable":true,"href":"https:\/\/elfederalmendoza.com.ar\/index.php\/wp-json\/wp\/v2\/users\/2"}],"replies":[{"embeddable":true,"href":"https:\/\/elfederalmendoza.com.ar\/index.php\/wp-json\/wp\/v2\/comments?post=19271"}],"version-history":[{"count":1,"href":"https:\/\/elfederalmendoza.com.ar\/index.php\/wp-json\/wp\/v2\/posts\/19271\/revisions"}],"predecessor-version":[{"id":19274,"href":"https:\/\/elfederalmendoza.com.ar\/index.php\/wp-json\/wp\/v2\/posts\/19271\/revisions\/19274"}],"wp:featuredmedia":[{"embeddable":true,"href":"https:\/\/elfederalmendoza.com.ar\/index.php\/wp-json\/wp\/v2\/media\/19273"}],"wp:attachment":[{"href":"https:\/\/elfederalmendoza.com.ar\/index.php\/wp-json\/wp\/v2\/media?parent=19271"}],"wp:term":[{"taxonomy":"category","embeddable":true,"href":"https:\/\/elfederalmendoza.com.ar\/index.php\/wp-json\/wp\/v2\/categories?post=19271"},{"taxonomy":"post_tag","embeddable":true,"href":"https:\/\/elfederalmendoza.com.ar\/index.php\/wp-json\/wp\/v2\/tags?post=19271"}],"curies":[{"name":"wp","href":"https:\/\/api.w.org\/{rel}","templated":true}]}}