{"id":19275,"date":"2022-12-08T16:24:12","date_gmt":"2022-12-08T19:24:12","guid":{"rendered":"https:\/\/elfederalmendoza.com\/?p=19275"},"modified":"2022-12-08T16:24:13","modified_gmt":"2022-12-08T19:24:13","slug":"la-laguna-de-mendoza-que-esta-a-punto-de-desaparecer-estamos-caminando-a-escenarios-de-gran-fragilidad","status":"publish","type":"post","link":"https:\/\/elfederalmendoza.com.ar\/index.php\/2022\/12\/08\/la-laguna-de-mendoza-que-esta-a-punto-de-desaparecer-estamos-caminando-a-escenarios-de-gran-fragilidad\/","title":{"rendered":"La laguna de Mendoza que est\u00e1 a punto de desaparecer: \u00abEstamos caminando a escenarios de gran fragilidad\u00bb"},"content":{"rendered":"\n<p>Una m\u00edtica laguna de Mendoza ha desaparecido, literalmente. Se trata de&nbsp;<strong>Las Salinas,<\/strong>&nbsp;ubicada en la zona de&nbsp;<strong>El Nihuil<\/strong>&nbsp;en el departamento de&nbsp;<strong>San Rafael<\/strong>, a unos 235 kil\u00f3metros de la capital mendocina.<\/p>\n\n\n\n<p>La tr\u00e1gica novedad la dio a conocer el&nbsp;<strong>director de Recursos Naturales Renovables<\/strong>&nbsp;de la provincia,&nbsp;<strong>Sebasti\u00e1n Melchor<\/strong>, en declaraciones a la prensa.<\/p>\n\n\n\n<p>En 2020, ya hubo que trasladar a miles de ejemplares de peces extra\u00eddos del lugar, que ya se encontraba visiblemente retra\u00eddo.\u00a0<strong>Pero la situaci\u00f3n empeor\u00f3 y hoy la laguna casi no existe.<\/strong><\/p>\n\n\n\n<figure class=\"wp-block-image size-full\"><img loading=\"lazy\" decoding=\"async\" width=\"1000\" height=\"750\" src=\"https:\/\/elfederalmendoza.com\/wp-content\/uploads\/2022\/12\/las-salinas1.jpg\" alt=\"\" class=\"wp-image-19276\" srcset=\"https:\/\/elfederalmendoza.com.ar\/wp-content\/uploads\/2022\/12\/las-salinas1.jpg 1000w, https:\/\/elfederalmendoza.com.ar\/wp-content\/uploads\/2022\/12\/las-salinas1-300x225.jpg 300w, https:\/\/elfederalmendoza.com.ar\/wp-content\/uploads\/2022\/12\/las-salinas1-768x576.jpg 768w\" sizes=\"auto, (max-width: 1000px) 100vw, 1000px\" \/><figcaption class=\"wp-element-caption\">Foto tomada en el 2020<\/figcaption><\/figure>\n\n\n\n<p>Ya fines del a\u00f1o 2020 se informaba de la situaci\u00f3n precaria en la que se encontraba la laguna Las Salinas, en la zona de El Nihuil, que muestra una<strong> retracci\u00f3n considerable y corre serios riesgos de secarse.<\/strong><br>La laguna sigue reduciendo su tama\u00f1o y se estipula que por estos d\u00edas quedan apenas unas 30 hect\u00e1reas con agua, cuando ten\u00eda casi 1.500 hect\u00e1reas de agua.<\/p>\n\n\n\n<p>\u201cSe ha reducido much\u00edsimo m\u00e1s la laguna,&nbsp;<strong>y estamos caminando a escenarios de gran fragilidad.<\/strong>&nbsp;Es lo mismo que est\u00e1 ocurriendo en muchos de los cursos y espejos de agua\u201d, dijo Melchor a&nbsp;<strong>Diario Los Andes<\/strong>.<\/p>\n\n\n\n<p>La Laguna Las Salinas fue declarada como \u00c1rea Natural Protegida mediante la ley provincial 6965 del a\u00f1o 2001,&nbsp;<strong>sobre una superficie de 3.500 hect\u00e1reas de superficie que ostentaba unas 1.500 hect\u00e1reas de agua. En 2020 pas\u00f3 a tener 30<\/strong>.<\/p>\n","protected":false},"excerpt":{"rendered":"<p>Una m\u00edtica laguna de Mendoza ha desaparecido, literalmente. Se trata de&nbsp;Las Salinas,&nbsp;ubicada en la zona de&nbsp;El Nihuil&nbsp;en el departamento de&nbsp;San Rafael, a unos 235 kil\u00f3metros de la capital mendocina. La tr\u00e1gica novedad la dio a conocer el&nbsp;director de Recursos Naturales Renovables&nbsp;de la provincia,&nbsp;Sebasti\u00e1n Melchor, en declaraciones a la prensa. En 2020, ya hubo que trasladar<a class=\"read-more\" href=\"https:\/\/elfederalmendoza.com.ar\/index.php\/2022\/12\/08\/la-laguna-de-mendoza-que-esta-a-punto-de-desaparecer-estamos-caminando-a-escenarios-de-gran-fragilidad\/\"> [&hellip;]<\/a><\/p>\n","protected":false},"author":2,"featured_media":19277,"comment_status":"open","ping_status":"open","sticky":false,"template":"","format":"standard","meta":{"footnotes":""},"categories":[1],"tags":[],"class_list":["post-19275","post","type-post","status-publish","format-standard","has-post-thumbnail","hentry","category-mza"],"rttpg_featured_image_url":{"full":["https:\/\/elfederalmendoza.com.ar\/wp-content\/uploads\/2022\/12\/laguna-placa-scaled.jpg",2560,1642,false],"landscape":["https:\/\/elfederalmendoza.com.ar\/wp-content\/uploads\/2022\/12\/laguna-placa-scaled.jpg",2560,1642,false],"portraits":["https:\/\/elfederalmendoza.com.ar\/wp-content\/uploads\/2022\/12\/laguna-placa-scaled.jpg",2560,1642,false],"thumbnail":["https:\/\/elfederalmendoza.com.ar\/wp-content\/uploads\/2022\/12\/laguna-placa-150x150.jpg",150,150,true],"medium":["https:\/\/elfederalmendoza.com.ar\/wp-content\/uploads\/2022\/12\/laguna-placa-300x192.jpg",300,192,true],"large":["https:\/\/elfederalmendoza.com.ar\/wp-content\/uploads\/2022\/12\/laguna-placa-1024x657.jpg",640,411,true],"1536x1536":["https:\/\/elfederalmendoza.com.ar\/wp-content\/uploads\/2022\/12\/laguna-placa-1536x985.jpg",1536,985,true],"2048x2048":["https:\/\/elfederalmendoza.com.ar\/wp-content\/uploads\/2022\/12\/laguna-placa-2048x1313.jpg",2048,1313,true],"ultp_layout_landscape_large":["https:\/\/elfederalmendoza.com.ar\/wp-content\/uploads\/2022\/12\/laguna-placa-1200x800.jpg",1200,800,true],"ultp_layout_landscape":["https:\/\/elfederalmendoza.com.ar\/wp-content\/uploads\/2022\/12\/laguna-placa-870x570.jpg",870,570,true],"ultp_layout_portrait":["https:\/\/elfederalmendoza.com.ar\/wp-content\/uploads\/2022\/12\/laguna-placa-600x900.jpg",600,900,true],"ultp_layout_square":["https:\/\/elfederalmendoza.com.ar\/wp-content\/uploads\/2022\/12\/laguna-placa-600x600.jpg",600,600,true],"rpwe-thumbnail":["https:\/\/elfederalmendoza.com.ar\/wp-content\/uploads\/2022\/12\/laguna-placa-45x45.jpg",45,45,true],"advps-thumb-one":["https:\/\/elfederalmendoza.com.ar\/wp-content\/uploads\/2022\/12\/laguna-placa-1200x420.jpg",1200,420,true]},"rttpg_author":{"display_name":"Redacci\u00f3n El Federal","author_link":"https:\/\/elfederalmendoza.com.ar\/index.php\/author\/angelflores\/"},"rttpg_comment":0,"rttpg_category":"<a href=\"https:\/\/elfederalmendoza.com.ar\/index.php\/category\/mza\/\" rel=\"category tag\">Mendoza<\/a>","rttpg_excerpt":"Una m\u00edtica laguna de Mendoza ha desaparecido, literalmente. Se trata de&nbsp;Las Salinas,&nbsp;ubicada en la zona de&nbsp;El Nihuil&nbsp;en el departamento de&nbsp;San Rafael, a unos 235 kil\u00f3metros de la capital mendocina. La tr\u00e1gica novedad la dio a conocer el&nbsp;director de Recursos Naturales Renovables&nbsp;de la provincia,&nbsp;Sebasti\u00e1n Melchor, en declaraciones a la prensa. En 2020, ya hubo que trasladar&hellip;","_links":{"self":[{"href":"https:\/\/elfederalmendoza.com.ar\/index.php\/wp-json\/wp\/v2\/posts\/19275","targetHints":{"allow":["GET"]}}],"collection":[{"href":"https:\/\/elfederalmendoza.com.ar\/index.php\/wp-json\/wp\/v2\/posts"}],"about":[{"href":"https:\/\/elfederalmendoza.com.ar\/index.php\/wp-json\/wp\/v2\/types\/post"}],"author":[{"embeddable":true,"href":"https:\/\/elfederalmendoza.com.ar\/index.php\/wp-json\/wp\/v2\/users\/2"}],"replies":[{"embeddable":true,"href":"https:\/\/elfederalmendoza.com.ar\/index.php\/wp-json\/wp\/v2\/comments?post=19275"}],"version-history":[{"count":1,"href":"https:\/\/elfederalmendoza.com.ar\/index.php\/wp-json\/wp\/v2\/posts\/19275\/revisions"}],"predecessor-version":[{"id":19278,"href":"https:\/\/elfederalmendoza.com.ar\/index.php\/wp-json\/wp\/v2\/posts\/19275\/revisions\/19278"}],"wp:featuredmedia":[{"embeddable":true,"href":"https:\/\/elfederalmendoza.com.ar\/index.php\/wp-json\/wp\/v2\/media\/19277"}],"wp:attachment":[{"href":"https:\/\/elfederalmendoza.com.ar\/index.php\/wp-json\/wp\/v2\/media?parent=19275"}],"wp:term":[{"taxonomy":"category","embeddable":true,"href":"https:\/\/elfederalmendoza.com.ar\/index.php\/wp-json\/wp\/v2\/categories?post=19275"},{"taxonomy":"post_tag","embeddable":true,"href":"https:\/\/elfederalmendoza.com.ar\/index.php\/wp-json\/wp\/v2\/tags?post=19275"}],"curies":[{"name":"wp","href":"https:\/\/api.w.org\/{rel}","templated":true}]}}