{"id":196,"date":"2019-10-27T11:23:12","date_gmt":"2019-10-27T14:23:12","guid":{"rendered":"https:\/\/elfederalmendoza.com\/?p=196"},"modified":"2019-10-27T11:23:12","modified_gmt":"2019-10-27T14:23:12","slug":"tragedia-murio-el-medico-que-volco-e-impacto-un-poste-de-luz-en-el-acceso-este-y-tirasso","status":"publish","type":"post","link":"https:\/\/elfederalmendoza.com.ar\/index.php\/2019\/10\/27\/tragedia-murio-el-medico-que-volco-e-impacto-un-poste-de-luz-en-el-acceso-este-y-tirasso\/","title":{"rendered":"-TRAGEDIA- Muri\u00f3 el m\u00e9dico que volc\u00f3 e impact\u00f3 un poste de luz en el Acceso Este y Tirasso"},"content":{"rendered":"<p>Un fuerte accidente vial en un punto muy transitado de Guaymall\u00e9n se produjo en horas de la siesta de este s\u00e1bado. El conductor fue llevado al hospital Central, sitio donde termin\u00f3 falleciendo.<\/p>\n<p>Un vuelco que se produjo en la tarde de este s\u00e1bado se llev\u00f3 las miradas de muchos de los automovilistas\u00a0que circulaban por el\u00a0<strong>Acceso Este.<\/strong><\/p>\n<p><strong>Cerca de las 16.15 en Acceso\u00a0Este\u00a0y\u00a0Tirasso\u00a0de\u00a0Guaymall\u00e9n<\/strong>, un hombre perdi\u00f3 el control del rodado que conduc\u00eda y acab\u00f3 a los tumbos.<\/p>\n<p>La v\u00edctima de 51 a\u00f1os de edad, conduc\u00eda un<em>\u00a0Chevrolet Cobalt<\/em>\u00a0por el Acceso con direcci\u00f3n al Este y al pasar la nombrada calle, por causas que se investigan, mordi\u00f3 el cantero central con el coche, acab\u00f3 volcando\u00a0y su auto se termin\u00f3 estrellado contra un poste de luz.<\/p>\n<p>El conductor fue atendido por m\u00e9dicos del\u00a0<strong>SEC\u00a0<\/strong>que lo trasladaron al\u00a0<strong>hospital Central<\/strong>, donde le diagnosticaron\u00a0<em>\u201cpolitraumatismos en el rostro y Traumatismo craneoencef\u00e1lico (TEC) con p\u00e9rdida de conocimiento\u201d.<\/em><\/p>\n<p><strong>A las 18.15, informaron desde el nosocomio que\u00a0Jos\u00e9 S\u00e1nchez de 51 a\u00f1os perdi\u00f3 la vida a ra\u00edz de las graves heridas que padeci\u00f3.<\/strong><\/p>\n<p>En el caso interviene la Oficina Fiscal N\u00ba 18 de Comisar\u00eda 44\u00b0.<\/p>\n<h1><strong>FOTOS<\/strong><\/h1>\n<p><img loading=\"lazy\" decoding=\"async\" class=\"alignnone  wp-image-197\" src=\"https:\/\/elfederalmendoza.com\/wp-content\/uploads\/2019\/10\/5db4a9f5d497a-169x300.jpeg\" alt=\"\" width=\"1309\" height=\"2324\" srcset=\"https:\/\/elfederalmendoza.com.ar\/wp-content\/uploads\/2019\/10\/5db4a9f5d497a-169x300.jpeg 169w, https:\/\/elfederalmendoza.com.ar\/wp-content\/uploads\/2019\/10\/5db4a9f5d497a-768x1365.jpeg 768w, https:\/\/elfederalmendoza.com.ar\/wp-content\/uploads\/2019\/10\/5db4a9f5d497a-576x1024.jpeg 576w\" sizes=\"auto, (max-width: 1309px) 100vw, 1309px\" \/> <img loading=\"lazy\" decoding=\"async\" class=\"alignnone  wp-image-198\" src=\"https:\/\/elfederalmendoza.com\/wp-content\/uploads\/2019\/10\/5db4a94008d06-225x300.jpeg\" alt=\"\" width=\"1309\" height=\"1745\" srcset=\"https:\/\/elfederalmendoza.com.ar\/wp-content\/uploads\/2019\/10\/5db4a94008d06-225x300.jpeg 225w, https:\/\/elfederalmendoza.com.ar\/wp-content\/uploads\/2019\/10\/5db4a94008d06-768x1024.jpeg 768w, https:\/\/elfederalmendoza.com.ar\/wp-content\/uploads\/2019\/10\/5db4a94008d06.jpeg 800w\" sizes=\"auto, (max-width: 1309px) 100vw, 1309px\" \/> <img loading=\"lazy\" decoding=\"async\" class=\"alignnone  wp-image-199\" src=\"https:\/\/elfederalmendoza.com\/wp-content\/uploads\/2019\/10\/5db4da6733681-225x300.jpeg\" alt=\"\" width=\"1309\" height=\"1745\" srcset=\"https:\/\/elfederalmendoza.com.ar\/wp-content\/uploads\/2019\/10\/5db4da6733681-225x300.jpeg 225w, https:\/\/elfederalmendoza.com.ar\/wp-content\/uploads\/2019\/10\/5db4da6733681-768x1024.jpeg 768w, https:\/\/elfederalmendoza.com.ar\/wp-content\/uploads\/2019\/10\/5db4da6733681.jpeg 800w\" sizes=\"auto, (max-width: 1309px) 100vw, 1309px\" \/> <img loading=\"lazy\" decoding=\"async\" class=\"alignnone  wp-image-200\" src=\"https:\/\/elfederalmendoza.com\/wp-content\/uploads\/2019\/10\/5db4da2eea1d9-225x300.jpeg\" alt=\"\" width=\"1310\" height=\"1747\" srcset=\"https:\/\/elfederalmendoza.com.ar\/wp-content\/uploads\/2019\/10\/5db4da2eea1d9-225x300.jpeg 225w, https:\/\/elfederalmendoza.com.ar\/wp-content\/uploads\/2019\/10\/5db4da2eea1d9-768x1024.jpeg 768w, https:\/\/elfederalmendoza.com.ar\/wp-content\/uploads\/2019\/10\/5db4da2eea1d9.jpeg 800w\" sizes=\"auto, (max-width: 1310px) 100vw, 1310px\" \/> <img loading=\"lazy\" decoding=\"async\" class=\"alignnone  wp-image-201\" src=\"https:\/\/elfederalmendoza.com\/wp-content\/uploads\/2019\/10\/5db4da0744f19-225x300.jpeg\" alt=\"\" width=\"1307\" height=\"1743\" srcset=\"https:\/\/elfederalmendoza.com.ar\/wp-content\/uploads\/2019\/10\/5db4da0744f19-225x300.jpeg 225w, https:\/\/elfederalmendoza.com.ar\/wp-content\/uploads\/2019\/10\/5db4da0744f19-768x1024.jpeg 768w, https:\/\/elfederalmendoza.com.ar\/wp-content\/uploads\/2019\/10\/5db4da0744f19.jpeg 800w\" sizes=\"auto, (max-width: 1307px) 100vw, 1307px\" \/> <img loading=\"lazy\" decoding=\"async\" class=\"alignnone  wp-image-202\" src=\"https:\/\/elfederalmendoza.com\/wp-content\/uploads\/2019\/10\/5db4d9dbd6735-225x300.jpeg\" alt=\"\" width=\"1304\" height=\"1739\" srcset=\"https:\/\/elfederalmendoza.com.ar\/wp-content\/uploads\/2019\/10\/5db4d9dbd6735-225x300.jpeg 225w, https:\/\/elfederalmendoza.com.ar\/wp-content\/uploads\/2019\/10\/5db4d9dbd6735-768x1024.jpeg 768w, https:\/\/elfederalmendoza.com.ar\/wp-content\/uploads\/2019\/10\/5db4d9dbd6735.jpeg 800w\" sizes=\"auto, (max-width: 1304px) 100vw, 1304px\" \/><\/p>\n","protected":false},"excerpt":{"rendered":"<p>Un fuerte accidente vial en un punto muy transitado de Guaymall\u00e9n se produjo en horas de la siesta de este s\u00e1bado. El conductor fue llevado al hospital Central, sitio donde termin\u00f3 falleciendo. Un vuelco que se produjo en la tarde de este s\u00e1bado se llev\u00f3 las miradas de muchos de los automovilistas\u00a0que circulaban por el\u00a0Acceso<a class=\"read-more\" href=\"https:\/\/elfederalmendoza.com.ar\/index.php\/2019\/10\/27\/tragedia-murio-el-medico-que-volco-e-impacto-un-poste-de-luz-en-el-acceso-este-y-tirasso\/\"> [&hellip;]<\/a><\/p>\n","protected":false},"author":2,"featured_media":203,"comment_status":"open","ping_status":"open","sticky":false,"template":"","format":"image","meta":{"footnotes":""},"categories":[1],"tags":[11,88],"class_list":["post-196","post","type-post","status-publish","format-image","has-post-thumbnail","hentry","category-mza","tag-mendoza","tag-tirasso-accidente-de-transito","post_format-post-format-image"],"rttpg_featured_image_url":{"full":["https:\/\/elfederalmendoza.com.ar\/wp-content\/uploads\/2019\/10\/5db4d9b4ce7e2.r_d.619-559.jpeg",1454,809,false],"landscape":["https:\/\/elfederalmendoza.com.ar\/wp-content\/uploads\/2019\/10\/5db4d9b4ce7e2.r_d.619-559.jpeg",1454,809,false],"portraits":["https:\/\/elfederalmendoza.com.ar\/wp-content\/uploads\/2019\/10\/5db4d9b4ce7e2.r_d.619-559.jpeg",1454,809,false],"thumbnail":["https:\/\/elfederalmendoza.com.ar\/wp-content\/uploads\/2019\/10\/5db4d9b4ce7e2.r_d.619-559-150x150.jpeg",150,150,true],"medium":["https:\/\/elfederalmendoza.com.ar\/wp-content\/uploads\/2019\/10\/5db4d9b4ce7e2.r_d.619-559-300x167.jpeg",300,167,true],"large":["https:\/\/elfederalmendoza.com.ar\/wp-content\/uploads\/2019\/10\/5db4d9b4ce7e2.r_d.619-559-1024x570.jpeg",640,356,true],"1536x1536":["https:\/\/elfederalmendoza.com.ar\/wp-content\/uploads\/2019\/10\/5db4d9b4ce7e2.r_d.619-559.jpeg",1454,809,false],"2048x2048":["https:\/\/elfederalmendoza.com.ar\/wp-content\/uploads\/2019\/10\/5db4d9b4ce7e2.r_d.619-559.jpeg",1454,809,false],"ultp_layout_landscape_large":["https:\/\/elfederalmendoza.com.ar\/wp-content\/uploads\/2019\/10\/5db4d9b4ce7e2.r_d.619-559.jpeg",1200,668,false],"ultp_layout_landscape":["https:\/\/elfederalmendoza.com.ar\/wp-content\/uploads\/2019\/10\/5db4d9b4ce7e2.r_d.619-559.jpeg",870,484,false],"ultp_layout_portrait":["https:\/\/elfederalmendoza.com.ar\/wp-content\/uploads\/2019\/10\/5db4d9b4ce7e2.r_d.619-559.jpeg",600,334,false],"ultp_layout_square":["https:\/\/elfederalmendoza.com.ar\/wp-content\/uploads\/2019\/10\/5db4d9b4ce7e2.r_d.619-559.jpeg",600,334,false],"rpwe-thumbnail":["https:\/\/elfederalmendoza.com.ar\/wp-content\/uploads\/2019\/10\/5db4d9b4ce7e2.r_d.619-559-45x45.jpeg",45,45,true],"advps-thumb-one":["https:\/\/elfederalmendoza.com.ar\/wp-content\/uploads\/2019\/10\/5db4d9b4ce7e2.r_d.619-559-600x220.jpeg",600,220,true]},"rttpg_author":{"display_name":"Redacci\u00f3n El Federal","author_link":"https:\/\/elfederalmendoza.com.ar\/index.php\/author\/angelflores\/"},"rttpg_comment":0,"rttpg_category":"<a href=\"https:\/\/elfederalmendoza.com.ar\/index.php\/category\/mza\/\" rel=\"category tag\">Mendoza<\/a>","rttpg_excerpt":"Un fuerte accidente vial en un punto muy transitado de Guaymall\u00e9n se produjo en horas de la siesta de este s\u00e1bado. El conductor fue llevado al hospital Central, sitio donde termin\u00f3 falleciendo. Un vuelco que se produjo en la tarde de este s\u00e1bado se llev\u00f3 las miradas de muchos de los automovilistas\u00a0que circulaban por el\u00a0Acceso&hellip;","_links":{"self":[{"href":"https:\/\/elfederalmendoza.com.ar\/index.php\/wp-json\/wp\/v2\/posts\/196","targetHints":{"allow":["GET"]}}],"collection":[{"href":"https:\/\/elfederalmendoza.com.ar\/index.php\/wp-json\/wp\/v2\/posts"}],"about":[{"href":"https:\/\/elfederalmendoza.com.ar\/index.php\/wp-json\/wp\/v2\/types\/post"}],"author":[{"embeddable":true,"href":"https:\/\/elfederalmendoza.com.ar\/index.php\/wp-json\/wp\/v2\/users\/2"}],"replies":[{"embeddable":true,"href":"https:\/\/elfederalmendoza.com.ar\/index.php\/wp-json\/wp\/v2\/comments?post=196"}],"version-history":[{"count":1,"href":"https:\/\/elfederalmendoza.com.ar\/index.php\/wp-json\/wp\/v2\/posts\/196\/revisions"}],"predecessor-version":[{"id":204,"href":"https:\/\/elfederalmendoza.com.ar\/index.php\/wp-json\/wp\/v2\/posts\/196\/revisions\/204"}],"wp:featuredmedia":[{"embeddable":true,"href":"https:\/\/elfederalmendoza.com.ar\/index.php\/wp-json\/wp\/v2\/media\/203"}],"wp:attachment":[{"href":"https:\/\/elfederalmendoza.com.ar\/index.php\/wp-json\/wp\/v2\/media?parent=196"}],"wp:term":[{"taxonomy":"category","embeddable":true,"href":"https:\/\/elfederalmendoza.com.ar\/index.php\/wp-json\/wp\/v2\/categories?post=196"},{"taxonomy":"post_tag","embeddable":true,"href":"https:\/\/elfederalmendoza.com.ar\/index.php\/wp-json\/wp\/v2\/tags?post=196"}],"curies":[{"name":"wp","href":"https:\/\/api.w.org\/{rel}","templated":true}]}}