{"id":19626,"date":"2022-12-30T01:30:00","date_gmt":"2022-12-30T04:30:00","guid":{"rendered":"https:\/\/elfederalmendoza.com\/?p=19626"},"modified":"2022-12-30T13:43:20","modified_gmt":"2022-12-30T16:43:20","slug":"encaro-a-un-hombre-y-la-respuesta-la-descoloco-lo-conto-en-redes-sociales-y-se-hizo-viral-en-todo-el-pais","status":"publish","type":"post","link":"https:\/\/elfederalmendoza.com.ar\/index.php\/2022\/12\/30\/encaro-a-un-hombre-y-la-respuesta-la-descoloco-lo-conto-en-redes-sociales-y-se-hizo-viral-en-todo-el-pais\/","title":{"rendered":"Encar\u00f3 a un hombre y la respuesta la descoloc\u00f3: lo cont\u00f3 en redes sociales y se hizo viral en todo el pa\u00eds"},"content":{"rendered":"\n<p>Una usuaria de Twitter comparti\u00f3 con sus seguidores la reacci\u00f3n que recibi\u00f3 por parte de un&nbsp;<strong>hombre<\/strong>&nbsp;cuando fue a encararlo y este la rechaz\u00f3 con una respuesta que la dej\u00f3 descolocada.<\/p>\n\n\n\n<p>Las\u00a0redes sociales\u00a0son un libro de confesiones abierto a las personas, por lo que muchas vivencias de los usuarios son volcadas en plataformas como Twitter y llegan a hacerse viral por el ins\u00f3lito momento que les toca vivir, como el joven que cont\u00f3 en las redes el regalo \u00absecreto\u00bb que su madre le envi\u00f3 por Navidad, o tambi\u00e9n por las respuestas que otros usuarios depositan.<\/p>\n\n\n\n<p>Tal fue lo que le sucedi\u00f3 a la usuaria de la red social del pajarito @Gigitarducci1 cuando encar\u00f3 a un hombre y no recibi\u00f3 la respuesta que esperaba, ya que el hombre se puso firme y rechaz\u00f3 a \u00abGitt\u00bb por tener novia.<\/p>\n\n\n\n<h2 class=\"wp-block-heading\">La situaci\u00f3n viral<\/h2>\n\n\n\n<p>\u00abAyer me encar\u00e9 a un hombre y me dijo: sos muy hermosa, pero tengo novia y la amo. Le dije: gracias por cuidarla\u00bb, escribi\u00f3 la joven en la red social. Luego relata que acto seguido se abrazaron y el muchacho le respondi\u00f3 \u00abgracias a vos por entender y no insistir\u00bb.<\/p>\n\n\n\n<blockquote class=\"twitter-tweet\"><p lang=\"es\" dir=\"ltr\">Ayer me encare a un hombre y me dijo: sos muy hermosa, pero tengo novia y la amo. Le dije: gracias por cuidarla.<br>Nos abrazamos y me dijo: gracias a vos por entender y no insistir.<br>Donde mierda consigo uno as\u00ed para mi? Todos hijos de put4s me tocan.<\/p>&mdash; Gitt (@Gigitarducci1) <a href=\"https:\/\/twitter.com\/Gigitarducci1\/status\/1606640600996102144?ref_src=twsrc%5Etfw\">December 24, 2022<\/a><\/blockquote> <script async src=\"https:\/\/platform.twitter.com\/widgets.js\" charset=\"utf-8\"><\/script>\n\n\n\n<p>Despu\u00e9s la joven reflexion\u00f3 al respecto: <strong>\u00abD\u00f3nde mier&#8230; consigo uno as\u00ed para mi? Todos hijos de put&#8230; me tocan\u00bb<\/strong>, lo que despert\u00f3 la respuesta inmediata de usuarios que se hicieron eco de la situaci\u00f3n que le toc\u00f3 vivir.<\/p>\n\n\n\n<p>El tweet se viraliz\u00f3 r\u00e1pidamente en la red social, alcanzando los 27 mil \u00abMe gusta\u00bb y cientos de comentarios.<\/p>\n\n\n\n<h2 class=\"wp-block-heading\">La reacci\u00f3n de los usuarios de Twitter<\/h2>\n\n\n\n<p>Ante la situaci\u00f3n que reflej\u00f3 la joven en Twitter, cientos de usuarios comenzaron a responderle por su queja sobre los hombres, como la cibernauta que le escribi\u00f3 \u00abPerd\u00f3n, no tocan, los eleg\u00eds\u00bb, haciendo alusi\u00f3n a la decisi\u00f3n de la mujer al momento elegir con qui\u00e9n salir.<\/p>\n\n\n\n<p>Otra usuaria, haci\u00e9ndose eco de las acusaciones sobre la supuesta falta de veracidad de la situaci\u00f3n, expres\u00f3: \u00absea falso o no dejen d festejar cada acci\u00f3n de un var\u00f3n que tendr\u00eda que ser COM\u00daN\u00bb.<\/p>\n\n\n\n<p>Mientras tanto, otras personas aprovecharon para preguntarse d\u00f3nde encontraban hombres que act\u00faen de la misma manera, y otras indicaron que el abrazo era \u00abinnecesario\u00bb. <\/p>\n","protected":false},"excerpt":{"rendered":"<p>Una usuaria de Twitter comparti\u00f3 con sus seguidores la reacci\u00f3n que recibi\u00f3 por parte de un&nbsp;hombre&nbsp;cuando fue a encararlo y este la rechaz\u00f3 con una respuesta que la dej\u00f3 descolocada. Las\u00a0redes sociales\u00a0son un libro de confesiones abierto a las personas, por lo que muchas vivencias de los usuarios son volcadas en plataformas como Twitter y<a class=\"read-more\" href=\"https:\/\/elfederalmendoza.com.ar\/index.php\/2022\/12\/30\/encaro-a-un-hombre-y-la-respuesta-la-descoloco-lo-conto-en-redes-sociales-y-se-hizo-viral-en-todo-el-pais\/\"> [&hellip;]<\/a><\/p>\n","protected":false},"author":2,"featured_media":19627,"comment_status":"open","ping_status":"open","sticky":false,"template":"","format":"standard","meta":{"footnotes":""},"categories":[5618],"tags":[],"class_list":["post-19626","post","type-post","status-publish","format-standard","has-post-thumbnail","hentry","category-arg"],"rttpg_featured_image_url":{"full":["https:\/\/elfederalmendoza.com.ar\/wp-content\/uploads\/2022\/12\/encare.jpg",992,665,false],"landscape":["https:\/\/elfederalmendoza.com.ar\/wp-content\/uploads\/2022\/12\/encare.jpg",992,665,false],"portraits":["https:\/\/elfederalmendoza.com.ar\/wp-content\/uploads\/2022\/12\/encare.jpg",992,665,false],"thumbnail":["https:\/\/elfederalmendoza.com.ar\/wp-content\/uploads\/2022\/12\/encare-150x150.jpg",150,150,true],"medium":["https:\/\/elfederalmendoza.com.ar\/wp-content\/uploads\/2022\/12\/encare-300x201.jpg",300,201,true],"large":["https:\/\/elfederalmendoza.com.ar\/wp-content\/uploads\/2022\/12\/encare.jpg",640,429,false],"1536x1536":["https:\/\/elfederalmendoza.com.ar\/wp-content\/uploads\/2022\/12\/encare.jpg",992,665,false],"2048x2048":["https:\/\/elfederalmendoza.com.ar\/wp-content\/uploads\/2022\/12\/encare.jpg",992,665,false],"ultp_layout_landscape_large":["https:\/\/elfederalmendoza.com.ar\/wp-content\/uploads\/2022\/12\/encare.jpg",992,665,false],"ultp_layout_landscape":["https:\/\/elfederalmendoza.com.ar\/wp-content\/uploads\/2022\/12\/encare-870x570.jpg",870,570,true],"ultp_layout_portrait":["https:\/\/elfederalmendoza.com.ar\/wp-content\/uploads\/2022\/12\/encare-600x665.jpg",600,665,true],"ultp_layout_square":["https:\/\/elfederalmendoza.com.ar\/wp-content\/uploads\/2022\/12\/encare-600x600.jpg",600,600,true],"rpwe-thumbnail":["https:\/\/elfederalmendoza.com.ar\/wp-content\/uploads\/2022\/12\/encare-45x45.jpg",45,45,true],"advps-thumb-one":["https:\/\/elfederalmendoza.com.ar\/wp-content\/uploads\/2022\/12\/encare-992x420.jpg",992,420,true]},"rttpg_author":{"display_name":"Redacci\u00f3n El Federal","author_link":"https:\/\/elfederalmendoza.com.ar\/index.php\/author\/angelflores\/"},"rttpg_comment":0,"rttpg_category":"<a href=\"https:\/\/elfederalmendoza.com.ar\/index.php\/category\/arg\/\" rel=\"category tag\">Argentina<\/a>","rttpg_excerpt":"Una usuaria de Twitter comparti\u00f3 con sus seguidores la reacci\u00f3n que recibi\u00f3 por parte de un&nbsp;hombre&nbsp;cuando fue a encararlo y este la rechaz\u00f3 con una respuesta que la dej\u00f3 descolocada. Las\u00a0redes sociales\u00a0son un libro de confesiones abierto a las personas, por lo que muchas vivencias de los usuarios son volcadas en plataformas como Twitter y&hellip;","_links":{"self":[{"href":"https:\/\/elfederalmendoza.com.ar\/index.php\/wp-json\/wp\/v2\/posts\/19626","targetHints":{"allow":["GET"]}}],"collection":[{"href":"https:\/\/elfederalmendoza.com.ar\/index.php\/wp-json\/wp\/v2\/posts"}],"about":[{"href":"https:\/\/elfederalmendoza.com.ar\/index.php\/wp-json\/wp\/v2\/types\/post"}],"author":[{"embeddable":true,"href":"https:\/\/elfederalmendoza.com.ar\/index.php\/wp-json\/wp\/v2\/users\/2"}],"replies":[{"embeddable":true,"href":"https:\/\/elfederalmendoza.com.ar\/index.php\/wp-json\/wp\/v2\/comments?post=19626"}],"version-history":[{"count":1,"href":"https:\/\/elfederalmendoza.com.ar\/index.php\/wp-json\/wp\/v2\/posts\/19626\/revisions"}],"predecessor-version":[{"id":19628,"href":"https:\/\/elfederalmendoza.com.ar\/index.php\/wp-json\/wp\/v2\/posts\/19626\/revisions\/19628"}],"wp:featuredmedia":[{"embeddable":true,"href":"https:\/\/elfederalmendoza.com.ar\/index.php\/wp-json\/wp\/v2\/media\/19627"}],"wp:attachment":[{"href":"https:\/\/elfederalmendoza.com.ar\/index.php\/wp-json\/wp\/v2\/media?parent=19626"}],"wp:term":[{"taxonomy":"category","embeddable":true,"href":"https:\/\/elfederalmendoza.com.ar\/index.php\/wp-json\/wp\/v2\/categories?post=19626"},{"taxonomy":"post_tag","embeddable":true,"href":"https:\/\/elfederalmendoza.com.ar\/index.php\/wp-json\/wp\/v2\/tags?post=19626"}],"curies":[{"name":"wp","href":"https:\/\/api.w.org\/{rel}","templated":true}]}}