{"id":19665,"date":"2023-01-01T15:29:44","date_gmt":"2023-01-01T18:29:44","guid":{"rendered":"https:\/\/elfederalmendoza.com\/?p=19665"},"modified":"2023-01-01T15:29:44","modified_gmt":"2023-01-01T18:29:44","slug":"el-nino-que-jugo-a-la-pelota-y-que-luego-desaparecio-en-un-cementerio-de-mendoza-paso-a-ser-un-fenomeno-paranormal-me-dicen-chuqui","status":"publish","type":"post","link":"https:\/\/elfederalmendoza.com.ar\/index.php\/2023\/01\/01\/el-nino-que-jugo-a-la-pelota-y-que-luego-desaparecio-en-un-cementerio-de-mendoza-paso-a-ser-un-fenomeno-paranormal-me-dicen-chuqui\/","title":{"rendered":"El ni\u00f1o que jug\u00f3 a la pelota y que luego desapareci\u00f3 en un cementerio de Mendoza pas\u00f3 a ser un fen\u00f3meno paranormal: \u00abMe dicen Chuqui\u00bb"},"content":{"rendered":"\n<p>Desde hace una semana se est\u00e1 investigando un caso ins\u00f3lito en San Carlos.\u00a0M\u00e1s que ins\u00f3lito, lo apuntan como algo \u00abparanormal\u00bb y es sobre la aparici\u00f3n de un chico el cual se present\u00f3 como \u00abChuqui\u00bb\u00a0ante otros ni\u00f1os. Estos estaban jugando a la pelota cerca del cementerio cuando lleg\u00f3 el visitante y se \u00abprendi\u00f3\u00bb al picadito.\u00a0El \u00abChuqui\u00bb, fue a buscar una pelota al sitio de las sepulturas, pero no regres\u00f3 y desapareci\u00f3. <strong>Qu\u00e9 dicen los vecinos, los polic\u00edas y la falta de una denuncia.<\/strong><\/p>\n\n\n\n<p><strong>El caso se conoci\u00f3 el viernes 23 de diciembre cuando un grupo de ni\u00f1os, de entre 10 y 14 a\u00f1os<\/strong>, se encontraban jugando a la pelota cerca del cementerio\u00a0<strong>de calle Cobos, ubicado en la villa cabecera de San Carlos.<\/strong><a href=\"https:\/\/www.sitioandino.com.ar\/policiales\/balearon-una-menor-una-discusion-guaymallen-n5643754\"><\/a><\/p>\n\n\n\n<p><strong>Era la noche, pasadas las 22, cuando apareci\u00f3 un chico, de unos 15 a\u00f1os, aproximadamente<\/strong>. Les pidi\u00f3 al grupo poder jugar y se present\u00f3 ante la consulta de los dem\u00e1s por su nombre.&nbsp;<strong>\u00abMe dicen Chuqui\u00bb, dijo y se sum\u00f3 al partido.<\/strong><\/p>\n\n\n\n<p><strong>\u00abEl relato de todos los ni\u00f1os es coincidente, todos cuentan m\u00e1s o menos lo mismo\u00bb, se\u00f1alaron fuentes policiales acerca del hecho, el cual lo apuntan m\u00e1s a una situaci\u00f3n \u00abparanormal\u00bb<\/strong>. Y adem\u00e1s lo describieron como un muchacho \u00abmorocho, de tez morena y de cara fea\u00bb.<\/p>\n\n\n\n<p>Estuvieron jugando por bastante tiempo y&nbsp;<strong>el \u00abChuqui\u00bb no interactu\u00f3 mucho con los dem\u00e1s<\/strong>.&nbsp;<strong>\u00abNo estuvo jugando mucho porque estuvo como defensor y como arquero\u00bb<\/strong>, se\u00f1alaron en base al relato de los ni\u00f1os que estuvieron presentes.<\/p>\n\n\n\n<p>Despu\u00e9s la pelota se fue hacia el interior del cementerio y el invitado se ofreci\u00f3 para buscarla. \u00abSe trep\u00f3 a una pared de 2.30 metros de altura y salt\u00f3 hacia adentro.\u00a0<strong>Despu\u00e9s se escuch\u00f3 un grito y no sali\u00f3 m\u00e1s\u00bb, indicaron.<\/strong><\/p>\n\n\n\n<figure class=\"wp-block-image size-full is-resized\"><img loading=\"lazy\" decoding=\"async\" src=\"https:\/\/elfederalmendoza.com\/wp-content\/uploads\/2022\/12\/cementerio-san-carlos.jpg\" alt=\"\" class=\"wp-image-19615\" width=\"965\" height=\"574\" srcset=\"https:\/\/elfederalmendoza.com.ar\/wp-content\/uploads\/2022\/12\/cementerio-san-carlos.jpg 720w, https:\/\/elfederalmendoza.com.ar\/wp-content\/uploads\/2022\/12\/cementerio-san-carlos-300x178.jpg 300w\" sizes=\"auto, (max-width: 965px) 100vw, 965px\" \/><figcaption class=\"wp-element-caption\">Ingreso al cementerio de San Carlos en Mendoza<\/figcaption><\/figure>\n\n\n\n<p>Los chicos avisaron a sus padres de la situaci\u00f3n y realizaron la denuncia a trav\u00e9s del 911 y luego en la sede judicial.&nbsp;<strong>\u00abSe realizaron las actuaciones y los rastrillajes correspondientes pero no se encontr\u00f3 nada. Tampoco hasta el d\u00eda de hoy (por este viernes) no hay ninguna denuncia por averiguaci\u00f3n de paradero\u00bb<\/strong>, detallaron.<\/p>\n\n\n\n<p><strong>Es por esa raz\u00f3n que apuntan a que lo que sucedi\u00f3 sea un hecho \u00abparanormal\u00bb<\/strong>. Y siguieron: \u00abLos comentarios de los habitantes de la zona dicen que&nbsp;<strong>no es la primera vez que sucede un hecho de similares caracter\u00edsticas o espectros\u00bb<\/strong>.<\/p>\n\n\n\n<p>Y tambi\u00e9n dijeron&nbsp;<strong>que en estas fechas, cercanas a Navidad, es cuando m\u00e1s suceden este tipo de \u00abfen\u00f3menos\u00bb que no tienen ning\u00fan tipo de explicaci\u00f3n<\/strong>.<\/p>\n\n\n\n<p>Hasta el d\u00eda de hoy no hay explicaciones ni certezas acerca de la aparici\u00f3n de este chico que jug\u00f3 a la pelota y que desapareci\u00f3 cuando se trep\u00f3 por una pared y entr\u00f3 al cementerio.<\/p>\n","protected":false},"excerpt":{"rendered":"<p>Desde hace una semana se est\u00e1 investigando un caso ins\u00f3lito en San Carlos.\u00a0M\u00e1s que ins\u00f3lito, lo apuntan como algo \u00abparanormal\u00bb y es sobre la aparici\u00f3n de un chico el cual se present\u00f3 como \u00abChuqui\u00bb\u00a0ante otros ni\u00f1os. Estos estaban jugando a la pelota cerca del cementerio cuando lleg\u00f3 el visitante y se \u00abprendi\u00f3\u00bb al picadito.\u00a0El \u00abChuqui\u00bb,<a class=\"read-more\" href=\"https:\/\/elfederalmendoza.com.ar\/index.php\/2023\/01\/01\/el-nino-que-jugo-a-la-pelota-y-que-luego-desaparecio-en-un-cementerio-de-mendoza-paso-a-ser-un-fenomeno-paranormal-me-dicen-chuqui\/\"> [&hellip;]<\/a><\/p>\n","protected":false},"author":2,"featured_media":19666,"comment_status":"open","ping_status":"open","sticky":false,"template":"","format":"standard","meta":{"footnotes":""},"categories":[1],"tags":[],"class_list":["post-19665","post","type-post","status-publish","format-standard","has-post-thumbnail","hentry","category-mza"],"rttpg_featured_image_url":{"full":["https:\/\/elfederalmendoza.com.ar\/wp-content\/uploads\/2023\/01\/chuqui1.jpg",1022,629,false],"landscape":["https:\/\/elfederalmendoza.com.ar\/wp-content\/uploads\/2023\/01\/chuqui1.jpg",1022,629,false],"portraits":["https:\/\/elfederalmendoza.com.ar\/wp-content\/uploads\/2023\/01\/chuqui1.jpg",1022,629,false],"thumbnail":["https:\/\/elfederalmendoza.com.ar\/wp-content\/uploads\/2023\/01\/chuqui1-150x150.jpg",150,150,true],"medium":["https:\/\/elfederalmendoza.com.ar\/wp-content\/uploads\/2023\/01\/chuqui1-300x185.jpg",300,185,true],"large":["https:\/\/elfederalmendoza.com.ar\/wp-content\/uploads\/2023\/01\/chuqui1.jpg",640,394,false],"1536x1536":["https:\/\/elfederalmendoza.com.ar\/wp-content\/uploads\/2023\/01\/chuqui1.jpg",1022,629,false],"2048x2048":["https:\/\/elfederalmendoza.com.ar\/wp-content\/uploads\/2023\/01\/chuqui1.jpg",1022,629,false],"ultp_layout_landscape_large":["https:\/\/elfederalmendoza.com.ar\/wp-content\/uploads\/2023\/01\/chuqui1.jpg",1022,629,false],"ultp_layout_landscape":["https:\/\/elfederalmendoza.com.ar\/wp-content\/uploads\/2023\/01\/chuqui1-870x570.jpg",870,570,true],"ultp_layout_portrait":["https:\/\/elfederalmendoza.com.ar\/wp-content\/uploads\/2023\/01\/chuqui1-600x629.jpg",600,629,true],"ultp_layout_square":["https:\/\/elfederalmendoza.com.ar\/wp-content\/uploads\/2023\/01\/chuqui1-600x600.jpg",600,600,true],"rpwe-thumbnail":["https:\/\/elfederalmendoza.com.ar\/wp-content\/uploads\/2023\/01\/chuqui1-45x45.jpg",45,45,true],"advps-thumb-one":["https:\/\/elfederalmendoza.com.ar\/wp-content\/uploads\/2023\/01\/chuqui1-1022x420.jpg",1022,420,true]},"rttpg_author":{"display_name":"Redacci\u00f3n El Federal","author_link":"https:\/\/elfederalmendoza.com.ar\/index.php\/author\/angelflores\/"},"rttpg_comment":0,"rttpg_category":"<a href=\"https:\/\/elfederalmendoza.com.ar\/index.php\/category\/mza\/\" rel=\"category tag\">Mendoza<\/a>","rttpg_excerpt":"Desde hace una semana se est\u00e1 investigando un caso ins\u00f3lito en San Carlos.\u00a0M\u00e1s que ins\u00f3lito, lo apuntan como algo \u00abparanormal\u00bb y es sobre la aparici\u00f3n de un chico el cual se present\u00f3 como \u00abChuqui\u00bb\u00a0ante otros ni\u00f1os. Estos estaban jugando a la pelota cerca del cementerio cuando lleg\u00f3 el visitante y se \u00abprendi\u00f3\u00bb al picadito.\u00a0El \u00abChuqui\u00bb,&hellip;","_links":{"self":[{"href":"https:\/\/elfederalmendoza.com.ar\/index.php\/wp-json\/wp\/v2\/posts\/19665","targetHints":{"allow":["GET"]}}],"collection":[{"href":"https:\/\/elfederalmendoza.com.ar\/index.php\/wp-json\/wp\/v2\/posts"}],"about":[{"href":"https:\/\/elfederalmendoza.com.ar\/index.php\/wp-json\/wp\/v2\/types\/post"}],"author":[{"embeddable":true,"href":"https:\/\/elfederalmendoza.com.ar\/index.php\/wp-json\/wp\/v2\/users\/2"}],"replies":[{"embeddable":true,"href":"https:\/\/elfederalmendoza.com.ar\/index.php\/wp-json\/wp\/v2\/comments?post=19665"}],"version-history":[{"count":1,"href":"https:\/\/elfederalmendoza.com.ar\/index.php\/wp-json\/wp\/v2\/posts\/19665\/revisions"}],"predecessor-version":[{"id":19668,"href":"https:\/\/elfederalmendoza.com.ar\/index.php\/wp-json\/wp\/v2\/posts\/19665\/revisions\/19668"}],"wp:featuredmedia":[{"embeddable":true,"href":"https:\/\/elfederalmendoza.com.ar\/index.php\/wp-json\/wp\/v2\/media\/19666"}],"wp:attachment":[{"href":"https:\/\/elfederalmendoza.com.ar\/index.php\/wp-json\/wp\/v2\/media?parent=19665"}],"wp:term":[{"taxonomy":"category","embeddable":true,"href":"https:\/\/elfederalmendoza.com.ar\/index.php\/wp-json\/wp\/v2\/categories?post=19665"},{"taxonomy":"post_tag","embeddable":true,"href":"https:\/\/elfederalmendoza.com.ar\/index.php\/wp-json\/wp\/v2\/tags?post=19665"}],"curies":[{"name":"wp","href":"https:\/\/api.w.org\/{rel}","templated":true}]}}