{"id":20039,"date":"2023-01-26T14:35:22","date_gmt":"2023-01-26T17:35:22","guid":{"rendered":"https:\/\/elfederalmendoza.com\/?p=20039"},"modified":"2023-01-26T14:35:23","modified_gmt":"2023-01-26T17:35:23","slug":"video-se-multiplican-los-robos-en-chile-ven-a-un-vehiculo-con-patente-de-argentina-y-te-roban","status":"publish","type":"post","link":"https:\/\/elfederalmendoza.com.ar\/index.php\/2023\/01\/26\/video-se-multiplican-los-robos-en-chile-ven-a-un-vehiculo-con-patente-de-argentina-y-te-roban\/","title":{"rendered":"-VIDEO- Se multiplican los robos en Chile: \u00abVen a un veh\u00edculo con patente de Argentina y te roban\u00bb"},"content":{"rendered":"\n<p>Cientos de mendocinos han viajado este verano a\u00a0<strong>Chile<\/strong>\u00a0para disfrutar de las vacaciones. Sin embargo, a las quejas de siempre\u00a0por largas filas en la ruta y las demoras en la Aduana, se sum\u00f3 una problem\u00e1tica que desde hace tiempo preocupa.\u00a0 La inseguridad de la que son v\u00edctimas los\u00a0<strong>turistas argentinos.<\/strong><\/p>\n\n\n\n<p>Otro mendocino que estuvo en Chile, fue saqueado en una estaci\u00f3n de servicio cerca de Re\u00f1aca: \u00abVen a un veh\u00edculo con patente de Argentina y te roban\u00bb, dijo a nuestro medio. Agregando que <strong>\u00abte arruinan todo, y es poco lo que se puede hacer\u00bb.<\/strong><\/p>\n\n\n\n<figure class=\"wp-block-embed is-type-video is-provider-youtube wp-block-embed-youtube wp-embed-aspect-16-9 wp-has-aspect-ratio\"><div class=\"wp-block-embed__wrapper\">\n<iframe loading=\"lazy\" title=\"Robo auto en Chile\" width=\"640\" height=\"360\" src=\"https:\/\/www.youtube.com\/embed\/HqxVibeMg8I?start=51&#038;feature=oembed\" frameborder=\"0\" allow=\"accelerometer; autoplay; clipboard-write; encrypted-media; gyroscope; picture-in-picture; web-share\" referrerpolicy=\"strict-origin-when-cross-origin\" allowfullscreen><\/iframe>\n<\/div><figcaption class=\"wp-element-caption\">Video gentileza Mendoza Post<\/figcaption><\/figure>\n\n\n\n<p>Esta vez le toc\u00f3 a un periodista mendocino,\u00a0<strong>Pablo Philippens<\/strong>, que mostr\u00f3 las im\u00e1genes de como qued\u00f3 su auto luego de un robo en las calles de\u00a0<strong>Vi\u00f1a del Mar<\/strong>: \u00abEstoy de vacaciones con mi familia, ya muchos amigos me hab\u00edan contado sobre hechos de inseguridad y anoche nos toc\u00f3 a nosotros. El auto estaba en la puerta del hotel y un tipo rompi\u00f3 el vidrio de atr\u00e1s y nos rob\u00f3 unas zapatillas. Lo peor es el parabrisas roto que ahora tenemos que cambiarlo ac\u00e1. En las c\u00e1maras de seguridad se ve al tipo a las 1:40 de la ma\u00f1ana, rompe el vidrio y se va muy tranquilo, sin correr. Por lo que me cuentan amigos, en\u00a0<strong>La Serena\u00a0<\/strong>y en\u00a0<strong>Re\u00f1aca<\/strong>\u00a0tambi\u00e9n se vive la misma situaci\u00f3n\u00bb.<\/p>\n\n\n\n<figure class=\"wp-block-image size-full is-resized\"><img loading=\"lazy\" decoding=\"async\" src=\"https:\/\/elfederalmendoza.com\/wp-content\/uploads\/2023\/01\/robo-chile.jpg\" alt=\"\" class=\"wp-image-20040\" width=\"961\" height=\"936\" srcset=\"https:\/\/elfederalmendoza.com.ar\/wp-content\/uploads\/2023\/01\/robo-chile.jpg 529w, https:\/\/elfederalmendoza.com.ar\/wp-content\/uploads\/2023\/01\/robo-chile-300x292.jpg 300w, https:\/\/elfederalmendoza.com.ar\/wp-content\/uploads\/2023\/01\/robo-chile-45x45.jpg 45w\" sizes=\"auto, (max-width: 961px) 100vw, 961px\" \/><figcaption class=\"wp-element-caption\">Captura cuenta en Twitter del periodista<\/figcaption><\/figure>\n\n\n\n<p><\/p>\n","protected":false},"excerpt":{"rendered":"<p>Cientos de mendocinos han viajado este verano a\u00a0Chile\u00a0para disfrutar de las vacaciones. Sin embargo, a las quejas de siempre\u00a0por largas filas en la ruta y las demoras en la Aduana, se sum\u00f3 una problem\u00e1tica que desde hace tiempo preocupa.\u00a0 La inseguridad de la que son v\u00edctimas los\u00a0turistas argentinos. Otro mendocino que estuvo en Chile, fue<a class=\"read-more\" href=\"https:\/\/elfederalmendoza.com.ar\/index.php\/2023\/01\/26\/video-se-multiplican-los-robos-en-chile-ven-a-un-vehiculo-con-patente-de-argentina-y-te-roban\/\"> [&hellip;]<\/a><\/p>\n","protected":false},"author":2,"featured_media":20041,"comment_status":"open","ping_status":"open","sticky":false,"template":"","format":"standard","meta":{"footnotes":""},"categories":[1],"tags":[],"class_list":["post-20039","post","type-post","status-publish","format-standard","has-post-thumbnail","hentry","category-mza"],"rttpg_featured_image_url":{"full":["https:\/\/elfederalmendoza.com.ar\/wp-content\/uploads\/2023\/01\/robo-chile1.jpg",901,615,false],"landscape":["https:\/\/elfederalmendoza.com.ar\/wp-content\/uploads\/2023\/01\/robo-chile1.jpg",901,615,false],"portraits":["https:\/\/elfederalmendoza.com.ar\/wp-content\/uploads\/2023\/01\/robo-chile1.jpg",901,615,false],"thumbnail":["https:\/\/elfederalmendoza.com.ar\/wp-content\/uploads\/2023\/01\/robo-chile1-150x150.jpg",150,150,true],"medium":["https:\/\/elfederalmendoza.com.ar\/wp-content\/uploads\/2023\/01\/robo-chile1-300x205.jpg",300,205,true],"large":["https:\/\/elfederalmendoza.com.ar\/wp-content\/uploads\/2023\/01\/robo-chile1.jpg",640,437,false],"1536x1536":["https:\/\/elfederalmendoza.com.ar\/wp-content\/uploads\/2023\/01\/robo-chile1.jpg",901,615,false],"2048x2048":["https:\/\/elfederalmendoza.com.ar\/wp-content\/uploads\/2023\/01\/robo-chile1.jpg",901,615,false],"ultp_layout_landscape_large":["https:\/\/elfederalmendoza.com.ar\/wp-content\/uploads\/2023\/01\/robo-chile1.jpg",901,615,false],"ultp_layout_landscape":["https:\/\/elfederalmendoza.com.ar\/wp-content\/uploads\/2023\/01\/robo-chile1-870x570.jpg",870,570,true],"ultp_layout_portrait":["https:\/\/elfederalmendoza.com.ar\/wp-content\/uploads\/2023\/01\/robo-chile1-600x615.jpg",600,615,true],"ultp_layout_square":["https:\/\/elfederalmendoza.com.ar\/wp-content\/uploads\/2023\/01\/robo-chile1-600x600.jpg",600,600,true],"rpwe-thumbnail":["https:\/\/elfederalmendoza.com.ar\/wp-content\/uploads\/2023\/01\/robo-chile1-45x45.jpg",45,45,true],"advps-thumb-one":["https:\/\/elfederalmendoza.com.ar\/wp-content\/uploads\/2023\/01\/robo-chile1-901x420.jpg",901,420,true]},"rttpg_author":{"display_name":"Redacci\u00f3n El Federal","author_link":"https:\/\/elfederalmendoza.com.ar\/index.php\/author\/angelflores\/"},"rttpg_comment":0,"rttpg_category":"<a href=\"https:\/\/elfederalmendoza.com.ar\/index.php\/category\/mza\/\" rel=\"category tag\">Mendoza<\/a>","rttpg_excerpt":"Cientos de mendocinos han viajado este verano a\u00a0Chile\u00a0para disfrutar de las vacaciones. Sin embargo, a las quejas de siempre\u00a0por largas filas en la ruta y las demoras en la Aduana, se sum\u00f3 una problem\u00e1tica que desde hace tiempo preocupa.\u00a0 La inseguridad de la que son v\u00edctimas los\u00a0turistas argentinos. Otro mendocino que estuvo en Chile, fue&hellip;","_links":{"self":[{"href":"https:\/\/elfederalmendoza.com.ar\/index.php\/wp-json\/wp\/v2\/posts\/20039","targetHints":{"allow":["GET"]}}],"collection":[{"href":"https:\/\/elfederalmendoza.com.ar\/index.php\/wp-json\/wp\/v2\/posts"}],"about":[{"href":"https:\/\/elfederalmendoza.com.ar\/index.php\/wp-json\/wp\/v2\/types\/post"}],"author":[{"embeddable":true,"href":"https:\/\/elfederalmendoza.com.ar\/index.php\/wp-json\/wp\/v2\/users\/2"}],"replies":[{"embeddable":true,"href":"https:\/\/elfederalmendoza.com.ar\/index.php\/wp-json\/wp\/v2\/comments?post=20039"}],"version-history":[{"count":1,"href":"https:\/\/elfederalmendoza.com.ar\/index.php\/wp-json\/wp\/v2\/posts\/20039\/revisions"}],"predecessor-version":[{"id":20042,"href":"https:\/\/elfederalmendoza.com.ar\/index.php\/wp-json\/wp\/v2\/posts\/20039\/revisions\/20042"}],"wp:featuredmedia":[{"embeddable":true,"href":"https:\/\/elfederalmendoza.com.ar\/index.php\/wp-json\/wp\/v2\/media\/20041"}],"wp:attachment":[{"href":"https:\/\/elfederalmendoza.com.ar\/index.php\/wp-json\/wp\/v2\/media?parent=20039"}],"wp:term":[{"taxonomy":"category","embeddable":true,"href":"https:\/\/elfederalmendoza.com.ar\/index.php\/wp-json\/wp\/v2\/categories?post=20039"},{"taxonomy":"post_tag","embeddable":true,"href":"https:\/\/elfederalmendoza.com.ar\/index.php\/wp-json\/wp\/v2\/tags?post=20039"}],"curies":[{"name":"wp","href":"https:\/\/api.w.org\/{rel}","templated":true}]}}