{"id":20096,"date":"2023-02-02T10:32:29","date_gmt":"2023-02-02T13:32:29","guid":{"rendered":"https:\/\/elfederalmendoza.com\/?p=20096"},"modified":"2023-02-02T10:32:30","modified_gmt":"2023-02-02T13:32:30","slug":"la-extrana-desaparicion-de-un-joven-en-el-barrio-unimev-desde-enero-y-el-siniestro-encuentro-de-huesos-humanos-en-un-contenedor-de-basura","status":"publish","type":"post","link":"https:\/\/elfederalmendoza.com.ar\/index.php\/2023\/02\/02\/la-extrana-desaparicion-de-un-joven-en-el-barrio-unimev-desde-enero-y-el-siniestro-encuentro-de-huesos-humanos-en-un-contenedor-de-basura\/","title":{"rendered":"La extra\u00f1a desaparici\u00f3n de un joven en el barrio Unimev desde enero y el siniestro encuentro de huesos humanos en un contenedor de basura"},"content":{"rendered":"\n<p><strong>Dar\u00edo Sebasti\u00e1n Codina Bandes<\/strong>\u00a0es un joven que est\u00e1\u00a0<strong>desaparecido<\/strong>\u00a0desde mediados de\u00a0<strong>enero en Guaymall\u00e9n<\/strong>. Sus familiares realizaron la\u00a0<strong>denuncia por paradero<\/strong>\u00a0y este mi\u00e9rcoles tuvieron el\u00a0<strong>coraz\u00f3n en la boca<\/strong>\u00a0debido a los\u00a0<strong>huesos humanos que encontraron dos cartoneros en el barrio Unimev.<\/strong><\/p>\n\n\n\n<p>Los cartoneros encontraron una bolsa con un<strong>\u00a0cr\u00e1neo y un f\u00e9mur, pero tambi\u00e9n otras 80 piezas \u00f3seas en el contenedor<\/strong>. Entre todas las diligencias llevadas adelante, como el trabajo de\u00a0<strong>Polic\u00eda Cient\u00edfica<\/strong>\u00a0y actuaciones judiciales, la fiscal\u00eda que hab\u00eda tomado el hallazgo busc\u00f3 en el sistema de denuncias las\u00a0<strong>personas desaparecidas<\/strong>. Ah\u00ed saltaron dos paraderos, de dos hombres y uno de ellos era el de\u00a0<strong>Sebasti\u00e1n Bandes<\/strong>\u00a0que tambi\u00e9n viv\u00eda en el<strong>\u00a0barrio Unimev<\/strong>.<\/p>\n\n\n\n<p>Es por ello que su familia estaba ansiosa por conocer m\u00e1s detalles sobre los huesos encontrados en ese barrio.&nbsp;<\/p>\n\n\n\n<figure class=\"wp-block-image is-resized\"><img loading=\"lazy\" decoding=\"async\" src=\"https:\/\/www.mendozapost.com\/files\/image\/454\/454513\/63da5a8727470_570_408!.jpg?s=f6905c852f2694fc1a6d0fc11ed6845d&amp;d=1675337905\" alt=\"\" width=\"965\" height=\"691\"\/><figcaption class=\"wp-element-caption\">El veh\u00edculo de Polic\u00eda Cient\u00edfica que trabaj\u00f3 en el barrio Unimev.<\/figcaption><\/figure>\n\n\n\n<p>Pero la noticia les lleg\u00f3 a los familiares del joven desde la Polic\u00eda. Se comunicaron con ellos para informarles que los restos \u00f3seos encontrados <strong>tienen una antig\u00fcedad aproximada de un a\u00f1o<\/strong>, por cual descartaban que se tratara de Sebasti\u00e1n Bandes.<\/p>\n\n\n\n<p>Se pudo saber que la polic\u00eda investiga los lugares donde el joven pudo estar,<strong> pidiendo im\u00e1genes de las c\u00e1maras de seguridad de los negocios y domicilios en el barrio Unimev.<\/strong><\/p>\n\n\n\n<p>De todos modos, el joven no aparece y la desesperaci\u00f3n de sus seres queridos crece. La \u00faltima actividad en su cuenta de Facebook es del 11 de enero \u00faltimo cuando cambi\u00f3 su foto de perfil.<\/p>\n\n\n\n<p><\/p>\n","protected":false},"excerpt":{"rendered":"<p>Dar\u00edo Sebasti\u00e1n Codina Bandes\u00a0es un joven que est\u00e1\u00a0desaparecido\u00a0desde mediados de\u00a0enero en Guaymall\u00e9n. Sus familiares realizaron la\u00a0denuncia por paradero\u00a0y este mi\u00e9rcoles tuvieron el\u00a0coraz\u00f3n en la boca\u00a0debido a los\u00a0huesos humanos que encontraron dos cartoneros en el barrio Unimev. Los cartoneros encontraron una bolsa con un\u00a0cr\u00e1neo y un f\u00e9mur, pero tambi\u00e9n otras 80 piezas \u00f3seas en el contenedor.<a class=\"read-more\" href=\"https:\/\/elfederalmendoza.com.ar\/index.php\/2023\/02\/02\/la-extrana-desaparicion-de-un-joven-en-el-barrio-unimev-desde-enero-y-el-siniestro-encuentro-de-huesos-humanos-en-un-contenedor-de-basura\/\"> [&hellip;]<\/a><\/p>\n","protected":false},"author":2,"featured_media":20097,"comment_status":"open","ping_status":"open","sticky":false,"template":"","format":"standard","meta":{"footnotes":""},"categories":[1],"tags":[],"class_list":["post-20096","post","type-post","status-publish","format-standard","has-post-thumbnail","hentry","category-mza"],"rttpg_featured_image_url":{"full":["https:\/\/elfederalmendoza.com.ar\/wp-content\/uploads\/2023\/02\/bandes1.jpg",919,674,false],"landscape":["https:\/\/elfederalmendoza.com.ar\/wp-content\/uploads\/2023\/02\/bandes1.jpg",919,674,false],"portraits":["https:\/\/elfederalmendoza.com.ar\/wp-content\/uploads\/2023\/02\/bandes1.jpg",919,674,false],"thumbnail":["https:\/\/elfederalmendoza.com.ar\/wp-content\/uploads\/2023\/02\/bandes1-150x150.jpg",150,150,true],"medium":["https:\/\/elfederalmendoza.com.ar\/wp-content\/uploads\/2023\/02\/bandes1-300x220.jpg",300,220,true],"large":["https:\/\/elfederalmendoza.com.ar\/wp-content\/uploads\/2023\/02\/bandes1.jpg",640,469,false],"1536x1536":["https:\/\/elfederalmendoza.com.ar\/wp-content\/uploads\/2023\/02\/bandes1.jpg",919,674,false],"2048x2048":["https:\/\/elfederalmendoza.com.ar\/wp-content\/uploads\/2023\/02\/bandes1.jpg",919,674,false],"ultp_layout_landscape_large":["https:\/\/elfederalmendoza.com.ar\/wp-content\/uploads\/2023\/02\/bandes1.jpg",919,674,false],"ultp_layout_landscape":["https:\/\/elfederalmendoza.com.ar\/wp-content\/uploads\/2023\/02\/bandes1-870x570.jpg",870,570,true],"ultp_layout_portrait":["https:\/\/elfederalmendoza.com.ar\/wp-content\/uploads\/2023\/02\/bandes1-600x674.jpg",600,674,true],"ultp_layout_square":["https:\/\/elfederalmendoza.com.ar\/wp-content\/uploads\/2023\/02\/bandes1-600x600.jpg",600,600,true],"rpwe-thumbnail":["https:\/\/elfederalmendoza.com.ar\/wp-content\/uploads\/2023\/02\/bandes1-45x45.jpg",45,45,true],"advps-thumb-one":["https:\/\/elfederalmendoza.com.ar\/wp-content\/uploads\/2023\/02\/bandes1-919x420.jpg",919,420,true]},"rttpg_author":{"display_name":"Redacci\u00f3n El Federal","author_link":"https:\/\/elfederalmendoza.com.ar\/index.php\/author\/angelflores\/"},"rttpg_comment":0,"rttpg_category":"<a href=\"https:\/\/elfederalmendoza.com.ar\/index.php\/category\/mza\/\" rel=\"category tag\">Mendoza<\/a>","rttpg_excerpt":"Dar\u00edo Sebasti\u00e1n Codina Bandes\u00a0es un joven que est\u00e1\u00a0desaparecido\u00a0desde mediados de\u00a0enero en Guaymall\u00e9n. Sus familiares realizaron la\u00a0denuncia por paradero\u00a0y este mi\u00e9rcoles tuvieron el\u00a0coraz\u00f3n en la boca\u00a0debido a los\u00a0huesos humanos que encontraron dos cartoneros en el barrio Unimev. Los cartoneros encontraron una bolsa con un\u00a0cr\u00e1neo y un f\u00e9mur, pero tambi\u00e9n otras 80 piezas \u00f3seas en el contenedor.&hellip;","_links":{"self":[{"href":"https:\/\/elfederalmendoza.com.ar\/index.php\/wp-json\/wp\/v2\/posts\/20096","targetHints":{"allow":["GET"]}}],"collection":[{"href":"https:\/\/elfederalmendoza.com.ar\/index.php\/wp-json\/wp\/v2\/posts"}],"about":[{"href":"https:\/\/elfederalmendoza.com.ar\/index.php\/wp-json\/wp\/v2\/types\/post"}],"author":[{"embeddable":true,"href":"https:\/\/elfederalmendoza.com.ar\/index.php\/wp-json\/wp\/v2\/users\/2"}],"replies":[{"embeddable":true,"href":"https:\/\/elfederalmendoza.com.ar\/index.php\/wp-json\/wp\/v2\/comments?post=20096"}],"version-history":[{"count":1,"href":"https:\/\/elfederalmendoza.com.ar\/index.php\/wp-json\/wp\/v2\/posts\/20096\/revisions"}],"predecessor-version":[{"id":20098,"href":"https:\/\/elfederalmendoza.com.ar\/index.php\/wp-json\/wp\/v2\/posts\/20096\/revisions\/20098"}],"wp:featuredmedia":[{"embeddable":true,"href":"https:\/\/elfederalmendoza.com.ar\/index.php\/wp-json\/wp\/v2\/media\/20097"}],"wp:attachment":[{"href":"https:\/\/elfederalmendoza.com.ar\/index.php\/wp-json\/wp\/v2\/media?parent=20096"}],"wp:term":[{"taxonomy":"category","embeddable":true,"href":"https:\/\/elfederalmendoza.com.ar\/index.php\/wp-json\/wp\/v2\/categories?post=20096"},{"taxonomy":"post_tag","embeddable":true,"href":"https:\/\/elfederalmendoza.com.ar\/index.php\/wp-json\/wp\/v2\/tags?post=20096"}],"curies":[{"name":"wp","href":"https:\/\/api.w.org\/{rel}","templated":true}]}}