{"id":20105,"date":"2023-02-02T02:51:00","date_gmt":"2023-02-02T05:51:00","guid":{"rendered":"https:\/\/elfederalmendoza.com\/?p=20105"},"modified":"2023-02-02T12:37:10","modified_gmt":"2023-02-02T15:37:10","slug":"un-padre-fue-a-comprar-ibuprofeno-para-su-hijo-de-7-anos-y-le-vendieron-viagra-se-puso-rojo-y-empezo-a-vomitar","status":"publish","type":"post","link":"https:\/\/elfederalmendoza.com.ar\/index.php\/2023\/02\/02\/un-padre-fue-a-comprar-ibuprofeno-para-su-hijo-de-7-anos-y-le-vendieron-viagra-se-puso-rojo-y-empezo-a-vomitar\/","title":{"rendered":"Un padre fue a comprar ibuprofeno para su hijo de 7 a\u00f1os y le vendieron viagra: \u201cSe puso rojo y empez\u00f3 a vomitar\u201d"},"content":{"rendered":"\n<p><strong>Un hombre fue a una farmacia de Ramos Mej\u00eda a comprar ibuprofeno para su hijo de 7 a\u00f1os y le vendieron viagra.&nbsp;El menor termin\u00f3 internado.<\/strong><br><strong><br>\u201cSe puso rojo y empez\u00f3 a vomitar\u201d,<\/strong>&nbsp;dijo Eduardo Padilla, padre del menor, que qued\u00f3 en observaci\u00f3n en un centro de salud de la zona y luego recibi\u00f3 el alta.<strong>&nbsp;\u201cAhora estamos esperando que avance la investigaci\u00f3n\u201d,&nbsp;<\/strong>agreg\u00f3 en di\u00e1logo con \u201cNosotros a la ma\u00f1ana\u201d, por eltrece.<\/p>\n\n\n\n<p>El hombre, un venezolano de 33 a\u00f1os que desde hace 5 reside en la Argentina, se present\u00f3 el lunes en el local y -seg\u00fan afirm\u00f3- pidi\u00f3 ibuprofeno en comprimidos masticables. El motivo: su hijo ten\u00eda unas l\u00edneas de fiebre.<\/p>\n\n\n\n<p>La empleada atribuy\u00f3 todo a una confusi\u00f3n: dijo que pens\u00f3 que el hombre le hab\u00eda pedido \u201cen clave\u201d un medicamento para la disfunci\u00f3n er\u00e9ctil. Muchas veces, por pudor, los clientes lo piden as\u00ed, es lo que se argumenta en el sector farmac\u00e9utico.<br><strong><br>\u201cNo me dijiste que quer\u00edas un remedio para ni\u00f1os\u201d<\/strong>, se excusaron en el local, como se advierte en el video que grab\u00f3 el propio Padilla una vez que ya le hab\u00eda suministrado dos comprimidos a su hijo, que sufri\u00f3 una descompensaci\u00f3n.<br><strong><br>\u201cPudiste haber matado a mi hijo y ni te enteras. \u00bfEntiendes la gravedad del asunto?\u201d,<\/strong>&nbsp;reproch\u00f3 Padilla a la empleada que lo atendi\u00f3. La joven insisti\u00f3 en remarcarle al cliente que \u00e9l no le hab\u00eda aclarado que quer\u00eda un remedio pedi\u00e1trico.<\/p>\n\n\n\n<p>La farmacia se neg\u00f3 a responder por qu\u00e9, m\u00e1s all\u00e1 del error que puso en riesgo la vida de un nene, vendi\u00f3 un medicamento para la disfunci\u00f3n er\u00e9ctil sin receta, algo que est\u00e1 penado por la ley.<\/p>\n\n\n\n<p>El hombre, ingeniero inform\u00e1tico de profesi\u00f3n, ingres\u00f3 una denuncia contra el comercio en la Comisar\u00eda 2\u00b0 de Ramos Mej\u00eda. Se trata de la farmacia Triunvirato, ubicada en la calle Medrano al 800 de esa localidad perteneciente al partido de La Matanza.<strong>\u201cSon estas, son iguales, con sabor a menta o a frutilla\u201d<\/strong><\/p>\n\n\n\n<p>Seg\u00fan el relato del damnificado, el nene sufri\u00f3 v\u00f3mitos, taquicardia y presi\u00f3n alta tras consumir dos dosis del medicamento.<\/p>\n\n\n\n<p>En la denuncia consta que Padilla pidi\u00f3 un \u201cibuprofeno masticable para ni\u00f1os\u201d y la empleada respondi\u00f3: \u201cSon estas, son iguales. Tienen sabor a menta o a frutilla\u201d. El cliente confi\u00f3 en la informaci\u00f3n de su empleada y compr\u00f3 dos blisters de tres pastillas por las que pag\u00f3 600 pesos.<\/p>\n\n\n\n<p>\u201cFue a su domicilio y le dio a su hijo una de estas pastillas. Y luego, a las 22.30, le dio otra. Su hijo le dijo que ten\u00eda dolor de cabeza y empez\u00f3 a vomitar\u201d, se lee en la presentaci\u00f3n.<\/p>\n\n\n\n<p>Alertados por el cuadro del chico, el padre y su esposa buscaron por Internet informaci\u00f3n sobre el f\u00e1rmaco: Viripotens-M-50 Sildenafil, sabor frutilla. All\u00ed se dieron cuenta que se trataba de un medicamento para la disfunci\u00f3n er\u00e9ctil.<\/p>\n\n\n\n<p>Padilla y su mujer acudieron de urgencia a la cl\u00ednica Trinidad, donde el nene qued\u00f3 en observaci\u00f3n hasta el martes por la tarde.<\/p>\n","protected":false},"excerpt":{"rendered":"<p>Un hombre fue a una farmacia de Ramos Mej\u00eda a comprar ibuprofeno para su hijo de 7 a\u00f1os y le vendieron viagra.&nbsp;El menor termin\u00f3 internado.\u201cSe puso rojo y empez\u00f3 a vomitar\u201d,&nbsp;dijo Eduardo Padilla, padre del menor, que qued\u00f3 en observaci\u00f3n en un centro de salud de la zona y luego recibi\u00f3 el alta.&nbsp;\u201cAhora estamos esperando<a class=\"read-more\" href=\"https:\/\/elfederalmendoza.com.ar\/index.php\/2023\/02\/02\/un-padre-fue-a-comprar-ibuprofeno-para-su-hijo-de-7-anos-y-le-vendieron-viagra-se-puso-rojo-y-empezo-a-vomitar\/\"> [&hellip;]<\/a><\/p>\n","protected":false},"author":2,"featured_media":20106,"comment_status":"open","ping_status":"open","sticky":false,"template":"","format":"standard","meta":{"footnotes":""},"categories":[5618],"tags":[],"class_list":["post-20105","post","type-post","status-publish","format-standard","has-post-thumbnail","hentry","category-arg"],"rttpg_featured_image_url":{"full":["https:\/\/elfederalmendoza.com.ar\/wp-content\/uploads\/2023\/02\/FARMACIA-VIAGRA-1-1024x580-1.jpg",1024,580,false],"landscape":["https:\/\/elfederalmendoza.com.ar\/wp-content\/uploads\/2023\/02\/FARMACIA-VIAGRA-1-1024x580-1.jpg",1024,580,false],"portraits":["https:\/\/elfederalmendoza.com.ar\/wp-content\/uploads\/2023\/02\/FARMACIA-VIAGRA-1-1024x580-1.jpg",1024,580,false],"thumbnail":["https:\/\/elfederalmendoza.com.ar\/wp-content\/uploads\/2023\/02\/FARMACIA-VIAGRA-1-1024x580-1-150x150.jpg",150,150,true],"medium":["https:\/\/elfederalmendoza.com.ar\/wp-content\/uploads\/2023\/02\/FARMACIA-VIAGRA-1-1024x580-1-300x170.jpg",300,170,true],"large":["https:\/\/elfederalmendoza.com.ar\/wp-content\/uploads\/2023\/02\/FARMACIA-VIAGRA-1-1024x580-1.jpg",640,363,false],"1536x1536":["https:\/\/elfederalmendoza.com.ar\/wp-content\/uploads\/2023\/02\/FARMACIA-VIAGRA-1-1024x580-1.jpg",1024,580,false],"2048x2048":["https:\/\/elfederalmendoza.com.ar\/wp-content\/uploads\/2023\/02\/FARMACIA-VIAGRA-1-1024x580-1.jpg",1024,580,false],"ultp_layout_landscape_large":["https:\/\/elfederalmendoza.com.ar\/wp-content\/uploads\/2023\/02\/FARMACIA-VIAGRA-1-1024x580-1.jpg",1024,580,false],"ultp_layout_landscape":["https:\/\/elfederalmendoza.com.ar\/wp-content\/uploads\/2023\/02\/FARMACIA-VIAGRA-1-1024x580-1-870x570.jpg",870,570,true],"ultp_layout_portrait":["https:\/\/elfederalmendoza.com.ar\/wp-content\/uploads\/2023\/02\/FARMACIA-VIAGRA-1-1024x580-1-600x580.jpg",600,580,true],"ultp_layout_square":["https:\/\/elfederalmendoza.com.ar\/wp-content\/uploads\/2023\/02\/FARMACIA-VIAGRA-1-1024x580-1-600x580.jpg",600,580,true],"rpwe-thumbnail":["https:\/\/elfederalmendoza.com.ar\/wp-content\/uploads\/2023\/02\/FARMACIA-VIAGRA-1-1024x580-1-45x45.jpg",45,45,true],"advps-thumb-one":["https:\/\/elfederalmendoza.com.ar\/wp-content\/uploads\/2023\/02\/FARMACIA-VIAGRA-1-1024x580-1-1024x420.jpg",1024,420,true]},"rttpg_author":{"display_name":"Redacci\u00f3n El Federal","author_link":"https:\/\/elfederalmendoza.com.ar\/index.php\/author\/angelflores\/"},"rttpg_comment":0,"rttpg_category":"<a href=\"https:\/\/elfederalmendoza.com.ar\/index.php\/category\/arg\/\" rel=\"category tag\">Argentina<\/a>","rttpg_excerpt":"Un hombre fue a una farmacia de Ramos Mej\u00eda a comprar ibuprofeno para su hijo de 7 a\u00f1os y le vendieron viagra.&nbsp;El menor termin\u00f3 internado.\u201cSe puso rojo y empez\u00f3 a vomitar\u201d,&nbsp;dijo Eduardo Padilla, padre del menor, que qued\u00f3 en observaci\u00f3n en un centro de salud de la zona y luego recibi\u00f3 el alta.&nbsp;\u201cAhora estamos esperando&hellip;","_links":{"self":[{"href":"https:\/\/elfederalmendoza.com.ar\/index.php\/wp-json\/wp\/v2\/posts\/20105","targetHints":{"allow":["GET"]}}],"collection":[{"href":"https:\/\/elfederalmendoza.com.ar\/index.php\/wp-json\/wp\/v2\/posts"}],"about":[{"href":"https:\/\/elfederalmendoza.com.ar\/index.php\/wp-json\/wp\/v2\/types\/post"}],"author":[{"embeddable":true,"href":"https:\/\/elfederalmendoza.com.ar\/index.php\/wp-json\/wp\/v2\/users\/2"}],"replies":[{"embeddable":true,"href":"https:\/\/elfederalmendoza.com.ar\/index.php\/wp-json\/wp\/v2\/comments?post=20105"}],"version-history":[{"count":1,"href":"https:\/\/elfederalmendoza.com.ar\/index.php\/wp-json\/wp\/v2\/posts\/20105\/revisions"}],"predecessor-version":[{"id":20107,"href":"https:\/\/elfederalmendoza.com.ar\/index.php\/wp-json\/wp\/v2\/posts\/20105\/revisions\/20107"}],"wp:featuredmedia":[{"embeddable":true,"href":"https:\/\/elfederalmendoza.com.ar\/index.php\/wp-json\/wp\/v2\/media\/20106"}],"wp:attachment":[{"href":"https:\/\/elfederalmendoza.com.ar\/index.php\/wp-json\/wp\/v2\/media?parent=20105"}],"wp:term":[{"taxonomy":"category","embeddable":true,"href":"https:\/\/elfederalmendoza.com.ar\/index.php\/wp-json\/wp\/v2\/categories?post=20105"},{"taxonomy":"post_tag","embeddable":true,"href":"https:\/\/elfederalmendoza.com.ar\/index.php\/wp-json\/wp\/v2\/tags?post=20105"}],"curies":[{"name":"wp","href":"https:\/\/api.w.org\/{rel}","templated":true}]}}