{"id":20245,"date":"2023-02-07T01:38:00","date_gmt":"2023-02-07T04:38:00","guid":{"rendered":"https:\/\/elfederalmendoza.com\/?p=20245"},"modified":"2023-02-07T15:21:58","modified_gmt":"2023-02-07T18:21:58","slug":"durisimo-mensaje-de-cinthia-fernandez-tras-el-veredicto-contra-los-rugbiers-que-los-maten-adentro","status":"publish","type":"post","link":"https:\/\/elfederalmendoza.com.ar\/index.php\/2023\/02\/07\/durisimo-mensaje-de-cinthia-fernandez-tras-el-veredicto-contra-los-rugbiers-que-los-maten-adentro\/","title":{"rendered":"Dur\u00edsimo mensaje de Cinthia Fern\u00e1ndez tras el veredicto contra los rugbiers: \u00abQue los maten adentro\u00bb"},"content":{"rendered":"\n<p><strong>Cinthia Fern\u00e1ndez se expres\u00f3 fuertemente en su cuenta de Twitter luego de que se diera a conocer el veredicto contra los rugbiers que asesinaron a golpes a Fernando B\u00e1ez Sosa<\/strong>&nbsp;en la puerta de un boliche de Villa Gesell, en enero de 2020.<\/p>\n\n\n\n<p>La panelista de Nosotros a la ma\u00f1ana (El Trece, a las 9) se mostr\u00f3 indignada por la pena que recibieron tres de los ocho condenados (<strong>Lucas Pertossi<\/strong>,\u00a0<strong>Blas Cinalli\u00a0<\/strong>y\u00a0<strong>Ayrton Viollaz<\/strong>), quienes obtuvieron 15 a\u00f1os de prisi\u00f3n al ser considerados part\u00edcipes secundarios de un homicidio doblemente agravado por el concurso premeditado de dos o m\u00e1s personas y por alevos\u00eda en concurso real con lesiones leves.<br><strong><br>\u00ab#Saborapoco #FernandoB\u00e1ezSosa \u00bf15 a\u00f1os vale la vida de un pibe sano con todo por delante? Qu\u00e9 papel\u00f3n #apelaci\u00f3n\u00bb<\/strong>, escribi\u00f3 para sus m\u00e1s de 2 millones de seguidores.<\/p>\n\n\n\n<figure class=\"wp-block-image size-full\"><img loading=\"lazy\" decoding=\"async\" width=\"720\" height=\"251\" src=\"https:\/\/elfederalmendoza.com\/wp-content\/uploads\/2023\/02\/image-4.png\" alt=\"\" class=\"wp-image-20247\" srcset=\"https:\/\/elfederalmendoza.com.ar\/wp-content\/uploads\/2023\/02\/image-4.png 720w, https:\/\/elfederalmendoza.com.ar\/wp-content\/uploads\/2023\/02\/image-4-300x105.png 300w\" sizes=\"auto, (max-width: 720px) 100vw, 720px\" \/><\/figure>\n\n\n\n<p>Entonces,&nbsp;<strong>Sebasti\u00e1n Pampito Perello Aciar<\/strong>, quien es parte de Intrusos (Am\u00e9rica, a las 13.30), cit\u00f3 su tuit y contest\u00f3, tambi\u00e9n enfadado: \u00abTremendo, a los 40 a\u00f1os salen y tienen muchos a\u00f1os para vivir en libertad. Pero los pap\u00e1s de Fernando ya no tienen nada\u00bb.<\/p>\n\n\n\n<p>Fue all\u00ed que Fern\u00e1ndez termin\u00f3 de explotar y, s\u00faper pol\u00e9mica, sugiri\u00f3 su deseo de que en la c\u00e1rcel los rugbiers sean asesinados.<strong>\u00a0\u00abAntes tambi\u00e9n por \u2019buen comportamiento\u2019. Una verg\u00fcenza\u2026 Queda que los maten adentro\u00bb<\/strong>, lanz\u00f3.<\/p>\n\n\n\n<figure class=\"wp-block-image size-full\"><img loading=\"lazy\" decoding=\"async\" width=\"720\" height=\"338\" src=\"https:\/\/elfederalmendoza.com\/wp-content\/uploads\/2023\/02\/image-5.png\" alt=\"\" class=\"wp-image-20248\" srcset=\"https:\/\/elfederalmendoza.com.ar\/wp-content\/uploads\/2023\/02\/image-5.png 720w, https:\/\/elfederalmendoza.com.ar\/wp-content\/uploads\/2023\/02\/image-5-300x141.png 300w\" sizes=\"auto, (max-width: 720px) 100vw, 720px\" \/><\/figure>\n\n\n\n<p>Adem\u00e1s, la medi\u00e1tica comparti\u00f3 una foto de\u00a0<strong>M\u00e1ximo Thomsen\u00a0<\/strong>en la que se lo ve desmayado tras escuchar el fallo y escribi\u00f3: \u00ab\u00bfNo eras machito afuera, Machu? #PudriteHijoDePuta\u00bb<\/p>\n\n\n\n<figure class=\"wp-block-image size-full\"><img loading=\"lazy\" decoding=\"async\" width=\"720\" height=\"994\" src=\"https:\/\/elfederalmendoza.com\/wp-content\/uploads\/2023\/02\/image-6.png\" alt=\"\" class=\"wp-image-20249\" srcset=\"https:\/\/elfederalmendoza.com.ar\/wp-content\/uploads\/2023\/02\/image-6.png 720w, https:\/\/elfederalmendoza.com.ar\/wp-content\/uploads\/2023\/02\/image-6-217x300.png 217w\" sizes=\"auto, (max-width: 720px) 100vw, 720px\" \/><\/figure>\n","protected":false},"excerpt":{"rendered":"<p>Cinthia Fern\u00e1ndez se expres\u00f3 fuertemente en su cuenta de Twitter luego de que se diera a conocer el veredicto contra los rugbiers que asesinaron a golpes a Fernando B\u00e1ez Sosa&nbsp;en la puerta de un boliche de Villa Gesell, en enero de 2020. La panelista de Nosotros a la ma\u00f1ana (El Trece, a las 9) se<a class=\"read-more\" href=\"https:\/\/elfederalmendoza.com.ar\/index.php\/2023\/02\/07\/durisimo-mensaje-de-cinthia-fernandez-tras-el-veredicto-contra-los-rugbiers-que-los-maten-adentro\/\"> [&hellip;]<\/a><\/p>\n","protected":false},"author":2,"featured_media":896,"comment_status":"open","ping_status":"open","sticky":false,"template":"","format":"standard","meta":{"footnotes":""},"categories":[5618],"tags":[],"class_list":["post-20245","post","type-post","status-publish","format-standard","has-post-thumbnail","hentry","category-arg"],"rttpg_featured_image_url":{"full":["https:\/\/elfederalmendoza.com.ar\/wp-content\/uploads\/2020\/02\/rugbiers-1.jpg",960,640,false],"landscape":["https:\/\/elfederalmendoza.com.ar\/wp-content\/uploads\/2020\/02\/rugbiers-1.jpg",960,640,false],"portraits":["https:\/\/elfederalmendoza.com.ar\/wp-content\/uploads\/2020\/02\/rugbiers-1.jpg",960,640,false],"thumbnail":["https:\/\/elfederalmendoza.com.ar\/wp-content\/uploads\/2020\/02\/rugbiers-1-150x150.jpg",150,150,true],"medium":["https:\/\/elfederalmendoza.com.ar\/wp-content\/uploads\/2020\/02\/rugbiers-1-300x200.jpg",300,200,true],"large":["https:\/\/elfederalmendoza.com.ar\/wp-content\/uploads\/2020\/02\/rugbiers-1.jpg",640,427,false],"1536x1536":["https:\/\/elfederalmendoza.com.ar\/wp-content\/uploads\/2020\/02\/rugbiers-1.jpg",960,640,false],"2048x2048":["https:\/\/elfederalmendoza.com.ar\/wp-content\/uploads\/2020\/02\/rugbiers-1.jpg",960,640,false],"ultp_layout_landscape_large":["https:\/\/elfederalmendoza.com.ar\/wp-content\/uploads\/2020\/02\/rugbiers-1.jpg",960,640,false],"ultp_layout_landscape":["https:\/\/elfederalmendoza.com.ar\/wp-content\/uploads\/2020\/02\/rugbiers-1.jpg",855,570,false],"ultp_layout_portrait":["https:\/\/elfederalmendoza.com.ar\/wp-content\/uploads\/2020\/02\/rugbiers-1.jpg",600,400,false],"ultp_layout_square":["https:\/\/elfederalmendoza.com.ar\/wp-content\/uploads\/2020\/02\/rugbiers-1.jpg",600,400,false],"rpwe-thumbnail":["https:\/\/elfederalmendoza.com.ar\/wp-content\/uploads\/2020\/02\/rugbiers-1-45x45.jpg",45,45,true],"advps-thumb-one":["https:\/\/elfederalmendoza.com.ar\/wp-content\/uploads\/2020\/02\/rugbiers-1-960x420.jpg",960,420,true]},"rttpg_author":{"display_name":"Redacci\u00f3n El Federal","author_link":"https:\/\/elfederalmendoza.com.ar\/index.php\/author\/angelflores\/"},"rttpg_comment":0,"rttpg_category":"<a href=\"https:\/\/elfederalmendoza.com.ar\/index.php\/category\/arg\/\" rel=\"category tag\">Argentina<\/a>","rttpg_excerpt":"Cinthia Fern\u00e1ndez se expres\u00f3 fuertemente en su cuenta de Twitter luego de que se diera a conocer el veredicto contra los rugbiers que asesinaron a golpes a Fernando B\u00e1ez Sosa&nbsp;en la puerta de un boliche de Villa Gesell, en enero de 2020. La panelista de Nosotros a la ma\u00f1ana (El Trece, a las 9) se&hellip;","_links":{"self":[{"href":"https:\/\/elfederalmendoza.com.ar\/index.php\/wp-json\/wp\/v2\/posts\/20245","targetHints":{"allow":["GET"]}}],"collection":[{"href":"https:\/\/elfederalmendoza.com.ar\/index.php\/wp-json\/wp\/v2\/posts"}],"about":[{"href":"https:\/\/elfederalmendoza.com.ar\/index.php\/wp-json\/wp\/v2\/types\/post"}],"author":[{"embeddable":true,"href":"https:\/\/elfederalmendoza.com.ar\/index.php\/wp-json\/wp\/v2\/users\/2"}],"replies":[{"embeddable":true,"href":"https:\/\/elfederalmendoza.com.ar\/index.php\/wp-json\/wp\/v2\/comments?post=20245"}],"version-history":[{"count":1,"href":"https:\/\/elfederalmendoza.com.ar\/index.php\/wp-json\/wp\/v2\/posts\/20245\/revisions"}],"predecessor-version":[{"id":20250,"href":"https:\/\/elfederalmendoza.com.ar\/index.php\/wp-json\/wp\/v2\/posts\/20245\/revisions\/20250"}],"wp:featuredmedia":[{"embeddable":true,"href":"https:\/\/elfederalmendoza.com.ar\/index.php\/wp-json\/wp\/v2\/media\/896"}],"wp:attachment":[{"href":"https:\/\/elfederalmendoza.com.ar\/index.php\/wp-json\/wp\/v2\/media?parent=20245"}],"wp:term":[{"taxonomy":"category","embeddable":true,"href":"https:\/\/elfederalmendoza.com.ar\/index.php\/wp-json\/wp\/v2\/categories?post=20245"},{"taxonomy":"post_tag","embeddable":true,"href":"https:\/\/elfederalmendoza.com.ar\/index.php\/wp-json\/wp\/v2\/tags?post=20245"}],"curies":[{"name":"wp","href":"https:\/\/api.w.org\/{rel}","templated":true}]}}