{"id":20312,"date":"2023-02-10T14:09:53","date_gmt":"2023-02-10T17:09:53","guid":{"rendered":"https:\/\/elfederalmendoza.com\/?p=20312"},"modified":"2023-02-10T14:09:54","modified_gmt":"2023-02-10T17:09:54","slug":"la-insolita-eleccion-de-la-reina-de-la-vendimia-de-guaymallen-por-internet-y-a-ciegas","status":"publish","type":"post","link":"https:\/\/elfederalmendoza.com.ar\/index.php\/2023\/02\/10\/la-insolita-eleccion-de-la-reina-de-la-vendimia-de-guaymallen-por-internet-y-a-ciegas\/","title":{"rendered":"La ins\u00f3lita elecci\u00f3n de la reina de la vendimia de Guaymall\u00e9n: por internet y a ciegas"},"content":{"rendered":"\n<p>Luego del fallo de la Suprema Corte de\u00a0Justicia que declar\u00f3 la inconstitucionalidad de la ordenanza de la\u00a0<strong>Municipalidad de Guaymall\u00e9n<\/strong>\u00a0que prohib\u00eda la elecci\u00f3n y coronaci\u00f3n de una soberana vendimial departamental, la comuna decidi\u00f3 acatar la medida y\u00a0<strong>estableci\u00f3 un sistema muy particular para seleccionar a su reina.<\/strong><\/p>\n\n\n\n<p>Seg\u00fan establecieron en la Municipalidad comandada por Marcelino Iglesias,\u00a0<strong>la elecci\u00f3n de la representante departamental 2023 no estuvo condicionada por rasgos est\u00e9ticos ni f\u00edsicos<\/strong>, sino que el p\u00fablico las iba a conocer a trav\u00e9s de sus \u00abdeseos de representar a Guaymall\u00e9n\u00bb y de los aspectos que ellas mismas pusieron en valor como parte de sus historias de vida.<\/p>\n\n\n\n<iframe loading=\"lazy\" src=\"https:\/\/www.facebook.com\/plugins\/post.php?href=https%3A%2F%2Fwww.facebook.com%2FMuniGuaymallen%2Fposts%2Fpfbid02YRpBjM8AKm4w7bh3rkGBdCjvj7BqSpX1Sr6rzeBa71yZUgUsVtdFGK2hkhwH7s8Dl&#038;show_text=true&#038;width=500\" width=\"500\" height=\"732\" style=\"border:none;overflow:hidden\" scrolling=\"no\" frameborder=\"0\" allowfullscreen=\"true\" allow=\"autoplay; clipboard-write; encrypted-media; picture-in-picture; web-share\"><\/iframe>\n\n\n\n<p><strong>Se trat\u00f3 de un sistema de elecci\u00f3n a ciegas<\/strong>, mediante el cual,<strong>\u00a0los vecinos solamente pudieron a poder votar por una frase\u00a0<\/strong>que en\u00a0<a href=\"https:\/\/sistemas.guaymallen.gob.ar\/vendimia2023\" target=\"_blank\" rel=\"noreferrer noopener\">la p\u00e1gina web del municipio<\/a>, se le atribuye a cada una de las concursantes.\u00a0\u00a0<\/p>\n\n\n\n<p>Como no se pudo ver ni la imagen, ni el nombre, ni a qu\u00e9 distrito representa cada una de las concursantes,&nbsp;<strong>las mismas chicas&nbsp; se las ingeniado para darse a conocer a trav\u00e9s de sus propias redes sociales<\/strong>.<\/p>\n\n\n\n<p><strong>Estuvieron publicando sus fotos junto a la frase que les corresponde<\/strong>, o directamente el n\u00famero de frase que las identifica. De esta manera, le hicieron una especie de \u00abtrampa\u00bb a la metodolog\u00eda que implement\u00f3 el municipio, para que los votantes puedan conocer su imagen.<\/p>\n\n\n\n<blockquote class=\"instagram-media\" data-instgrm-captioned data-instgrm-permalink=\"https:\/\/www.instagram.com\/p\/CocrQ6MuGNz\/?utm_source=ig_embed&amp;utm_campaign=loading\" data-instgrm-version=\"14\" style=\" background:#FFF; border:0; border-radius:3px; box-shadow:0 0 1px 0 rgba(0,0,0,0.5),0 1px 10px 0 rgba(0,0,0,0.15); margin: 1px; max-width:540px; min-width:326px; padding:0; width:99.375%; width:-webkit-calc(100% - 2px); width:calc(100% - 2px);\"><div style=\"padding:16px;\"> <a href=\"https:\/\/www.instagram.com\/p\/CocrQ6MuGNz\/?utm_source=ig_embed&amp;utm_campaign=loading\" style=\" background:#FFFFFF; line-height:0; padding:0 0; text-align:center; text-decoration:none; width:100%;\" target=\"_blank\" rel=\"noopener\"> <div style=\" display: flex; flex-direction: row; align-items: center;\"> <div style=\"background-color: #F4F4F4; border-radius: 50%; flex-grow: 0; height: 40px; margin-right: 14px; width: 40px;\"><\/div> <div style=\"display: flex; flex-direction: column; flex-grow: 1; justify-content: center;\"> <div style=\" background-color: #F4F4F4; border-radius: 4px; flex-grow: 0; height: 14px; margin-bottom: 6px; width: 100px;\"><\/div> <div style=\" background-color: #F4F4F4; border-radius: 4px; flex-grow: 0; height: 14px; width: 60px;\"><\/div><\/div><\/div><div style=\"padding: 19% 0;\"><\/div> <div style=\"display:block; height:50px; margin:0 auto 12px; width:50px;\"><svg width=\"50px\" height=\"50px\" viewBox=\"0 0 60 60\" version=\"1.1\" xmlns=\"https:\/\/www.w3.org\/2000\/svg\" xmlns:xlink=\"https:\/\/www.w3.org\/1999\/xlink\"><g stroke=\"none\" stroke-width=\"1\" fill=\"none\" fill-rule=\"evenodd\"><g transform=\"translate(-511.000000, -20.000000)\" fill=\"#000000\"><g><path d=\"M556.869,30.41 C554.814,30.41 553.148,32.076 553.148,34.131 C553.148,36.186 554.814,37.852 556.869,37.852 C558.924,37.852 560.59,36.186 560.59,34.131 C560.59,32.076 558.924,30.41 556.869,30.41 M541,60.657 C535.114,60.657 530.342,55.887 530.342,50 C530.342,44.114 535.114,39.342 541,39.342 C546.887,39.342 551.658,44.114 551.658,50 C551.658,55.887 546.887,60.657 541,60.657 M541,33.886 C532.1,33.886 524.886,41.1 524.886,50 C524.886,58.899 532.1,66.113 541,66.113 C549.9,66.113 557.115,58.899 557.115,50 C557.115,41.1 549.9,33.886 541,33.886 M565.378,62.101 C565.244,65.022 564.756,66.606 564.346,67.663 C563.803,69.06 563.154,70.057 562.106,71.106 C561.058,72.155 560.06,72.803 558.662,73.347 C557.607,73.757 556.021,74.244 553.102,74.378 C549.944,74.521 548.997,74.552 541,74.552 C533.003,74.552 532.056,74.521 528.898,74.378 C525.979,74.244 524.393,73.757 523.338,73.347 C521.94,72.803 520.942,72.155 519.894,71.106 C518.846,70.057 518.197,69.06 517.654,67.663 C517.244,66.606 516.755,65.022 516.623,62.101 C516.479,58.943 516.448,57.996 516.448,50 C516.448,42.003 516.479,41.056 516.623,37.899 C516.755,34.978 517.244,33.391 517.654,32.338 C518.197,30.938 518.846,29.942 519.894,28.894 C520.942,27.846 521.94,27.196 523.338,26.654 C524.393,26.244 525.979,25.756 528.898,25.623 C532.057,25.479 533.004,25.448 541,25.448 C548.997,25.448 549.943,25.479 553.102,25.623 C556.021,25.756 557.607,26.244 558.662,26.654 C560.06,27.196 561.058,27.846 562.106,28.894 C563.154,29.942 563.803,30.938 564.346,32.338 C564.756,33.391 565.244,34.978 565.378,37.899 C565.522,41.056 565.552,42.003 565.552,50 C565.552,57.996 565.522,58.943 565.378,62.101 M570.82,37.631 C570.674,34.438 570.167,32.258 569.425,30.349 C568.659,28.377 567.633,26.702 565.965,25.035 C564.297,23.368 562.623,22.342 560.652,21.575 C558.743,20.834 556.562,20.326 553.369,20.18 C550.169,20.033 549.148,20 541,20 C532.853,20 531.831,20.033 528.631,20.18 C525.438,20.326 523.257,20.834 521.349,21.575 C519.376,22.342 517.703,23.368 516.035,25.035 C514.368,26.702 513.342,28.377 512.574,30.349 C511.834,32.258 511.326,34.438 511.181,37.631 C511.035,40.831 511,41.851 511,50 C511,58.147 511.035,59.17 511.181,62.369 C511.326,65.562 511.834,67.743 512.574,69.651 C513.342,71.625 514.368,73.296 516.035,74.965 C517.703,76.634 519.376,77.658 521.349,78.425 C523.257,79.167 525.438,79.673 528.631,79.82 C531.831,79.965 532.853,80.001 541,80.001 C549.148,80.001 550.169,79.965 553.369,79.82 C556.562,79.673 558.743,79.167 560.652,78.425 C562.623,77.658 564.297,76.634 565.965,74.965 C567.633,73.296 568.659,71.625 569.425,69.651 C570.167,67.743 570.674,65.562 570.82,62.369 C570.966,59.17 571,58.147 571,50 C571,41.851 570.966,40.831 570.82,37.631\"><\/path><\/g><\/g><\/g><\/svg><\/div><div style=\"padding-top: 8px;\"> <div style=\" color:#3897f0; font-family:Arial,sans-serif; font-size:14px; font-style:normal; font-weight:550; line-height:18px;\">Ver esta publicaci\u00f3n en Instagram<\/div><\/div><div style=\"padding: 12.5% 0;\"><\/div> <div style=\"display: flex; flex-direction: row; margin-bottom: 14px; align-items: center;\"><div> <div style=\"background-color: #F4F4F4; border-radius: 50%; height: 12.5px; width: 12.5px; transform: translateX(0px) translateY(7px);\"><\/div> <div style=\"background-color: #F4F4F4; height: 12.5px; transform: rotate(-45deg) translateX(3px) translateY(1px); width: 12.5px; flex-grow: 0; margin-right: 14px; margin-left: 2px;\"><\/div> <div style=\"background-color: #F4F4F4; border-radius: 50%; height: 12.5px; width: 12.5px; transform: translateX(9px) translateY(-18px);\"><\/div><\/div><div style=\"margin-left: 8px;\"> <div style=\" background-color: #F4F4F4; border-radius: 50%; flex-grow: 0; height: 20px; width: 20px;\"><\/div> <div style=\" width: 0; height: 0; border-top: 2px solid transparent; border-left: 6px solid #f4f4f4; border-bottom: 2px solid transparent; transform: translateX(16px) translateY(-4px) rotate(30deg)\"><\/div><\/div><div style=\"margin-left: auto;\"> <div style=\" width: 0px; border-top: 8px solid #F4F4F4; border-right: 8px solid transparent; transform: translateY(16px);\"><\/div> <div style=\" background-color: #F4F4F4; flex-grow: 0; height: 12px; width: 16px; transform: translateY(-4px);\"><\/div> <div style=\" width: 0; height: 0; border-top: 8px solid #F4F4F4; border-left: 8px solid transparent; transform: translateY(-4px) translateX(8px);\"><\/div><\/div><\/div> <div style=\"display: flex; flex-direction: column; flex-grow: 1; justify-content: center; margin-bottom: 24px;\"> <div style=\" background-color: #F4F4F4; border-radius: 4px; flex-grow: 0; height: 14px; margin-bottom: 6px; width: 224px;\"><\/div> <div style=\" background-color: #F4F4F4; border-radius: 4px; flex-grow: 0; height: 14px; width: 144px;\"><\/div><\/div><\/a><p style=\" color:#c9c8cd; font-family:Arial,sans-serif; font-size:14px; line-height:17px; margin-bottom:0; margin-top:8px; overflow:hidden; padding:8px 0 7px; text-align:center; text-overflow:ellipsis; white-space:nowrap;\"><a href=\"https:\/\/www.instagram.com\/p\/CocrQ6MuGNz\/?utm_source=ig_embed&amp;utm_campaign=loading\" style=\" color:#c9c8cd; font-family:Arial,sans-serif; font-size:14px; font-style:normal; font-weight:normal; line-height:17px; text-decoration:none;\" target=\"_blank\" rel=\"noopener\">Una publicaci\u00f3n compartida por Municipalidad de Guaymall\u00e9n (@muni.guaymallen)<\/a><\/p><\/div><\/blockquote> <script async src=\"\/\/www.instagram.com\/embed.js\"><\/script>\n\n\n\n<p>Previamente y por su parte, desde la Comisi\u00f3n de Reinas de Guaymall\u00e9n&nbsp;<strong>(COREGUAY<\/strong>) indicaron<strong><em>&nbsp;al Post&nbsp;<\/em><\/strong>que la metodolog\u00eda implementada es desprolija por donde se la mire.&nbsp;<\/p>\n\n\n\n<p>Su titular,<strong>&nbsp;Luz Fern\u00e1ndez<\/strong>, indic\u00f3 que \u00abtanto las chicas que quedaron fuera del concurso como las que ya est\u00e1n representando a un distrito, se est\u00e1n quejando porque dicen que no se les ha dado el orden de m\u00e9rito.&nbsp;<strong>No les han dado a conocer la nota que obtuvieron<\/strong>. Les niegan esa informaci\u00f3n.\u00bb<\/p>\n\n\n\n<p>Asegur\u00f3 que, \u00abincluso, a algunas candidatas las llamaron por tel\u00e9fono para comunicarles que hab\u00edan sido elegidas como la representante de un distrito puntual\u00a0y luego, en un nuevo llamado, les informaban que hab\u00eda sido un error y que no era la elegida.\u00a0 Adem\u00e1s, el anonimato que se pidi\u00f3 para el examen no fue tal,\u00a0porque luego les solicitaron los c\u00f3digos y los nombres\u00bb, afirm\u00f3.\u00a0<\/p>\n\n\n\n<figure class=\"wp-block-image is-resized\"><img loading=\"lazy\" decoding=\"async\" src=\"https:\/\/www.mendozapost.com\/files\/image\/457\/457211\/63e65d7a5c723_570_570!.jpg?s=794d709f5b70b2742d4e101a2f01aa0a&amp;d=1676041597\" alt=\"\" width=\"951\" height=\"951\"\/><figcaption class=\"wp-element-caption\">Luz Fern\u00e1ndez.<\/figcaption><\/figure>\n\n\n\n<p>Por otra parte, la titular de la COREGUAY se\u00f1al\u00f3 que&nbsp;<strong>las candidatas quieren presentarse en la fiesta departamental con los atributos, pero el municipio no se los va a dar<\/strong>. \u00abEst\u00e1n censurando a las chicas, que han decidido mostrar su cara y su frase en sus redes personales. Frase que no sab\u00edan que se iba a publicar, incluso muchas no reconocen ni su propia frase.<strong>&nbsp;Impresentable por donde se lo mire<\/strong>\u00ab, concluy\u00f3.<\/p>\n","protected":false},"excerpt":{"rendered":"<p>Luego del fallo de la Suprema Corte de\u00a0Justicia que declar\u00f3 la inconstitucionalidad de la ordenanza de la\u00a0Municipalidad de Guaymall\u00e9n\u00a0que prohib\u00eda la elecci\u00f3n y coronaci\u00f3n de una soberana vendimial departamental, la comuna decidi\u00f3 acatar la medida y\u00a0estableci\u00f3 un sistema muy particular para seleccionar a su reina. Seg\u00fan establecieron en la Municipalidad comandada por Marcelino Iglesias,\u00a0la elecci\u00f3n<a class=\"read-more\" href=\"https:\/\/elfederalmendoza.com.ar\/index.php\/2023\/02\/10\/la-insolita-eleccion-de-la-reina-de-la-vendimia-de-guaymallen-por-internet-y-a-ciegas\/\"> [&hellip;]<\/a><\/p>\n","protected":false},"author":2,"featured_media":20313,"comment_status":"open","ping_status":"open","sticky":false,"template":"","format":"standard","meta":{"footnotes":""},"categories":[1],"tags":[],"class_list":["post-20312","post","type-post","status-publish","format-standard","has-post-thumbnail","hentry","category-mza"],"rttpg_featured_image_url":{"full":["https:\/\/elfederalmendoza.com.ar\/wp-content\/uploads\/2023\/02\/reina-guaymallen.jpg",766,582,false],"landscape":["https:\/\/elfederalmendoza.com.ar\/wp-content\/uploads\/2023\/02\/reina-guaymallen.jpg",766,582,false],"portraits":["https:\/\/elfederalmendoza.com.ar\/wp-content\/uploads\/2023\/02\/reina-guaymallen.jpg",766,582,false],"thumbnail":["https:\/\/elfederalmendoza.com.ar\/wp-content\/uploads\/2023\/02\/reina-guaymallen-150x150.jpg",150,150,true],"medium":["https:\/\/elfederalmendoza.com.ar\/wp-content\/uploads\/2023\/02\/reina-guaymallen-300x228.jpg",300,228,true],"large":["https:\/\/elfederalmendoza.com.ar\/wp-content\/uploads\/2023\/02\/reina-guaymallen.jpg",640,486,false],"1536x1536":["https:\/\/elfederalmendoza.com.ar\/wp-content\/uploads\/2023\/02\/reina-guaymallen.jpg",766,582,false],"2048x2048":["https:\/\/elfederalmendoza.com.ar\/wp-content\/uploads\/2023\/02\/reina-guaymallen.jpg",766,582,false],"ultp_layout_landscape_large":["https:\/\/elfederalmendoza.com.ar\/wp-content\/uploads\/2023\/02\/reina-guaymallen.jpg",766,582,false],"ultp_layout_landscape":["https:\/\/elfederalmendoza.com.ar\/wp-content\/uploads\/2023\/02\/reina-guaymallen-766x570.jpg",766,570,true],"ultp_layout_portrait":["https:\/\/elfederalmendoza.com.ar\/wp-content\/uploads\/2023\/02\/reina-guaymallen-600x582.jpg",600,582,true],"ultp_layout_square":["https:\/\/elfederalmendoza.com.ar\/wp-content\/uploads\/2023\/02\/reina-guaymallen-600x582.jpg",600,582,true],"rpwe-thumbnail":["https:\/\/elfederalmendoza.com.ar\/wp-content\/uploads\/2023\/02\/reina-guaymallen-45x45.jpg",45,45,true],"advps-thumb-one":["https:\/\/elfederalmendoza.com.ar\/wp-content\/uploads\/2023\/02\/reina-guaymallen-766x420.jpg",766,420,true]},"rttpg_author":{"display_name":"Redacci\u00f3n El Federal","author_link":"https:\/\/elfederalmendoza.com.ar\/index.php\/author\/angelflores\/"},"rttpg_comment":0,"rttpg_category":"<a href=\"https:\/\/elfederalmendoza.com.ar\/index.php\/category\/mza\/\" rel=\"category tag\">Mendoza<\/a>","rttpg_excerpt":"Luego del fallo de la Suprema Corte de\u00a0Justicia que declar\u00f3 la inconstitucionalidad de la ordenanza de la\u00a0Municipalidad de Guaymall\u00e9n\u00a0que prohib\u00eda la elecci\u00f3n y coronaci\u00f3n de una soberana vendimial departamental, la comuna decidi\u00f3 acatar la medida y\u00a0estableci\u00f3 un sistema muy particular para seleccionar a su reina. Seg\u00fan establecieron en la Municipalidad comandada por Marcelino Iglesias,\u00a0la elecci\u00f3n&hellip;","_links":{"self":[{"href":"https:\/\/elfederalmendoza.com.ar\/index.php\/wp-json\/wp\/v2\/posts\/20312","targetHints":{"allow":["GET"]}}],"collection":[{"href":"https:\/\/elfederalmendoza.com.ar\/index.php\/wp-json\/wp\/v2\/posts"}],"about":[{"href":"https:\/\/elfederalmendoza.com.ar\/index.php\/wp-json\/wp\/v2\/types\/post"}],"author":[{"embeddable":true,"href":"https:\/\/elfederalmendoza.com.ar\/index.php\/wp-json\/wp\/v2\/users\/2"}],"replies":[{"embeddable":true,"href":"https:\/\/elfederalmendoza.com.ar\/index.php\/wp-json\/wp\/v2\/comments?post=20312"}],"version-history":[{"count":1,"href":"https:\/\/elfederalmendoza.com.ar\/index.php\/wp-json\/wp\/v2\/posts\/20312\/revisions"}],"predecessor-version":[{"id":20314,"href":"https:\/\/elfederalmendoza.com.ar\/index.php\/wp-json\/wp\/v2\/posts\/20312\/revisions\/20314"}],"wp:featuredmedia":[{"embeddable":true,"href":"https:\/\/elfederalmendoza.com.ar\/index.php\/wp-json\/wp\/v2\/media\/20313"}],"wp:attachment":[{"href":"https:\/\/elfederalmendoza.com.ar\/index.php\/wp-json\/wp\/v2\/media?parent=20312"}],"wp:term":[{"taxonomy":"category","embeddable":true,"href":"https:\/\/elfederalmendoza.com.ar\/index.php\/wp-json\/wp\/v2\/categories?post=20312"},{"taxonomy":"post_tag","embeddable":true,"href":"https:\/\/elfederalmendoza.com.ar\/index.php\/wp-json\/wp\/v2\/tags?post=20312"}],"curies":[{"name":"wp","href":"https:\/\/api.w.org\/{rel}","templated":true}]}}