{"id":20318,"date":"2023-02-11T12:24:45","date_gmt":"2023-02-11T15:24:45","guid":{"rendered":"https:\/\/elfederalmendoza.com\/?p=20318"},"modified":"2023-02-11T12:26:35","modified_gmt":"2023-02-11T15:26:35","slug":"20318","status":"publish","type":"post","link":"https:\/\/elfederalmendoza.com.ar\/index.php\/2023\/02\/11\/20318\/","title":{"rendered":"Con sus 35 a\u00f1os y tres hijos, Guaymall\u00e9n consagr\u00f3 a su representante de la vendimia en una pol\u00e9mica elecci\u00f3n"},"content":{"rendered":"\n<p>Luego de la pol\u00e9mica elecci\u00f3n <strong>de la reina de la Vendimia de Guaymall\u00e9n <\/strong>mediante la votaci\u00f3n a trav\u00e9s de una p\u00e1gina web, este viernes se conoci\u00f3 quienes ganaron y representar\u00e1n al departamento en la Fiesta Nacional.\u00a0<\/p>\n\n\n\n<p>Los vecinos con residencia en Guaymall\u00e9n tuvieron que votar a su representante favorita acreditando su domicilio. Pero no se pod\u00eda ver ni el nombre, ni la edad, ni una foto de las candidatas, sino una frase que las identifican.<strong> Fue una especie de \u00abelecci\u00f3n a ciegas\u00bb.<\/strong><\/p>\n\n\n\n<p><strong>LEA M\u00c1S: <a href=\"https:\/\/elfederalmendoza.com\/index.php\/2023\/02\/10\/la-insolita-eleccion-de-la-reina-de-la-vendimia-de-guaymallen-por-internet-y-a-ciegas\/\">La ins\u00f3lita elecci\u00f3n de la reina de la vendimia de Guaymall\u00e9n: por internet y a ciegas <\/a><\/strong><\/p>\n\n\n\n<p><strong>Natalia Mercery y Martina Gil<\/strong>, fueron las m\u00e1s votadas por eso se convirtieron en reina y virreina respectivamente. Solamente les dieron una banda y brindaron.<\/p>\n\n\n\n<figure class=\"wp-block-image is-resized\"><img loading=\"lazy\" decoding=\"async\" src=\"https:\/\/www.mendozapost.com\/files\/image\/457\/457333\/63e6daf31753c_570_320!.jpg?s=be1959ed298273d3d21ab0fb1b0319e6&amp;d=1676073719\" alt=\"\" width=\"959\" height=\"538\"\/><figcaption class=\"wp-element-caption\">Natalia Mercery (Derecha con vestido negro) es la nueva representante.<\/figcaption><\/figure>\n\n\n\n<figure class=\"wp-block-image is-resized\"><img loading=\"lazy\" decoding=\"async\" src=\"https:\/\/www.mendozapost.com\/files\/image\/457\/457335\/63e6db261a105_570_320!.jpg?s=70b2637aedc36347c03fddaf9872429e&amp;d=1676073769\" alt=\"\" width=\"962\" height=\"540\"\/><\/figure>\n\n\n\n<p>Por un fallo de la Suprema Corte de Justicia de Mendoza, se declar\u00f3 la inconstitucionalidad de la ordenanza de la Municipalidad de Guaymall\u00e9n que prohib\u00eda la elecci\u00f3n y coronaci\u00f3n de una soberana vendimial departamental,<strong> la comuna decidi\u00f3 acatar la medida y estableci\u00f3 este sistema muy particular para seleccionar a su reina.<\/strong><\/p>\n\n\n\n<figure class=\"wp-block-image is-resized\"><img loading=\"lazy\" decoding=\"async\" src=\"https:\/\/www.mendozapost.com\/files\/image\/457\/457337\/63e6db3a11d10_570_320!.jpg?s=0dd7ac091df2743a0b22b96720157b34&amp;d=1676073789\" alt=\"\" width=\"960\" height=\"539\"\/><\/figure>\n\n\n\n<p>En di\u00e1logo con Canal 9, las nuevas representantes contaron su experiencia con esta nueva modalidad. \u00abSoy la frase n\u00famero 5\u00bb, brome\u00f3&nbsp;<strong>Natalia Mercery<\/strong>&nbsp;la nueva representante y a\u00f1adi\u00f3 que \u00abno fue f\u00e1cil\u00bb y que lo vivieron con \u00abmucha angustia\u00bb. \u00abTratamos de ser fuertes, yo vi la oportunidad\u00bb, cont\u00f3.&nbsp;<\/p>\n\n\n\n<p><strong>Con sus 35 a\u00f1os y tres hijos varones<\/strong>, Natalia dijo que esta vez se senti\u00f3 inclu\u00edda: \u00abNo me siento parte de un reinado, no creo est\u00e9 por encima del pueblo, no me siento con privilegios\u00bb.<\/p>\n\n\n\n<figure class=\"wp-block-image is-resized\"><img loading=\"lazy\" decoding=\"async\" src=\"https:\/\/www.mendozapost.com\/files\/image\/457\/457343\/63e6e13b9802c.png\" alt=\"\" width=\"964\" height=\"702\"\/><figcaption class=\"wp-element-caption\">La frase con la que gan\u00f3 Natalia.<\/figcaption><\/figure>\n\n\n\n<p>Luego, Martina Gil (frase 15), dijo que \u00abGuaymall\u00e9n sienta base para un nuevo paradigma en la Vendimia\u00bb.<\/p>\n\n\n\n<figure class=\"wp-block-image is-resized\"><img loading=\"lazy\" decoding=\"async\" src=\"https:\/\/www.mendozapost.com\/files\/image\/457\/457345\/63e6e19c46c12.png\" alt=\"\" width=\"962\" height=\"663\"\/><figcaption class=\"wp-element-caption\">La frase de Martina con la que logr\u00f3 el segundo lugar.<\/figcaption><\/figure>\n\n\n\n<p><strong><em>*Fotos: Marcelo Carub\u00edn<\/em><\/strong><\/p>\n\n\n\n<p>Mendoza Post<\/p>\n","protected":false},"excerpt":{"rendered":"<p>Luego de la pol\u00e9mica elecci\u00f3n de la reina de la Vendimia de Guaymall\u00e9n mediante la votaci\u00f3n a trav\u00e9s de una p\u00e1gina web, este viernes se conoci\u00f3 quienes ganaron y representar\u00e1n al departamento en la Fiesta Nacional.\u00a0 Los vecinos con residencia en Guaymall\u00e9n tuvieron que votar a su representante favorita acreditando su domicilio. Pero no se<a class=\"read-more\" href=\"https:\/\/elfederalmendoza.com.ar\/index.php\/2023\/02\/11\/20318\/\"> [&hellip;]<\/a><\/p>\n","protected":false},"author":2,"featured_media":20320,"comment_status":"open","ping_status":"open","sticky":false,"template":"","format":"standard","meta":{"footnotes":""},"categories":[1],"tags":[],"class_list":["post-20318","post","type-post","status-publish","format-standard","has-post-thumbnail","hentry","category-mza"],"rttpg_featured_image_url":{"full":["https:\/\/elfederalmendoza.com.ar\/wp-content\/uploads\/2023\/02\/reina-guayma1.jpg",995,560,false],"landscape":["https:\/\/elfederalmendoza.com.ar\/wp-content\/uploads\/2023\/02\/reina-guayma1.jpg",995,560,false],"portraits":["https:\/\/elfederalmendoza.com.ar\/wp-content\/uploads\/2023\/02\/reina-guayma1.jpg",995,560,false],"thumbnail":["https:\/\/elfederalmendoza.com.ar\/wp-content\/uploads\/2023\/02\/reina-guayma1-150x150.jpg",150,150,true],"medium":["https:\/\/elfederalmendoza.com.ar\/wp-content\/uploads\/2023\/02\/reina-guayma1-300x169.jpg",300,169,true],"large":["https:\/\/elfederalmendoza.com.ar\/wp-content\/uploads\/2023\/02\/reina-guayma1.jpg",640,360,false],"1536x1536":["https:\/\/elfederalmendoza.com.ar\/wp-content\/uploads\/2023\/02\/reina-guayma1.jpg",995,560,false],"2048x2048":["https:\/\/elfederalmendoza.com.ar\/wp-content\/uploads\/2023\/02\/reina-guayma1.jpg",995,560,false],"ultp_layout_landscape_large":["https:\/\/elfederalmendoza.com.ar\/wp-content\/uploads\/2023\/02\/reina-guayma1.jpg",995,560,false],"ultp_layout_landscape":["https:\/\/elfederalmendoza.com.ar\/wp-content\/uploads\/2023\/02\/reina-guayma1-870x560.jpg",870,560,true],"ultp_layout_portrait":["https:\/\/elfederalmendoza.com.ar\/wp-content\/uploads\/2023\/02\/reina-guayma1-600x560.jpg",600,560,true],"ultp_layout_square":["https:\/\/elfederalmendoza.com.ar\/wp-content\/uploads\/2023\/02\/reina-guayma1-600x560.jpg",600,560,true],"rpwe-thumbnail":["https:\/\/elfederalmendoza.com.ar\/wp-content\/uploads\/2023\/02\/reina-guayma1-45x45.jpg",45,45,true],"advps-thumb-one":["https:\/\/elfederalmendoza.com.ar\/wp-content\/uploads\/2023\/02\/reina-guayma1-995x420.jpg",995,420,true]},"rttpg_author":{"display_name":"Redacci\u00f3n El Federal","author_link":"https:\/\/elfederalmendoza.com.ar\/index.php\/author\/angelflores\/"},"rttpg_comment":0,"rttpg_category":"<a href=\"https:\/\/elfederalmendoza.com.ar\/index.php\/category\/mza\/\" rel=\"category tag\">Mendoza<\/a>","rttpg_excerpt":"Luego de la pol\u00e9mica elecci\u00f3n de la reina de la Vendimia de Guaymall\u00e9n mediante la votaci\u00f3n a trav\u00e9s de una p\u00e1gina web, este viernes se conoci\u00f3 quienes ganaron y representar\u00e1n al departamento en la Fiesta Nacional.\u00a0 Los vecinos con residencia en Guaymall\u00e9n tuvieron que votar a su representante favorita acreditando su domicilio. Pero no se&hellip;","_links":{"self":[{"href":"https:\/\/elfederalmendoza.com.ar\/index.php\/wp-json\/wp\/v2\/posts\/20318","targetHints":{"allow":["GET"]}}],"collection":[{"href":"https:\/\/elfederalmendoza.com.ar\/index.php\/wp-json\/wp\/v2\/posts"}],"about":[{"href":"https:\/\/elfederalmendoza.com.ar\/index.php\/wp-json\/wp\/v2\/types\/post"}],"author":[{"embeddable":true,"href":"https:\/\/elfederalmendoza.com.ar\/index.php\/wp-json\/wp\/v2\/users\/2"}],"replies":[{"embeddable":true,"href":"https:\/\/elfederalmendoza.com.ar\/index.php\/wp-json\/wp\/v2\/comments?post=20318"}],"version-history":[{"count":2,"href":"https:\/\/elfederalmendoza.com.ar\/index.php\/wp-json\/wp\/v2\/posts\/20318\/revisions"}],"predecessor-version":[{"id":20323,"href":"https:\/\/elfederalmendoza.com.ar\/index.php\/wp-json\/wp\/v2\/posts\/20318\/revisions\/20323"}],"wp:featuredmedia":[{"embeddable":true,"href":"https:\/\/elfederalmendoza.com.ar\/index.php\/wp-json\/wp\/v2\/media\/20320"}],"wp:attachment":[{"href":"https:\/\/elfederalmendoza.com.ar\/index.php\/wp-json\/wp\/v2\/media?parent=20318"}],"wp:term":[{"taxonomy":"category","embeddable":true,"href":"https:\/\/elfederalmendoza.com.ar\/index.php\/wp-json\/wp\/v2\/categories?post=20318"},{"taxonomy":"post_tag","embeddable":true,"href":"https:\/\/elfederalmendoza.com.ar\/index.php\/wp-json\/wp\/v2\/tags?post=20318"}],"curies":[{"name":"wp","href":"https:\/\/api.w.org\/{rel}","templated":true}]}}