{"id":20325,"date":"2023-02-11T12:51:16","date_gmt":"2023-02-11T15:51:16","guid":{"rendered":"https:\/\/elfederalmendoza.com\/?p=20325"},"modified":"2023-02-11T12:51:17","modified_gmt":"2023-02-11T15:51:17","slug":"una-mujer-fue-atropellada-en-el-mismo-lugar-en-el-que-ocurrio-un-accidente-que-mato-a-su-hijo-sobre-acceso-sur","status":"publish","type":"post","link":"https:\/\/elfederalmendoza.com.ar\/index.php\/2023\/02\/11\/una-mujer-fue-atropellada-en-el-mismo-lugar-en-el-que-ocurrio-un-accidente-que-mato-a-su-hijo-sobre-acceso-sur\/","title":{"rendered":"Una mujer fue atropellada en el mismo lugar en el que ocurri\u00f3 un accidente que mat\u00f3 a su hijo sobre Acceso Sur"},"content":{"rendered":"\n<p>Este viernes una mujer que intentaba cruzar el\u00a0<strong>Acceso Sur<\/strong>\u00a0fue atropellada y qued\u00f3 <strong>en grave estado<\/strong>. El siniestro ocurri\u00f3 frente al shopping La Barraca, en el mismo lugar en el que\u00a0<strong>Alan Villouta<\/strong>\u00a0sufri\u00f3 el\u00a0<strong>accidente<\/strong>\u00a0que le cost\u00f3 la vida en 2017.<\/p>\n\n\n\n<p>El pap\u00e1 de Alan, que desde entonces pide una soluci\u00f3n para los peatones que necesitan atravesar la autopista, lanz\u00f3 un duro mensaje en sus redes.<\/p>\n\n\n\n<p>\u00abSe\u00f1or&nbsp;<strong>Guillermo Amstutz<\/strong>, director de Vialidad Nacional, usted dijo que<strong>&nbsp;no eran prioridad las pasarelas<\/strong>. Usted se equivoca porque para mi hijo Alan era prioridad tener una pasarela y para muchos que han perdido la vida ah\u00ed\u00bb, expres\u00f3 a trav\u00e9s de&nbsp;<em>Facebook<\/em>.<\/p>\n\n\n\n<figure class=\"wp-block-image is-resized\"><img loading=\"lazy\" decoding=\"async\" src=\"https:\/\/www.mendozapost.com\/files\/image\/457\/457451\/63e7a8691267b.jpg\" alt=\"\" width=\"964\" height=\"1110\"\/><\/figure>\n\n\n\n<p>\u00abTiene que ser prioridad esa pasarela.&nbsp;<strong>Nosotros como familia nos tomamos la responsabilidad de ayudar a que seamos responsables al cruzar por las pasarelas.&nbsp;<\/strong>Ellos s\u00ed eran prioridad\u00bb, agreg\u00f3.<\/p>\n\n\n\n<p>Adem\u00e1s, Andr\u00e9s Villouta subi\u00f3 un video en el que se puede ver c\u00f3mo un joven cruza en medio de los autos que circulan a alta velocidad.<\/p>\n\n\n\n<iframe loading=\"lazy\" src=\"https:\/\/www.facebook.com\/plugins\/video.php?href=https%3A%2F%2Fwww.facebook.com%2Fandrea.bazan.1426%2Fvideos%2F703400924780716%2F&#038;show_text=0&#038;width=267\" width=\"267\" height=\"476\" style=\"border:none;overflow:hidden\" scrolling=\"no\" frameborder=\"0\" allowfullscreen=\"true\" allow=\"autoplay; clipboard-write; encrypted-media; picture-in-picture; web-share\" allowFullScreen=\"true\"><\/iframe>\n\n\n\n<p>\u00abEsas son las consecuencias de no tener una pasarela en el lugar. Esas son las personas que se arriesgan a cruzar todos los d\u00edas desde La Barraca hacia el otro lado. Ese es el problema que tenemos en este lugar, como lo tiene todo el Acceso Sur\u00bb, indic\u00f3.<\/p>\n\n\n\n<h2 class=\"wp-block-heading\"><strong>La pasarela Alan Villouta<\/strong><\/h2>\n\n\n\n<p>Luego de una amplia lucha, la familia recibi\u00f3 la noticia de que en enero comenzar\u00edan a construir la pasarela peatonal en el Acceso Sur en enero.<\/p>\n\n\n\n<p>\u00abDespu\u00e9s de cinco a\u00f1os, recibimos ese alivio a nuestro coraz\u00f3n, esa gran respuesta que esper\u00e1bamos. Estaba el presupuesto para hacerlo este a\u00f1o, pero con la situaci\u00f3n econ\u00f3mica no se pudo hacer. A\u00fan as\u00ed, se aprob\u00f3 y en 2023 se va a hacer nuestra amada pasarela Alan Villouta\u00bb, coment\u00f3 en agosto del a\u00f1o pasado Andr\u00e9s Villouta, pap\u00e1 de Alan.<\/p>\n\n\n\n<figure class=\"wp-block-image is-resized\"><img loading=\"lazy\" decoding=\"async\" src=\"https:\/\/www.mendozapost.com\/files\/image\/457\/457455\/63e7a944c7216_570_377!.jpg?s=b5ead071521561333b5e73854e18972c&amp;d=1676126535\" alt=\"\" width=\"963\" height=\"637\"\/><\/figure>\n","protected":false},"excerpt":{"rendered":"<p>Este viernes una mujer que intentaba cruzar el\u00a0Acceso Sur\u00a0fue atropellada y qued\u00f3 en grave estado. El siniestro ocurri\u00f3 frente al shopping La Barraca, en el mismo lugar en el que\u00a0Alan Villouta\u00a0sufri\u00f3 el\u00a0accidente\u00a0que le cost\u00f3 la vida en 2017. El pap\u00e1 de Alan, que desde entonces pide una soluci\u00f3n para los peatones que necesitan atravesar la<a class=\"read-more\" href=\"https:\/\/elfederalmendoza.com.ar\/index.php\/2023\/02\/11\/una-mujer-fue-atropellada-en-el-mismo-lugar-en-el-que-ocurrio-un-accidente-que-mato-a-su-hijo-sobre-acceso-sur\/\"> [&hellip;]<\/a><\/p>\n","protected":false},"author":2,"featured_media":20326,"comment_status":"open","ping_status":"open","sticky":false,"template":"","format":"standard","meta":{"footnotes":""},"categories":[1],"tags":[],"class_list":["post-20325","post","type-post","status-publish","format-standard","has-post-thumbnail","hentry","category-mza"],"rttpg_featured_image_url":{"full":["https:\/\/elfederalmendoza.com.ar\/wp-content\/uploads\/2023\/02\/acceso-sur1.jpg",955,647,false],"landscape":["https:\/\/elfederalmendoza.com.ar\/wp-content\/uploads\/2023\/02\/acceso-sur1.jpg",955,647,false],"portraits":["https:\/\/elfederalmendoza.com.ar\/wp-content\/uploads\/2023\/02\/acceso-sur1.jpg",955,647,false],"thumbnail":["https:\/\/elfederalmendoza.com.ar\/wp-content\/uploads\/2023\/02\/acceso-sur1-150x150.jpg",150,150,true],"medium":["https:\/\/elfederalmendoza.com.ar\/wp-content\/uploads\/2023\/02\/acceso-sur1-300x203.jpg",300,203,true],"large":["https:\/\/elfederalmendoza.com.ar\/wp-content\/uploads\/2023\/02\/acceso-sur1.jpg",640,434,false],"1536x1536":["https:\/\/elfederalmendoza.com.ar\/wp-content\/uploads\/2023\/02\/acceso-sur1.jpg",955,647,false],"2048x2048":["https:\/\/elfederalmendoza.com.ar\/wp-content\/uploads\/2023\/02\/acceso-sur1.jpg",955,647,false],"ultp_layout_landscape_large":["https:\/\/elfederalmendoza.com.ar\/wp-content\/uploads\/2023\/02\/acceso-sur1.jpg",955,647,false],"ultp_layout_landscape":["https:\/\/elfederalmendoza.com.ar\/wp-content\/uploads\/2023\/02\/acceso-sur1-870x570.jpg",870,570,true],"ultp_layout_portrait":["https:\/\/elfederalmendoza.com.ar\/wp-content\/uploads\/2023\/02\/acceso-sur1-600x647.jpg",600,647,true],"ultp_layout_square":["https:\/\/elfederalmendoza.com.ar\/wp-content\/uploads\/2023\/02\/acceso-sur1-600x600.jpg",600,600,true],"rpwe-thumbnail":["https:\/\/elfederalmendoza.com.ar\/wp-content\/uploads\/2023\/02\/acceso-sur1-45x45.jpg",45,45,true],"advps-thumb-one":["https:\/\/elfederalmendoza.com.ar\/wp-content\/uploads\/2023\/02\/acceso-sur1-955x420.jpg",955,420,true]},"rttpg_author":{"display_name":"Redacci\u00f3n El Federal","author_link":"https:\/\/elfederalmendoza.com.ar\/index.php\/author\/angelflores\/"},"rttpg_comment":0,"rttpg_category":"<a href=\"https:\/\/elfederalmendoza.com.ar\/index.php\/category\/mza\/\" rel=\"category tag\">Mendoza<\/a>","rttpg_excerpt":"Este viernes una mujer que intentaba cruzar el\u00a0Acceso Sur\u00a0fue atropellada y qued\u00f3 en grave estado. El siniestro ocurri\u00f3 frente al shopping La Barraca, en el mismo lugar en el que\u00a0Alan Villouta\u00a0sufri\u00f3 el\u00a0accidente\u00a0que le cost\u00f3 la vida en 2017. El pap\u00e1 de Alan, que desde entonces pide una soluci\u00f3n para los peatones que necesitan atravesar la&hellip;","_links":{"self":[{"href":"https:\/\/elfederalmendoza.com.ar\/index.php\/wp-json\/wp\/v2\/posts\/20325","targetHints":{"allow":["GET"]}}],"collection":[{"href":"https:\/\/elfederalmendoza.com.ar\/index.php\/wp-json\/wp\/v2\/posts"}],"about":[{"href":"https:\/\/elfederalmendoza.com.ar\/index.php\/wp-json\/wp\/v2\/types\/post"}],"author":[{"embeddable":true,"href":"https:\/\/elfederalmendoza.com.ar\/index.php\/wp-json\/wp\/v2\/users\/2"}],"replies":[{"embeddable":true,"href":"https:\/\/elfederalmendoza.com.ar\/index.php\/wp-json\/wp\/v2\/comments?post=20325"}],"version-history":[{"count":1,"href":"https:\/\/elfederalmendoza.com.ar\/index.php\/wp-json\/wp\/v2\/posts\/20325\/revisions"}],"predecessor-version":[{"id":20327,"href":"https:\/\/elfederalmendoza.com.ar\/index.php\/wp-json\/wp\/v2\/posts\/20325\/revisions\/20327"}],"wp:featuredmedia":[{"embeddable":true,"href":"https:\/\/elfederalmendoza.com.ar\/index.php\/wp-json\/wp\/v2\/media\/20326"}],"wp:attachment":[{"href":"https:\/\/elfederalmendoza.com.ar\/index.php\/wp-json\/wp\/v2\/media?parent=20325"}],"wp:term":[{"taxonomy":"category","embeddable":true,"href":"https:\/\/elfederalmendoza.com.ar\/index.php\/wp-json\/wp\/v2\/categories?post=20325"},{"taxonomy":"post_tag","embeddable":true,"href":"https:\/\/elfederalmendoza.com.ar\/index.php\/wp-json\/wp\/v2\/tags?post=20325"}],"curies":[{"name":"wp","href":"https:\/\/api.w.org\/{rel}","templated":true}]}}