{"id":20331,"date":"2023-02-11T01:27:00","date_gmt":"2023-02-11T04:27:00","guid":{"rendered":"https:\/\/elfederalmendoza.com\/?p=20331"},"modified":"2023-02-11T13:44:56","modified_gmt":"2023-02-11T16:44:56","slug":"en-medio-del-debate-las-escuelas-privadas-de-mendoza-ya-anuciaron-sus-aumentos","status":"publish","type":"post","link":"https:\/\/elfederalmendoza.com.ar\/index.php\/2023\/02\/11\/en-medio-del-debate-las-escuelas-privadas-de-mendoza-ya-anuciaron-sus-aumentos\/","title":{"rendered":"En medio del debate, las escuelas privadas de Mendoza ya anunciaron sus aumentos"},"content":{"rendered":"\n<p>Luego del\u00a0anuncio\u00a0realizado por el ministro de Educaci\u00f3n de la Naci\u00f3n, Jaime\u00a0Jaime Perczyk en relaci\u00f3n al acuerdo logrado con las \u00e1reas de Econom\u00eda y Comercio a nivel nacional para que se incluya a las\u00a0<strong>escuelas privadas<\/strong>\u00a0del pa\u00eds al programa denominado Precios Justos -de manera de establecer un tope en al momento de incrementar los valores en las\u00a0<strong>cuotas<\/strong>\u00a0fue recibido en Mendoza con cautela. De hecho, desde el gobierno escolar mendocino aclararon que en realidad cada provincia debe establecer su adhesi\u00f3n a esta idea y que por ahora los establecimientos privados (con o sin aporte estatal) seguir\u00e1n fijando los valores mensuales en torno de las disposiciones y normativas locales que rigen tradicionalmente para el sector.<\/p>\n\n\n\n<p>Desde la Direcci\u00f3n General de Escuelas (<strong>DGE<\/strong>), detallaron adem\u00e1s, que en enero pasado se emiti\u00f3 la\u00a0resoluci\u00f3n\u00a0a trav\u00e9s de la cual se fij\u00f3 el aumento en los valores y que ese acuerdo fue firmado por todos los representantes de las entidades y asociaciones que nuclean a los\u00a0<strong>colegios privados<\/strong>\u00a0de Mendoza, con y sin subvenci\u00f3n del estado provincial. En tanto que tras la decisi\u00f3n del Gobierno Nacional para establecer el tope a los valores en el marco de la actual\u00a0<strong>crisis econ\u00f3mica<\/strong>, el \u00e1rea conducida por Jos\u00e9 Thomas buscar\u00e1 reunirse nuevamente con las c\u00e1maras locales. En l\u00edneas generales, la postura que adelantaron los representantes de esas entidades a trav\u00e9s de una nota presentada a la\u00a0<strong>DGE<\/strong>\u00a0es que \u00abno pueden aceptar lo que acept\u00f3 el Gobierno Nacional\u00bb.<\/p>\n\n\n\n<h2 class=\"wp-block-heading\">M\u00e1ximo ya acordado<\/h2>\n\n\n\n<p>Seg\u00fan destac\u00f3\u00a0Perczyk a trav\u00e9s de su cuenta oficial de\u00a0Twitter\u00a0este jueves, ya hay 18 provincias que mostraron la adhesi\u00f3n al programa. Sin embargo, en Mendoza aseguran que no solo no ha existido una notificaci\u00f3n formal sobre el tema, sino que en el marco de la \u00faltima reuni\u00f3n del Consejo Federal de Educaci\u00f3n se aclar\u00f3 que cada jurisdicci\u00f3n analizar\u00eda su intenci\u00f3n particular. \u00abEl aumento de las\u00a0<strong>cuotas<\/strong>\u00a0es algo que est\u00e1 normado y Mendoza tiene su forma de hacerlo. Desde la<strong>\u00a0DGE<\/strong>\u00a0hay di\u00e1logo con las c\u00e1maras para seguir en el mismo sentido que se ven\u00eda trabajando\u00bb, indicaron desde el \u00e1rea educativa local.<\/p>\n\n\n\n<p>Vale decir que el acuerdo para incluir a la educaci\u00f3n argentina&nbsp; de gesti\u00f3n privada en el programa Precios Justos busca que los establecimientos que reciben una subvenci\u00f3n del estado para pagar lo sueldos de los docentes no puedan incrementar sus&nbsp;<strong>cuotas<\/strong>&nbsp;por encima del 16,8% en marzo. En tanto que en abril mayo y junio, el tope de aumento ser\u00eda de 3,35% sobre el valor de la cuota y de 4% en julio.<\/p>\n\n\n\n<p>Lo cierto es que en Mendoza los valores autorizados para actualizar los montos ya quedaron pautados en enero pasado a trav\u00e9s de la resoluci\u00f3n N\u00b0272 en la que se estableci\u00f3 la escala de equidad a partir de marzo de 2023. A partir de abril el objetivo entre las partes es \u00abanalizar la din\u00e1mica de actualizaci\u00f3n mensual en funci\u00f3n de los incrementos inflacionarios y salariales\u00bb, tal como lo explicaron desde la\u00a0<strong>DGE<\/strong>. Las asociaciones que firmaron el acuerdo y que ahora solicitaron al Gobierno mendocino que se haga cumplir tal y como qued\u00f3 estipulado el mes pasado, son el Consejo de Educaci\u00f3n Cat\u00f3lica de Mendoza (Consec) y la Asociaci\u00f3n de Colegios Privados de Mendoza (ACPM).\u00a0<\/p>\n\n\n\n<p><em>Fuente: MDZ<\/em><\/p>\n","protected":false},"excerpt":{"rendered":"<p>Luego del\u00a0anuncio\u00a0realizado por el ministro de Educaci\u00f3n de la Naci\u00f3n, Jaime\u00a0Jaime Perczyk en relaci\u00f3n al acuerdo logrado con las \u00e1reas de Econom\u00eda y Comercio a nivel nacional para que se incluya a las\u00a0escuelas privadas\u00a0del pa\u00eds al programa denominado Precios Justos -de manera de establecer un tope en al momento de incrementar los valores en las\u00a0cuotas\u00a0fue<a class=\"read-more\" href=\"https:\/\/elfederalmendoza.com.ar\/index.php\/2023\/02\/11\/en-medio-del-debate-las-escuelas-privadas-de-mendoza-ya-anuciaron-sus-aumentos\/\"> [&hellip;]<\/a><\/p>\n","protected":false},"author":2,"featured_media":20332,"comment_status":"open","ping_status":"open","sticky":false,"template":"","format":"standard","meta":{"footnotes":""},"categories":[1],"tags":[],"class_list":["post-20331","post","type-post","status-publish","format-standard","has-post-thumbnail","hentry","category-mza"],"rttpg_featured_image_url":{"full":["https:\/\/elfederalmendoza.com.ar\/wp-content\/uploads\/2023\/02\/WhatsApp-Image-2023-02-11-at-13.44.19.jpeg",1200,800,false],"landscape":["https:\/\/elfederalmendoza.com.ar\/wp-content\/uploads\/2023\/02\/WhatsApp-Image-2023-02-11-at-13.44.19.jpeg",1200,800,false],"portraits":["https:\/\/elfederalmendoza.com.ar\/wp-content\/uploads\/2023\/02\/WhatsApp-Image-2023-02-11-at-13.44.19.jpeg",1200,800,false],"thumbnail":["https:\/\/elfederalmendoza.com.ar\/wp-content\/uploads\/2023\/02\/WhatsApp-Image-2023-02-11-at-13.44.19-150x150.jpeg",150,150,true],"medium":["https:\/\/elfederalmendoza.com.ar\/wp-content\/uploads\/2023\/02\/WhatsApp-Image-2023-02-11-at-13.44.19-300x200.jpeg",300,200,true],"large":["https:\/\/elfederalmendoza.com.ar\/wp-content\/uploads\/2023\/02\/WhatsApp-Image-2023-02-11-at-13.44.19-1024x683.jpeg",640,427,true],"1536x1536":["https:\/\/elfederalmendoza.com.ar\/wp-content\/uploads\/2023\/02\/WhatsApp-Image-2023-02-11-at-13.44.19.jpeg",1200,800,false],"2048x2048":["https:\/\/elfederalmendoza.com.ar\/wp-content\/uploads\/2023\/02\/WhatsApp-Image-2023-02-11-at-13.44.19.jpeg",1200,800,false],"ultp_layout_landscape_large":["https:\/\/elfederalmendoza.com.ar\/wp-content\/uploads\/2023\/02\/WhatsApp-Image-2023-02-11-at-13.44.19-1200x800.jpeg",1200,800,true],"ultp_layout_landscape":["https:\/\/elfederalmendoza.com.ar\/wp-content\/uploads\/2023\/02\/WhatsApp-Image-2023-02-11-at-13.44.19-870x570.jpeg",870,570,true],"ultp_layout_portrait":["https:\/\/elfederalmendoza.com.ar\/wp-content\/uploads\/2023\/02\/WhatsApp-Image-2023-02-11-at-13.44.19-600x800.jpeg",600,800,true],"ultp_layout_square":["https:\/\/elfederalmendoza.com.ar\/wp-content\/uploads\/2023\/02\/WhatsApp-Image-2023-02-11-at-13.44.19-600x600.jpeg",600,600,true],"rpwe-thumbnail":["https:\/\/elfederalmendoza.com.ar\/wp-content\/uploads\/2023\/02\/WhatsApp-Image-2023-02-11-at-13.44.19-45x45.jpeg",45,45,true],"advps-thumb-one":["https:\/\/elfederalmendoza.com.ar\/wp-content\/uploads\/2023\/02\/WhatsApp-Image-2023-02-11-at-13.44.19-1200x420.jpeg",1200,420,true]},"rttpg_author":{"display_name":"Redacci\u00f3n El Federal","author_link":"https:\/\/elfederalmendoza.com.ar\/index.php\/author\/angelflores\/"},"rttpg_comment":0,"rttpg_category":"<a href=\"https:\/\/elfederalmendoza.com.ar\/index.php\/category\/mza\/\" rel=\"category tag\">Mendoza<\/a>","rttpg_excerpt":"Luego del\u00a0anuncio\u00a0realizado por el ministro de Educaci\u00f3n de la Naci\u00f3n, Jaime\u00a0Jaime Perczyk en relaci\u00f3n al acuerdo logrado con las \u00e1reas de Econom\u00eda y Comercio a nivel nacional para que se incluya a las\u00a0escuelas privadas\u00a0del pa\u00eds al programa denominado Precios Justos -de manera de establecer un tope en al momento de incrementar los valores en las\u00a0cuotas\u00a0fue&hellip;","_links":{"self":[{"href":"https:\/\/elfederalmendoza.com.ar\/index.php\/wp-json\/wp\/v2\/posts\/20331","targetHints":{"allow":["GET"]}}],"collection":[{"href":"https:\/\/elfederalmendoza.com.ar\/index.php\/wp-json\/wp\/v2\/posts"}],"about":[{"href":"https:\/\/elfederalmendoza.com.ar\/index.php\/wp-json\/wp\/v2\/types\/post"}],"author":[{"embeddable":true,"href":"https:\/\/elfederalmendoza.com.ar\/index.php\/wp-json\/wp\/v2\/users\/2"}],"replies":[{"embeddable":true,"href":"https:\/\/elfederalmendoza.com.ar\/index.php\/wp-json\/wp\/v2\/comments?post=20331"}],"version-history":[{"count":2,"href":"https:\/\/elfederalmendoza.com.ar\/index.php\/wp-json\/wp\/v2\/posts\/20331\/revisions"}],"predecessor-version":[{"id":20334,"href":"https:\/\/elfederalmendoza.com.ar\/index.php\/wp-json\/wp\/v2\/posts\/20331\/revisions\/20334"}],"wp:featuredmedia":[{"embeddable":true,"href":"https:\/\/elfederalmendoza.com.ar\/index.php\/wp-json\/wp\/v2\/media\/20332"}],"wp:attachment":[{"href":"https:\/\/elfederalmendoza.com.ar\/index.php\/wp-json\/wp\/v2\/media?parent=20331"}],"wp:term":[{"taxonomy":"category","embeddable":true,"href":"https:\/\/elfederalmendoza.com.ar\/index.php\/wp-json\/wp\/v2\/categories?post=20331"},{"taxonomy":"post_tag","embeddable":true,"href":"https:\/\/elfederalmendoza.com.ar\/index.php\/wp-json\/wp\/v2\/tags?post=20331"}],"curies":[{"name":"wp","href":"https:\/\/api.w.org\/{rel}","templated":true}]}}