{"id":20340,"date":"2023-02-13T08:49:00","date_gmt":"2023-02-13T11:49:00","guid":{"rendered":"https:\/\/elfederalmendoza.com\/?p=20340"},"modified":"2023-02-13T11:15:07","modified_gmt":"2023-02-13T14:15:07","slug":"el-oficialismo-impulsa-dos-temas-importantes-en-la-legislatura-mendocina-el-saneamiento-de-osep-y-nueve-perforaciones-en-cerro-amarillo","status":"publish","type":"post","link":"https:\/\/elfederalmendoza.com.ar\/index.php\/2023\/02\/13\/el-oficialismo-impulsa-dos-temas-importantes-en-la-legislatura-mendocina-el-saneamiento-de-osep-y-nueve-perforaciones-en-cerro-amarillo\/","title":{"rendered":"El oficialismo impulsa dos temas importantes en la Legislatura mendocina: el saneamiento de OSEP y estudios en Cerro Amarillo"},"content":{"rendered":"\n<p>El&nbsp;<mark>oficialismo<\/mark>&nbsp;apretar\u00e1 el acelerador esta semana en la&nbsp;<strong>Legislatura&nbsp;<\/strong>para avanzar con dos proyectos impulsados por el gobernador&nbsp;<strong>Rodolfo Suarez<\/strong>. Uno es el que busca sanear las cuentas de la&nbsp;<mark>Obra Social de Empleados P\u00fablicos (OSEP)<\/mark>, y el otro, el que propone activar la exploraci\u00f3n minera en&nbsp;<mark>Cerro Amarillo<\/mark>.<\/p>\n\n\n\n<p>En la primera semana fuerte de la Casa de las Leyes tras el receso de verano, se pondr\u00e1n sobre la mesa propuestas de importancia para el Gobierno, es por eso que los legisladores oficialistas buscar\u00e1n celeridad a la hora de tratarlos.<\/p>\n\n\n\n<p><mark>El martes comenzar\u00e1 el debate en comisiones&nbsp;<\/mark>de la iniciativa que crea un nuevo esquema de aportes para intentar hacerle frente al desequilibrio financiero que atraviesa OSEP. Su director,&nbsp;<strong>Carlos Funes<\/strong>, asistir\u00e1 a la reuni\u00f3n para explicar los detalles de la iniciativa y responder las consultas de los diputados.<\/p>\n\n\n\n<p>Para acelerar los tiempos, se tratar\u00e1 de manera conjunta en la\u00a0comisi\u00f3n de Hacienda, Presupuesto y Asuntos Tributarios, presidida por Jorge L\u00f3pez (UCR); y en la de\u00a0Salud P\u00fablica, conducida por Daniel Llaver (UCR).<\/p>\n\n\n\n<p>El Ejecutivo\u00a0apunta a resolver la crisis que atraviesa la obra social, con un\u00a0d\u00e9ficit de alrededor del 5 % en el \u00faltimo a\u00f1o.\u00a0<\/p>\n\n\n\n<p>Seg\u00fan argument\u00f3 el Gobierno, OSEP lleg\u00f3 a esta situaci\u00f3n por diversos factores, entre ellos, el incremento en el precio de los medicamentos, las diferencias porcentuales en los aportes personales de los afiliados activos en relaci\u00f3n al sistema nacional, la cobertura de enfermedades catastr\u00f3ficas, los insumos dolarizados, la falta de financiamiento para afiliados pasivos y la judicializaci\u00f3n de la salud.<\/p>\n\n\n\n<p>\u201c<mark>Desde hace m\u00e1s de una d\u00e9cada OSEP muestra d\u00e9ficits crecientes en su ejecuci\u00f3n presupuestaria<\/mark>, tendencia que se ha agravado y consolidado en los \u00faltimos a\u00f1os al punto de poner en riesgo la sustentabilidad misma del sistema prestacional solidario que la Obra Social legalmente constituye\u201d, indic\u00f3 el proyecto.<\/p>\n\n\n\n<figure class=\"wp-block-image size-full\"><img loading=\"lazy\" decoding=\"async\" width=\"800\" height=\"533\" src=\"https:\/\/elfederalmendoza.com\/wp-content\/uploads\/2023\/02\/image-12.png\" alt=\"\" class=\"wp-image-20341\" srcset=\"https:\/\/elfederalmendoza.com.ar\/wp-content\/uploads\/2023\/02\/image-12.png 800w, https:\/\/elfederalmendoza.com.ar\/wp-content\/uploads\/2023\/02\/image-12-300x200.png 300w, https:\/\/elfederalmendoza.com.ar\/wp-content\/uploads\/2023\/02\/image-12-768x512.png 768w\" sizes=\"auto, (max-width: 800px) 100vw, 800px\" \/><\/figure>\n\n\n\n<p>Suarez busca frenar ese d\u00e9ficit aumentando el aporte de los afiliados indirectos -esposa, esposo, hija, hijo, entre otros que dependen del afiliado directo-, y de la patronal -el Estado y los municipios-.<\/p>\n\n\n\n<p>La iniciativa establece tres tipos de aportes:<\/p>\n\n\n\n<ul class=\"wp-block-list\">\n<li>Titular con 1 indirecto a cargo, un aporte para el Fondo del 0,75%.<\/li>\n\n\n\n<li>Titular con 2 indirectos a cargo, un aporte para el Fondo del 1,50%.<\/li>\n\n\n\n<li>Titular con 3 o m\u00e1s indirectos a cargo, un aporte para el Fondo del 2,25%.<\/li>\n<\/ul>\n\n\n\n<p>El Ejecutivo pretende incrementar su aporte en unos 2.634 millones de pesos m\u00e1s por a\u00f1o, que sumado a lo que aportar\u00e1n los afiliados indirectos y los municipios, alcanzar\u00eda una suba de recursos de casi 6.000 millones de pesos.<\/p>\n\n\n\n<p>El peronismo puso en duda que esta sea la mejor manera de solucionar la crisis que atraviesa OSEP. \u201cNo creemos que con esto se resuelva la situaci\u00f3n compleja\u201c, dijo Germ\u00e1n G\u00f3mez, jefe del bloque de Diputados del FdT-PJ.<\/p>\n\n\n\n<p>El peronismo, a trav\u00e9s del senador&nbsp;<strong>Lucas Ilardo<\/strong>, pidi\u00f3 que se tenga en cuenta un proyecto que present\u00f3 el a\u00f1o pasado. Esta prev\u00e9 que los funcionarios pol\u00edticos y judiciales con salarios mayores a siete salarios m\u00ednimos vitales y m\u00f3viles aporten el 10% de sus sueldos&nbsp;a la obra social, y que los afilados que menos ganen aporten un 4%. As\u00ed, estima que podr\u00edan recaudar 500 millones de pesos m\u00e1s.<\/p>\n\n\n\n<p>En la C\u00e1mara Baja tambi\u00e9n tuvo el rechazo del Partido Verde, que tiene a un legislador,\u00a0<strong>Emanuel Fugazzotto<\/strong>, como \u00fanico integrante de la tercera fuerza. \u201cLa Provincia, los municipios, todas las familias de Mendoza, inclusive las que no pertenecen a OSEP,\u00a0van a ser quienes salven la fiesta que fundi\u00f3 la obra social\u201c, afirm\u00f3.<\/p>\n\n\n\n<h2 class=\"wp-block-heading\" id=\"h-cerro-amarillo\">Cerro Amarillo<\/h2>\n\n\n\n<p>Por otro lado, el oficialismo espera avanzar el lunes con el proyecto minero&nbsp;<strong>Cerro Amarillo<\/strong>&nbsp;en la reuni\u00f3n de labor parlamentaria para que incluirlo en los temas a&nbsp;<mark>debatir el martes en el recinto en busca de la media sanci\u00f3n del Senado<\/mark>.<\/p>\n\n\n\n<p>La normativa prev\u00e9 la\u00a0perforaci\u00f3n de nueve pozos\u00a0de no m\u00e1s de 400 metros de profundidad para poder determinar la presencia de\u00a0sulfuro de cobre\u00a0en el\u00a0yacimiento ubicado en Malarg\u00fce.\u00a0<\/p>\n\n\n\n<p>De aprobarse, ser\u00eda un gui\u00f1o para el departamento conducido por el radical<strong>&nbsp;Juan Manuel Ojeda<\/strong>, quien hace tiempo reclama la activaci\u00f3n de la miner\u00eda en la provincia.<\/p>\n\n\n\n<p>Cambia Mendoza tiene mayor\u00eda en la C\u00e1mara Alta, pero siempre dijo que quer\u00eda buscar el consenso con la oposici\u00f3n. El Frente de Todos a\u00fan no se expres\u00f3 sobre qu\u00e9 actitud tomar\u00e1 en el recinto, pero trascendi\u00f3 que los legisladores tendr\u00e1n libertad de acci\u00f3n a la hora de votar.<\/p>\n\n\n\n<p>El jueves de la semana pasada, en una reuni\u00f3n conjunta de las Comisiones de Ambiente, Cambio Clim\u00e1tico, Riesgo de Desastre, Asuntos Territoriales y Vivienda, y la de Hidrocarburos y Miner\u00eda, se firm\u00f3 el despacho favorable.<\/p>\n\n\n\n<p>La iniciativa comenz\u00f3 a ser tratada en comisiones en 2022, pero se opt\u00f3 por evitar un tratamiento r\u00e1pido y se pas\u00f3 para este a\u00f1o. En noviembre pasado, el director de Miner\u00eda, Roberto Zenobi, y la directora de Protecci\u00f3n Ambiental, Miriam Skalany, fueron a la Casa de las Leyes a defenderla de los embates peronistas y ambientalistas.<\/p>\n\n\n\n<p>La disputa es por la ratificaci\u00f3n de la&nbsp;<mark>Declaraci\u00f3n de Impacto Ambiental (DIA)<\/mark>, fundamental para habilitar la exploraci\u00f3n del lugar. Esta lleg\u00f3 a la Legislatura en 2014, pero fracas\u00f3 porque no estaba listo el Inventario de Glaciares del Instituto Argentino de Nivolog\u00eda, Glaciolog\u00eda y Ciencias Ambientales (Ianigla), que fue finalizado en 2018.<\/p>\n\n\n\n<p>La oposici\u00f3n puso en duda la vigencia de la DIA, lo que fue rebatido por el Gobierno. Skalany explic\u00f3 que reci\u00e9n estar\u00e1 operativa cuando sea aprobada por la Legislatura, y que a partir de ah\u00ed empezar\u00e1n a correr los tiempos legales.\u00a0<\/p>\n\n\n\n<p>El Ejecutivo tambi\u00e9n asegur\u00f3 que los pozos est\u00e1n fuera del \u00e1rea glacial y periglacial, y que el proyecto cumple con lo establecido en la denominada ley \u201cantiminera\u201d (7722), porque no se utilizan sustancias prohibidas.<\/p>\n\n\n\n<p>En tanto, ambientalistas platearon que las perforaciones se encontraban en zonas con presencia de glaciares. Al respecto, desde el oficialismo afirmaron que la campa\u00f1a de exploraci\u00f3n se realizar\u00e1 por debajo de los 3.150 metros, altura a la que se encuentran los glaciares.<\/p>\n\n\n\n<p><em>Fuente: El Sol<\/em><\/p>\n","protected":false},"excerpt":{"rendered":"<p>El&nbsp;oficialismo&nbsp;apretar\u00e1 el acelerador esta semana en la&nbsp;Legislatura&nbsp;para avanzar con dos proyectos impulsados por el gobernador&nbsp;Rodolfo Suarez. Uno es el que busca sanear las cuentas de la&nbsp;Obra Social de Empleados P\u00fablicos (OSEP), y el otro, el que propone activar la exploraci\u00f3n minera en&nbsp;Cerro Amarillo. En la primera semana fuerte de la Casa de las Leyes tras<a class=\"read-more\" href=\"https:\/\/elfederalmendoza.com.ar\/index.php\/2023\/02\/13\/el-oficialismo-impulsa-dos-temas-importantes-en-la-legislatura-mendocina-el-saneamiento-de-osep-y-nueve-perforaciones-en-cerro-amarillo\/\"> [&hellip;]<\/a><\/p>\n","protected":false},"author":2,"featured_media":20342,"comment_status":"open","ping_status":"open","sticky":false,"template":"","format":"standard","meta":{"footnotes":""},"categories":[1],"tags":[],"class_list":["post-20340","post","type-post","status-publish","format-standard","has-post-thumbnail","hentry","category-mza"],"rttpg_featured_image_url":{"full":["https:\/\/elfederalmendoza.com.ar\/wp-content\/uploads\/2023\/02\/63701d4c951b4_890x533.webp",890,533,false],"landscape":["https:\/\/elfederalmendoza.com.ar\/wp-content\/uploads\/2023\/02\/63701d4c951b4_890x533.webp",890,533,false],"portraits":["https:\/\/elfederalmendoza.com.ar\/wp-content\/uploads\/2023\/02\/63701d4c951b4_890x533.webp",890,533,false],"thumbnail":["https:\/\/elfederalmendoza.com.ar\/wp-content\/uploads\/2023\/02\/63701d4c951b4_890x533-150x150.webp",150,150,true],"medium":["https:\/\/elfederalmendoza.com.ar\/wp-content\/uploads\/2023\/02\/63701d4c951b4_890x533-300x180.webp",300,180,true],"large":["https:\/\/elfederalmendoza.com.ar\/wp-content\/uploads\/2023\/02\/63701d4c951b4_890x533.webp",640,383,false],"1536x1536":["https:\/\/elfederalmendoza.com.ar\/wp-content\/uploads\/2023\/02\/63701d4c951b4_890x533.webp",890,533,false],"2048x2048":["https:\/\/elfederalmendoza.com.ar\/wp-content\/uploads\/2023\/02\/63701d4c951b4_890x533.webp",890,533,false],"ultp_layout_landscape_large":["https:\/\/elfederalmendoza.com.ar\/wp-content\/uploads\/2023\/02\/63701d4c951b4_890x533.webp",890,533,false],"ultp_layout_landscape":["https:\/\/elfederalmendoza.com.ar\/wp-content\/uploads\/2023\/02\/63701d4c951b4_890x533-870x533.webp",870,533,true],"ultp_layout_portrait":["https:\/\/elfederalmendoza.com.ar\/wp-content\/uploads\/2023\/02\/63701d4c951b4_890x533-600x533.webp",600,533,true],"ultp_layout_square":["https:\/\/elfederalmendoza.com.ar\/wp-content\/uploads\/2023\/02\/63701d4c951b4_890x533-600x533.webp",600,533,true],"rpwe-thumbnail":["https:\/\/elfederalmendoza.com.ar\/wp-content\/uploads\/2023\/02\/63701d4c951b4_890x533-45x45.webp",45,45,true],"advps-thumb-one":["https:\/\/elfederalmendoza.com.ar\/wp-content\/uploads\/2023\/02\/63701d4c951b4_890x533-890x420.webp",890,420,true]},"rttpg_author":{"display_name":"Redacci\u00f3n El Federal","author_link":"https:\/\/elfederalmendoza.com.ar\/index.php\/author\/angelflores\/"},"rttpg_comment":0,"rttpg_category":"<a href=\"https:\/\/elfederalmendoza.com.ar\/index.php\/category\/mza\/\" rel=\"category tag\">Mendoza<\/a>","rttpg_excerpt":"El&nbsp;oficialismo&nbsp;apretar\u00e1 el acelerador esta semana en la&nbsp;Legislatura&nbsp;para avanzar con dos proyectos impulsados por el gobernador&nbsp;Rodolfo Suarez. Uno es el que busca sanear las cuentas de la&nbsp;Obra Social de Empleados P\u00fablicos (OSEP), y el otro, el que propone activar la exploraci\u00f3n minera en&nbsp;Cerro Amarillo. En la primera semana fuerte de la Casa de las Leyes tras&hellip;","_links":{"self":[{"href":"https:\/\/elfederalmendoza.com.ar\/index.php\/wp-json\/wp\/v2\/posts\/20340","targetHints":{"allow":["GET"]}}],"collection":[{"href":"https:\/\/elfederalmendoza.com.ar\/index.php\/wp-json\/wp\/v2\/posts"}],"about":[{"href":"https:\/\/elfederalmendoza.com.ar\/index.php\/wp-json\/wp\/v2\/types\/post"}],"author":[{"embeddable":true,"href":"https:\/\/elfederalmendoza.com.ar\/index.php\/wp-json\/wp\/v2\/users\/2"}],"replies":[{"embeddable":true,"href":"https:\/\/elfederalmendoza.com.ar\/index.php\/wp-json\/wp\/v2\/comments?post=20340"}],"version-history":[{"count":2,"href":"https:\/\/elfederalmendoza.com.ar\/index.php\/wp-json\/wp\/v2\/posts\/20340\/revisions"}],"predecessor-version":[{"id":20345,"href":"https:\/\/elfederalmendoza.com.ar\/index.php\/wp-json\/wp\/v2\/posts\/20340\/revisions\/20345"}],"wp:featuredmedia":[{"embeddable":true,"href":"https:\/\/elfederalmendoza.com.ar\/index.php\/wp-json\/wp\/v2\/media\/20342"}],"wp:attachment":[{"href":"https:\/\/elfederalmendoza.com.ar\/index.php\/wp-json\/wp\/v2\/media?parent=20340"}],"wp:term":[{"taxonomy":"category","embeddable":true,"href":"https:\/\/elfederalmendoza.com.ar\/index.php\/wp-json\/wp\/v2\/categories?post=20340"},{"taxonomy":"post_tag","embeddable":true,"href":"https:\/\/elfederalmendoza.com.ar\/index.php\/wp-json\/wp\/v2\/tags?post=20340"}],"curies":[{"name":"wp","href":"https:\/\/api.w.org\/{rel}","templated":true}]}}